{"id":124,"date":"2015-03-26T22:39:21","date_gmt":"2015-03-26T21:39:21","guid":{"rendered":"http:\/\/proholzlandwald.dev\/?p=124"},"modified":"2019-04-30T21:26:54","modified_gmt":"2019-04-30T19:26:54","slug":"demonstration-vor-dem-thueringer-landtag","status":"publish","type":"post","link":"https:\/\/www.proholzlandwald.de\/bi\/demonstration-vor-dem-thueringer-landtag\/","title":{"rendered":"Demonstration vor dem Th\u00fcringer Landtag"},"content":{"rendered":"<p><strong>26. M\u00e4rz<br \/>\n5. Demo: Eine Abordnung der B\u00fcrgerinitiative demonstriert vor dem Th\u00fcringer Landtag<\/strong><\/p>\n<p>Gespr\u00e4che mit Abgeordneten, den wir unser Anliegen deutlich machten.<br \/>\nIn der am Nachmittag stattgefundenen Debatte um den Ausbau der Windenergie und Abstandsregelungen nahm nahezu jeder Redner Bezug auf <strong>&#8220;die Tautenhainer&#8221;<\/strong><\/p>\n<p><a href=\"http:\/\/eisenberg.otz.de\/web\/eisenberg\/startseite\/detail\/-\/specific\/Windkraft-Gegner-aus-Tautenhain-vor-dem-Thueringer-Landtag-571487516\" target=\"_blank\" rel=\"noopener noreferrer\">OTZ-Berichtet hier<\/a><\/p>\n\n<style type=\"text\/css\" data-created_by=\"avia_inline_auto\" id=\"style-css-av-7mi1g-a78c671bccdf92a4bac6aa2f065f0b71\">\n#top .avia-gallery.av-7mi1g-a78c671bccdf92a4bac6aa2f065f0b71 .avia-gallery-thumb a{\nwidth:20%;\n}\n<\/style>\n<div  class='avia-gallery av-7mi1g-a78c671bccdf92a4bac6aa2f065f0b71 avia_animate_when_visible  avia-builder-el-0  avia-builder-el-no-sibling  avia_lazyload av-slideshow-ui av-loop-manual-endless av-control-hidden av-navigate-arrows av-navigate-dots hover-effect av-control-hidden avia-gallery-animate avia-gallery-1'  itemprop=\"image\" itemscope=\"itemscope\" itemtype=\"https:\/\/schema.org\/ImageObject\" ><meta itemprop=\"contentURL\" content=\"https:\/\/www.proholzlandwald.de\/bi\/demonstration-vor-dem-thueringer-landtag\/\"><a class='avia-gallery-big fakeLightbox lightbox avia-gallery-big-crop-thumb ' href=\"https:\/\/www.proholzlandwald.de\/bi\/wp-content\/uploads\/2016\/02\/erf1.jpg\" data-srcset=\"https:\/\/www.proholzlandwald.de\/bi\/wp-content\/uploads\/2016\/02\/erf1.jpg 800w, https:\/\/www.proholzlandwald.de\/bi\/wp-content\/uploads\/2016\/02\/erf1-300x200.jpg 300w, https:\/\/www.proholzlandwald.de\/bi\/wp-content\/uploads\/2016\/02\/erf1-768x512.jpg 768w, https:\/\/www.proholzlandwald.de\/bi\/wp-content\/uploads\/2016\/02\/erf1-705x470.jpg 705w, https:\/\/www.proholzlandwald.de\/bi\/wp-content\/uploads\/2016\/02\/erf1-450x300.jpg 450w\" data-sizes=\"(max-width: 800px) 100vw, 800px\"  data-onclick='1' title='erf1' ><span class='avia-gallery-big-inner'  itemprop=\"thumbnailUrl\" ><img decoding=\"async\" fetchpriority=\"high\" class=\"wp-image-125 avia-img-lazy-loading-not-125\"  width=\"495\" height=\"400\" src=\"https:\/\/www.proholzlandwald.de\/bi\/wp-content\/uploads\/2016\/02\/erf1-495x400.jpg\" title='erf1' alt='' \/><\/span><\/a><div class='avia-gallery-thumb'><a href=\"https:\/\/www.proholzlandwald.de\/bi\/wp-content\/uploads\/2016\/02\/erf1.jpg\" data-srcset=\"https:\/\/www.proholzlandwald.de\/bi\/wp-content\/uploads\/2016\/02\/erf1.jpg 800w, https:\/\/www.proholzlandwald.de\/bi\/wp-content\/uploads\/2016\/02\/erf1-300x200.jpg 300w, https:\/\/www.proholzlandwald.de\/bi\/wp-content\/uploads\/2016\/02\/erf1-768x512.jpg 768w, https:\/\/www.proholzlandwald.de\/bi\/wp-content\/uploads\/2016\/02\/erf1-705x470.jpg 705w, https:\/\/www.proholzlandwald.de\/bi\/wp-content\/uploads\/2016\/02\/erf1-450x300.jpg 450w\" data-sizes=\"(max-width: 800px) 100vw, 800px\" data-rel='gallery-1' data-prev-img='https:\/\/www.proholzlandwald.de\/bi\/wp-content\/uploads\/2016\/02\/erf1-495x400.jpg' class='first_thumb lightbox ' data-onclick='1' title='erf1'  itemprop=\"thumbnailUrl\"  ><img decoding=\"async\" fetchpriority=\"high\" class=\"wp-image-125 avia-img-lazy-loading-not-125\"   src=\"https:\/\/www.proholzlandwald.de\/bi\/wp-content\/uploads\/2016\/02\/erf1-495x400.jpg\" width=\"495\" height=\"400\"  title='erf1' alt='' \/><div class='big-prev-fake'><img decoding=\"async\" loading=\"lazy\" class=\"wp-image-125 avia-img-lazy-loading-125\"  width=\"495\" height=\"400\" src=\"https:\/\/www.proholzlandwald.de\/bi\/wp-content\/uploads\/2016\/02\/erf1-495x400.jpg\" title='erf1' alt='' \/><\/div><\/a><a href=\"https:\/\/www.proholzlandwald.de\/bi\/wp-content\/uploads\/2016\/02\/erf2.jpg\" data-srcset=\"https:\/\/www.proholzlandwald.de\/bi\/wp-content\/uploads\/2016\/02\/erf2.jpg 800w, https:\/\/www.proholzlandwald.de\/bi\/wp-content\/uploads\/2016\/02\/erf2-300x200.jpg 300w, https:\/\/www.proholzlandwald.de\/bi\/wp-content\/uploads\/2016\/02\/erf2-768x512.jpg 768w, https:\/\/www.proholzlandwald.de\/bi\/wp-content\/uploads\/2016\/02\/erf2-705x470.jpg 705w, https:\/\/www.proholzlandwald.de\/bi\/wp-content\/uploads\/2016\/02\/erf2-450x300.jpg 450w\" data-sizes=\"(max-width: 800px) 100vw, 800px\" data-rel='gallery-1' data-prev-img='https:\/\/www.proholzlandwald.de\/bi\/wp-content\/uploads\/2016\/02\/erf2-495x400.jpg' class='lightbox ' data-onclick='2' title='erf2'  itemprop=\"thumbnailUrl\"  ><img decoding=\"async\" fetchpriority=\"high\" class=\"wp-image-126 avia-img-lazy-loading-not-126\"   src=\"https:\/\/www.proholzlandwald.de\/bi\/wp-content\/uploads\/2016\/02\/erf2-495x400.jpg\" width=\"495\" height=\"400\"  title='erf2' alt='' \/><div class='big-prev-fake'><img decoding=\"async\" loading=\"lazy\" class=\"wp-image-126 avia-img-lazy-loading-126\"  width=\"495\" height=\"400\" src=\"https:\/\/www.proholzlandwald.de\/bi\/wp-content\/uploads\/2016\/02\/erf2-495x400.jpg\" title='erf2' alt='' \/><\/div><\/a><a href=\"https:\/\/www.proholzlandwald.de\/bi\/wp-content\/uploads\/2016\/02\/erf3.jpg\" data-srcset=\"https:\/\/www.proholzlandwald.de\/bi\/wp-content\/uploads\/2016\/02\/erf3.jpg 800w, https:\/\/www.proholzlandwald.de\/bi\/wp-content\/uploads\/2016\/02\/erf3-300x200.jpg 300w, https:\/\/www.proholzlandwald.de\/bi\/wp-content\/uploads\/2016\/02\/erf3-768x512.jpg 768w, https:\/\/www.proholzlandwald.de\/bi\/wp-content\/uploads\/2016\/02\/erf3-705x470.jpg 705w, https:\/\/www.proholzlandwald.de\/bi\/wp-content\/uploads\/2016\/02\/erf3-450x300.jpg 450w\" data-sizes=\"(max-width: 800px) 100vw, 800px\" data-rel='gallery-1' data-prev-img='https:\/\/www.proholzlandwald.de\/bi\/wp-content\/uploads\/2016\/02\/erf3-495x400.jpg' class='lightbox ' data-onclick='3' title='erf3'  itemprop=\"thumbnailUrl\"  ><img decoding=\"async\" fetchpriority=\"high\" class=\"wp-image-127 avia-img-lazy-loading-not-127\"   src=\"https:\/\/www.proholzlandwald.de\/bi\/wp-content\/uploads\/2016\/02\/erf3-495x400.jpg\" width=\"495\" height=\"400\"  title='erf3' alt='' \/><div class='big-prev-fake'><img decoding=\"async\" loading=\"lazy\" class=\"wp-image-127 avia-img-lazy-loading-127\"  width=\"495\" height=\"400\" src=\"https:\/\/www.proholzlandwald.de\/bi\/wp-content\/uploads\/2016\/02\/erf3-495x400.jpg\" title='erf3' alt='' \/><\/div><\/a><a href=\"https:\/\/www.proholzlandwald.de\/bi\/wp-content\/uploads\/2016\/02\/erf4.jpg\" data-srcset=\"https:\/\/www.proholzlandwald.de\/bi\/wp-content\/uploads\/2016\/02\/erf4.jpg 800w, https:\/\/www.proholzlandwald.de\/bi\/wp-content\/uploads\/2016\/02\/erf4-300x200.jpg 300w, https:\/\/www.proholzlandwald.de\/bi\/wp-content\/uploads\/2016\/02\/erf4-768x512.jpg 768w, https:\/\/www.proholzlandwald.de\/bi\/wp-content\/uploads\/2016\/02\/erf4-705x470.jpg 705w, https:\/\/www.proholzlandwald.de\/bi\/wp-content\/uploads\/2016\/02\/erf4-450x300.jpg 450w\" data-sizes=\"(max-width: 800px) 100vw, 800px\" data-rel='gallery-1' data-prev-img='https:\/\/www.proholzlandwald.de\/bi\/wp-content\/uploads\/2016\/02\/erf4-495x400.jpg' class='lightbox ' data-onclick='4' title='erf4'  itemprop=\"thumbnailUrl\"  ><img decoding=\"async\" fetchpriority=\"high\" class=\"wp-image-128 avia-img-lazy-loading-not-128\"   src=\"https:\/\/www.proholzlandwald.de\/bi\/wp-content\/uploads\/2016\/02\/erf4-495x400.jpg\" width=\"495\" height=\"400\"  title='erf4' alt='' \/><div class='big-prev-fake'><img decoding=\"async\" loading=\"lazy\" class=\"wp-image-128 avia-img-lazy-loading-128\"  width=\"495\" height=\"400\" src=\"https:\/\/www.proholzlandwald.de\/bi\/wp-content\/uploads\/2016\/02\/erf4-495x400.jpg\" title='erf4' alt='' \/><\/div><\/a><a href=\"https:\/\/www.proholzlandwald.de\/bi\/wp-content\/uploads\/2016\/02\/erf5.jpg\" data-srcset=\"https:\/\/www.proholzlandwald.de\/bi\/wp-content\/uploads\/2016\/02\/erf5.jpg 800w, https:\/\/www.proholzlandwald.de\/bi\/wp-content\/uploads\/2016\/02\/erf5-300x200.jpg 300w, https:\/\/www.proholzlandwald.de\/bi\/wp-content\/uploads\/2016\/02\/erf5-768x512.jpg 768w, https:\/\/www.proholzlandwald.de\/bi\/wp-content\/uploads\/2016\/02\/erf5-705x470.jpg 705w, https:\/\/www.proholzlandwald.de\/bi\/wp-content\/uploads\/2016\/02\/erf5-450x300.jpg 450w\" data-sizes=\"(max-width: 800px) 100vw, 800px\" data-rel='gallery-1' data-prev-img='https:\/\/www.proholzlandwald.de\/bi\/wp-content\/uploads\/2016\/02\/erf5-495x400.jpg' class='lightbox ' data-onclick='5' title='erf5'  itemprop=\"thumbnailUrl\"  ><img decoding=\"async\" fetchpriority=\"high\" class=\"wp-image-129 avia-img-lazy-loading-not-129\"   src=\"https:\/\/www.proholzlandwald.de\/bi\/wp-content\/uploads\/2016\/02\/erf5-495x400.jpg\" width=\"495\" height=\"400\"  title='erf5' alt='' \/><div class='big-prev-fake'><img decoding=\"async\" loading=\"lazy\" class=\"wp-image-129 avia-img-lazy-loading-129\"  width=\"495\" height=\"400\" src=\"https:\/\/www.proholzlandwald.de\/bi\/wp-content\/uploads\/2016\/02\/erf5-495x400.jpg\" title='erf5' alt='' \/><\/div><\/a><a href=\"https:\/\/www.proholzlandwald.de\/bi\/wp-content\/uploads\/2016\/02\/erf6.jpg\" data-srcset=\"https:\/\/www.proholzlandwald.de\/bi\/wp-content\/uploads\/2016\/02\/erf6.jpg 800w, https:\/\/www.proholzlandwald.de\/bi\/wp-content\/uploads\/2016\/02\/erf6-300x200.jpg 300w, https:\/\/www.proholzlandwald.de\/bi\/wp-content\/uploads\/2016\/02\/erf6-768x512.jpg 768w, https:\/\/www.proholzlandwald.de\/bi\/wp-content\/uploads\/2016\/02\/erf6-705x470.jpg 705w, https:\/\/www.proholzlandwald.de\/bi\/wp-content\/uploads\/2016\/02\/erf6-450x300.jpg 450w\" data-sizes=\"(max-width: 800px) 100vw, 800px\" data-rel='gallery-1' data-prev-img='https:\/\/www.proholzlandwald.de\/bi\/wp-content\/uploads\/2016\/02\/erf6-495x400.jpg' class='first_thumb lightbox ' data-onclick='6' title='erf6'  itemprop=\"thumbnailUrl\"  ><img decoding=\"async\" fetchpriority=\"high\" class=\"wp-image-130 avia-img-lazy-loading-not-130\"   src=\"https:\/\/www.proholzlandwald.de\/bi\/wp-content\/uploads\/2016\/02\/erf6-495x400.jpg\" width=\"495\" height=\"400\"  title='erf6' alt='' \/><div class='big-prev-fake'><img decoding=\"async\" loading=\"lazy\" class=\"wp-image-130 avia-img-lazy-loading-130\"  width=\"495\" height=\"400\" src=\"https:\/\/www.proholzlandwald.de\/bi\/wp-content\/uploads\/2016\/02\/erf6-495x400.jpg\" title='erf6' alt='' \/><\/div><\/a><a href=\"https:\/\/www.proholzlandwald.de\/bi\/wp-content\/uploads\/2016\/02\/erf8.jpg\" data-srcset=\"https:\/\/www.proholzlandwald.de\/bi\/wp-content\/uploads\/2016\/02\/erf8.jpg 800w, https:\/\/www.proholzlandwald.de\/bi\/wp-content\/uploads\/2016\/02\/erf8-300x200.jpg 300w, https:\/\/www.proholzlandwald.de\/bi\/wp-content\/uploads\/2016\/02\/erf8-768x512.jpg 768w, https:\/\/www.proholzlandwald.de\/bi\/wp-content\/uploads\/2016\/02\/erf8-705x470.jpg 705w, https:\/\/www.proholzlandwald.de\/bi\/wp-content\/uploads\/2016\/02\/erf8-450x300.jpg 450w\" data-sizes=\"(max-width: 800px) 100vw, 800px\" data-rel='gallery-1' data-prev-img='https:\/\/www.proholzlandwald.de\/bi\/wp-content\/uploads\/2016\/02\/erf8-495x400.jpg' class='lightbox ' data-onclick='7' title='erf8'  itemprop=\"thumbnailUrl\"  ><img decoding=\"async\" fetchpriority=\"high\" class=\"wp-image-131 avia-img-lazy-loading-not-131\"   src=\"https:\/\/www.proholzlandwald.de\/bi\/wp-content\/uploads\/2016\/02\/erf8-495x400.jpg\" width=\"495\" height=\"400\"  title='erf8' alt='' \/><div class='big-prev-fake'><img decoding=\"async\" loading=\"lazy\" class=\"wp-image-131 avia-img-lazy-loading-131\"  width=\"495\" height=\"400\" src=\"https:\/\/www.proholzlandwald.de\/bi\/wp-content\/uploads\/2016\/02\/erf8-495x400.jpg\" title='erf8' alt='' \/><\/div><\/a><\/div><\/div>\n","protected":false},"excerpt":{"rendered":"<p>26. M\u00e4rz 5. Demo: Eine Abordnung der B\u00fcrgerinitiative demonstriert vor dem Th\u00fcringer Landtag Gespr\u00e4che mit Abgeordneten, den wir unser Anliegen deutlich machten. In der am Nachmittag stattgefundenen Debatte um den Ausbau der Windenergie und Abstandsregelungen nahm nahezu jeder Redner Bezug auf &#8220;die Tautenhainer&#8221; OTZ-Berichtet hier<\/p>\n","protected":false},"author":1,"featured_media":128,"comment_status":"open","ping_status":"open","sticky":false,"template":"","format":"standard","meta":{"footnotes":""},"categories":[8,11],"tags":[4,9,23,22,10,5],"yoast_head":"<!-- This site is optimized with the Yoast SEO plugin v22.3 - https:\/\/yoast.com\/wordpress\/plugins\/seo\/ -->\n<title>Demonstration vor dem Th\u00fcringer Landtag - ProHolzlandwald.de<\/title>\n<meta name=\"robots\" content=\"index, follow, max-snippet:-1, max-image-preview:large, max-video-preview:-1\" \/>\n<link rel=\"canonical\" href=\"https:\/\/www.proholzlandwald.de\/bi\/demonstration-vor-dem-thueringer-landtag\/\" \/>\n<meta property=\"og:locale\" content=\"de_DE\" \/>\n<meta property=\"og:type\" content=\"article\" \/>\n<meta property=\"og:title\" content=\"Demonstration vor dem Th\u00fcringer Landtag - ProHolzlandwald.de\" \/>\n<meta property=\"og:description\" content=\"26. M\u00e4rz 5. Demo: Eine Abordnung der B\u00fcrgerinitiative demonstriert vor dem Th\u00fcringer Landtag Gespr\u00e4che mit Abgeordneten, den wir unser Anliegen deutlich machten. In der am Nachmittag stattgefundenen Debatte um den Ausbau der Windenergie und Abstandsregelungen nahm nahezu jeder Redner Bezug auf &#8220;die Tautenhainer&#8221; OTZ-Berichtet hier\" \/>\n<meta property=\"og:url\" content=\"https:\/\/www.proholzlandwald.de\/bi\/demonstration-vor-dem-thueringer-landtag\/\" \/>\n<meta property=\"og:site_name\" content=\"ProHolzlandwald.de\" \/>\n<meta property=\"article:published_time\" content=\"2015-03-26T21:39:21+00:00\" \/>\n<meta property=\"article:modified_time\" content=\"2019-04-30T19:26:54+00:00\" \/>\n<meta property=\"og:image\" content=\"https:\/\/www.proholzlandwald.de\/bi\/wp-content\/uploads\/2016\/02\/erf4.jpg\" \/>\n\t<meta property=\"og:image:width\" content=\"800\" \/>\n\t<meta property=\"og:image:height\" content=\"533\" \/>\n\t<meta property=\"og:image:type\" content=\"image\/jpeg\" \/>\n<meta name=\"author\" content=\"admin\" \/>\n<meta name=\"twitter:card\" content=\"summary_large_image\" \/>\n<meta name=\"twitter:label1\" content=\"Verfasst von\" \/>\n\t<meta name=\"twitter:data1\" content=\"admin\" \/>\n<script type=\"application\/ld+json\" class=\"yoast-schema-graph\">{\"@context\":\"https:\/\/schema.org\",\"@graph\":[{\"@type\":\"WebPage\",\"@id\":\"https:\/\/www.proholzlandwald.de\/bi\/demonstration-vor-dem-thueringer-landtag\/\",\"url\":\"https:\/\/www.proholzlandwald.de\/bi\/demonstration-vor-dem-thueringer-landtag\/\",\"name\":\"Demonstration vor dem Th\u00fcringer Landtag - ProHolzlandwald.de\",\"isPartOf\":{\"@id\":\"https:\/\/www.proholzlandwald.de\/bi\/#website\"},\"primaryImageOfPage\":{\"@id\":\"https:\/\/www.proholzlandwald.de\/bi\/demonstration-vor-dem-thueringer-landtag\/#primaryimage\"},\"image\":{\"@id\":\"https:\/\/www.proholzlandwald.de\/bi\/demonstration-vor-dem-thueringer-landtag\/#primaryimage\"},\"thumbnailUrl\":\"https:\/\/www.proholzlandwald.de\/bi\/wp-content\/uploads\/2016\/02\/erf4.jpg\",\"datePublished\":\"2015-03-26T21:39:21+00:00\",\"dateModified\":\"2019-04-30T19:26:54+00:00\",\"author\":{\"@id\":\"https:\/\/www.proholzlandwald.de\/bi\/#\/schema\/person\/e78e481a473a9189188bc2141b1c09d6\"},\"breadcrumb\":{\"@id\":\"https:\/\/www.proholzlandwald.de\/bi\/demonstration-vor-dem-thueringer-landtag\/#breadcrumb\"},\"inLanguage\":\"de\",\"potentialAction\":[{\"@type\":\"ReadAction\",\"target\":[\"https:\/\/www.proholzlandwald.de\/bi\/demonstration-vor-dem-thueringer-landtag\/\"]}]},{\"@type\":\"ImageObject\",\"inLanguage\":\"de\",\"@id\":\"https:\/\/www.proholzlandwald.de\/bi\/demonstration-vor-dem-thueringer-landtag\/#primaryimage\",\"url\":\"https:\/\/www.proholzlandwald.de\/bi\/wp-content\/uploads\/2016\/02\/erf4.jpg\",\"contentUrl\":\"https:\/\/www.proholzlandwald.de\/bi\/wp-content\/uploads\/2016\/02\/erf4.jpg\",\"width\":800,\"height\":533},{\"@type\":\"BreadcrumbList\",\"@id\":\"https:\/\/www.proholzlandwald.de\/bi\/demonstration-vor-dem-thueringer-landtag\/#breadcrumb\",\"itemListElement\":[{\"@type\":\"ListItem\",\"position\":1,\"name\":\"Startseite\",\"item\":\"https:\/\/www.proholzlandwald.de\/bi\/startseite-2\/\"},{\"@type\":\"ListItem\",\"position\":2,\"name\":\"Demonstration vor dem Th\u00fcringer Landtag\"}]},{\"@type\":\"WebSite\",\"@id\":\"https:\/\/www.proholzlandwald.de\/bi\/#website\",\"url\":\"https:\/\/www.proholzlandwald.de\/bi\/\",\"name\":\"ProHolzlandwald.de\",\"description\":\"B\u00fcrgerinitiative ProHolzlandwald\",\"potentialAction\":[{\"@type\":\"SearchAction\",\"target\":{\"@type\":\"EntryPoint\",\"urlTemplate\":\"https:\/\/www.proholzlandwald.de\/bi\/?s={search_term_string}\"},\"query-input\":\"required name=search_term_string\"}],\"inLanguage\":\"de\"},{\"@type\":\"Person\",\"@id\":\"https:\/\/www.proholzlandwald.de\/bi\/#\/schema\/person\/e78e481a473a9189188bc2141b1c09d6\",\"name\":\"admin\",\"url\":\"https:\/\/www.proholzlandwald.de\/bi\/author\/admin\/\"}]}<\/script>\n<!-- \/ Yoast SEO plugin. -->","yoast_head_json":{"title":"Demonstration vor dem Th\u00fcringer Landtag - ProHolzlandwald.de","robots":{"index":"index","follow":"follow","max-snippet":"max-snippet:-1","max-image-preview":"max-image-preview:large","max-video-preview":"max-video-preview:-1"},"canonical":"https:\/\/www.proholzlandwald.de\/bi\/demonstration-vor-dem-thueringer-landtag\/","og_locale":"de_DE","og_type":"article","og_title":"Demonstration vor dem Th\u00fcringer Landtag - ProHolzlandwald.de","og_description":"26. M\u00e4rz 5. Demo: Eine Abordnung der B\u00fcrgerinitiative demonstriert vor dem Th\u00fcringer Landtag Gespr\u00e4che mit Abgeordneten, den wir unser Anliegen deutlich machten. In der am Nachmittag stattgefundenen Debatte um den Ausbau der Windenergie und Abstandsregelungen nahm nahezu jeder Redner Bezug auf &#8220;die Tautenhainer&#8221; OTZ-Berichtet hier","og_url":"https:\/\/www.proholzlandwald.de\/bi\/demonstration-vor-dem-thueringer-landtag\/","og_site_name":"ProHolzlandwald.de","article_published_time":"2015-03-26T21:39:21+00:00","article_modified_time":"2019-04-30T19:26:54+00:00","og_image":[{"width":800,"height":533,"url":"https:\/\/www.proholzlandwald.de\/bi\/wp-content\/uploads\/2016\/02\/erf4.jpg","type":"image\/jpeg"}],"author":"admin","twitter_card":"summary_large_image","twitter_misc":{"Verfasst von":"admin"},"schema":{"@context":"https:\/\/schema.org","@graph":[{"@type":"WebPage","@id":"https:\/\/www.proholzlandwald.de\/bi\/demonstration-vor-dem-thueringer-landtag\/","url":"https:\/\/www.proholzlandwald.de\/bi\/demonstration-vor-dem-thueringer-landtag\/","name":"Demonstration vor dem Th\u00fcringer Landtag - ProHolzlandwald.de","isPartOf":{"@id":"https:\/\/www.proholzlandwald.de\/bi\/#website"},"primaryImageOfPage":{"@id":"https:\/\/www.proholzlandwald.de\/bi\/demonstration-vor-dem-thueringer-landtag\/#primaryimage"},"image":{"@id":"https:\/\/www.proholzlandwald.de\/bi\/demonstration-vor-dem-thueringer-landtag\/#primaryimage"},"thumbnailUrl":"https:\/\/www.proholzlandwald.de\/bi\/wp-content\/uploads\/2016\/02\/erf4.jpg","datePublished":"2015-03-26T21:39:21+00:00","dateModified":"2019-04-30T19:26:54+00:00","author":{"@id":"https:\/\/www.proholzlandwald.de\/bi\/#\/schema\/person\/e78e481a473a9189188bc2141b1c09d6"},"breadcrumb":{"@id":"https:\/\/www.proholzlandwald.de\/bi\/demonstration-vor-dem-thueringer-landtag\/#breadcrumb"},"inLanguage":"de","potentialAction":[{"@type":"ReadAction","target":["https:\/\/www.proholzlandwald.de\/bi\/demonstration-vor-dem-thueringer-landtag\/"]}]},{"@type":"ImageObject","inLanguage":"de","@id":"https:\/\/www.proholzlandwald.de\/bi\/demonstration-vor-dem-thueringer-landtag\/#primaryimage","url":"https:\/\/www.proholzlandwald.de\/bi\/wp-content\/uploads\/2016\/02\/erf4.jpg","contentUrl":"https:\/\/www.proholzlandwald.de\/bi\/wp-content\/uploads\/2016\/02\/erf4.jpg","width":800,"height":533},{"@type":"BreadcrumbList","@id":"https:\/\/www.proholzlandwald.de\/bi\/demonstration-vor-dem-thueringer-landtag\/#breadcrumb","itemListElement":[{"@type":"ListItem","position":1,"name":"Startseite","item":"https:\/\/www.proholzlandwald.de\/bi\/startseite-2\/"},{"@type":"ListItem","position":2,"name":"Demonstration vor dem Th\u00fcringer Landtag"}]},{"@type":"WebSite","@id":"https:\/\/www.proholzlandwald.de\/bi\/#website","url":"https:\/\/www.proholzlandwald.de\/bi\/","name":"ProHolzlandwald.de","description":"B\u00fcrgerinitiative ProHolzlandwald","potentialAction":[{"@type":"SearchAction","target":{"@type":"EntryPoint","urlTemplate":"https:\/\/www.proholzlandwald.de\/bi\/?s={search_term_string}"},"query-input":"required name=search_term_string"}],"inLanguage":"de"},{"@type":"Person","@id":"https:\/\/www.proholzlandwald.de\/bi\/#\/schema\/person\/e78e481a473a9189188bc2141b1c09d6","name":"admin","url":"https:\/\/www.proholzlandwald.de\/bi\/author\/admin\/"}]}},"_links":{"self":[{"href":"https:\/\/www.proholzlandwald.de\/bi\/wp-json\/wp\/v2\/posts\/124"}],"collection":[{"href":"https:\/\/www.proholzlandwald.de\/bi\/wp-json\/wp\/v2\/posts"}],"about":[{"href":"https:\/\/www.proholzlandwald.de\/bi\/wp-json\/wp\/v2\/types\/post"}],"author":[{"embeddable":true,"href":"https:\/\/www.proholzlandwald.de\/bi\/wp-json\/wp\/v2\/users\/1"}],"replies":[{"embeddable":true,"href":"https:\/\/www.proholzlandwald.de\/bi\/wp-json\/wp\/v2\/comments?post=124"}],"version-history":[{"count":2,"href":"https:\/\/www.proholzlandwald.de\/bi\/wp-json\/wp\/v2\/posts\/124\/revisions"}],"predecessor-version":[{"id":1868,"href":"https:\/\/www.proholzlandwald.de\/bi\/wp-json\/wp\/v2\/posts\/124\/revisions\/1868"}],"wp:featuredmedia":[{"embeddable":true,"href":"https:\/\/www.proholzlandwald.de\/bi\/wp-json\/wp\/v2\/media\/128"}],"wp:attachment":[{"href":"https:\/\/www.proholzlandwald.de\/bi\/wp-json\/wp\/v2\/media?parent=124"}],"wp:term":[{"taxonomy":"category","embeddable":true,"href":"https:\/\/www.proholzlandwald.de\/bi\/wp-json\/wp\/v2\/categories?post=124"},{"taxonomy":"post_tag","embeddable":true,"href":"https:\/\/www.proholzlandwald.de\/bi\/wp-json\/wp\/v2\/tags?post=124"}],"curies":[{"name":"wp","href":"https:\/\/api.w.org\/{rel}","templated":true}]}}