{"id":137,"date":"2015-04-14T23:04:04","date_gmt":"2015-04-14T21:04:04","guid":{"rendered":"http:\/\/proholzlandwald.dev\/?p=137"},"modified":"2019-04-30T21:26:54","modified_gmt":"2019-04-30T19:26:54","slug":"demonstration-tautenhain","status":"publish","type":"post","link":"https:\/\/www.proholzlandwald.de\/bi\/demonstration-tautenhain\/","title":{"rendered":"Demonstration Tautenhain"},"content":{"rendered":"<p>Die nunmehr 6. Demo &#8211; wieder in Tautenhain<br \/>\nCa. 300 Holzl\u00e4nder (bei diesem sch\u00f6nen Wetter h\u00e4tten es mehr sein m\u00fcssen!) demonstrierten und wurden diesmal<br \/>\nfachkundig informiert:<br \/>\n\u00dcber die Auswirkungen und Ver\u00e4nderungen, die\u00a0 Windkraftanlagen auf die Natur und Tiere bewirken<br \/>\n\u00fcber die unsichtbare Gefahr Infraschall, die von vielen Politikern &#8211; im Interesse der Ausbauziele &#8211; total verharmlost wird<br \/>\nUmfassende Infos zum Thema Infraschall unter <a href=\"http:\/\/proholzlandwald.de\/de\/Hintergruende\/Gesundheitsgefaehrdung-durch-Infraschall\" target=\"_blank\" rel=\"noopener noreferrer\">&#8220;Gesundheitsgef\u00e4hrdung durch Infraschall&#8221;<\/a><\/p>\n<p><a href=\"http:\/\/eisenberg.otz.de\/web\/eisenberg\/startseite\/detail\/-\/specific\/Erneute-Demo-gegen-Windpark-in-Tautenhain-1353900883\" target=\"_blank\" rel=\"noopener noreferrer\">Bericht der OTZ hier<\/a><\/p>\n\n<style type=\"text\/css\" data-created_by=\"avia_inline_auto\" id=\"style-css-av-97669-ea3a807fc827dcc83e15e3b54935f634\">\n#top .avia-gallery.av-97669-ea3a807fc827dcc83e15e3b54935f634 .avia-gallery-thumb a{\nwidth:20%;\n}\n<\/style>\n<div  class='avia-gallery av-97669-ea3a807fc827dcc83e15e3b54935f634 avia_animate_when_visible  avia-builder-el-0  avia-builder-el-no-sibling  avia_lazyload av-slideshow-ui av-loop-manual-endless av-control-hidden av-navigate-arrows av-navigate-dots hover-effect av-control-hidden avia-gallery-animate avia-gallery-1'  itemprop=\"image\" itemscope=\"itemscope\" itemtype=\"https:\/\/schema.org\/ImageObject\" ><meta itemprop=\"contentURL\" content=\"https:\/\/www.proholzlandwald.de\/bi\/demonstration-tautenhain\/\"><a class='avia-gallery-big fakeLightbox lightbox avia-gallery-big-crop-thumb ' href=\"https:\/\/www.proholzlandwald.de\/bi\/wp-content\/uploads\/2016\/02\/1404a.jpg\" data-srcset=\"https:\/\/www.proholzlandwald.de\/bi\/wp-content\/uploads\/2016\/02\/1404a.jpg 900w, https:\/\/www.proholzlandwald.de\/bi\/wp-content\/uploads\/2016\/02\/1404a-300x200.jpg 300w, https:\/\/www.proholzlandwald.de\/bi\/wp-content\/uploads\/2016\/02\/1404a-768x512.jpg 768w, https:\/\/www.proholzlandwald.de\/bi\/wp-content\/uploads\/2016\/02\/1404a-705x470.jpg 705w, https:\/\/www.proholzlandwald.de\/bi\/wp-content\/uploads\/2016\/02\/1404a-450x300.jpg 450w\" data-sizes=\"(max-width: 900px) 100vw, 900px\"  data-onclick='1' title='1404a' ><span class='avia-gallery-big-inner'  itemprop=\"thumbnailUrl\" ><img decoding=\"async\" fetchpriority=\"high\" class=\"wp-image-138 avia-img-lazy-loading-not-138\"  width=\"495\" height=\"400\" src=\"https:\/\/www.proholzlandwald.de\/bi\/wp-content\/uploads\/2016\/02\/1404a-495x400.jpg\" title='1404a' alt='' \/><\/span><\/a><div class='avia-gallery-thumb'><a href=\"https:\/\/www.proholzlandwald.de\/bi\/wp-content\/uploads\/2016\/02\/1404a.jpg\" data-srcset=\"https:\/\/www.proholzlandwald.de\/bi\/wp-content\/uploads\/2016\/02\/1404a.jpg 900w, https:\/\/www.proholzlandwald.de\/bi\/wp-content\/uploads\/2016\/02\/1404a-300x200.jpg 300w, https:\/\/www.proholzlandwald.de\/bi\/wp-content\/uploads\/2016\/02\/1404a-768x512.jpg 768w, https:\/\/www.proholzlandwald.de\/bi\/wp-content\/uploads\/2016\/02\/1404a-705x470.jpg 705w, https:\/\/www.proholzlandwald.de\/bi\/wp-content\/uploads\/2016\/02\/1404a-450x300.jpg 450w\" data-sizes=\"(max-width: 900px) 100vw, 900px\" data-rel='gallery-1' data-prev-img='https:\/\/www.proholzlandwald.de\/bi\/wp-content\/uploads\/2016\/02\/1404a-495x400.jpg' class='first_thumb lightbox ' data-onclick='1' title='1404a'  itemprop=\"thumbnailUrl\"  ><img decoding=\"async\" fetchpriority=\"high\" class=\"wp-image-138 avia-img-lazy-loading-not-138\"   src=\"https:\/\/www.proholzlandwald.de\/bi\/wp-content\/uploads\/2016\/02\/1404a-495x400.jpg\" width=\"495\" height=\"400\"  title='1404a' alt='' \/><div class='big-prev-fake'><img decoding=\"async\" loading=\"lazy\" class=\"wp-image-138 avia-img-lazy-loading-138\"  width=\"495\" height=\"400\" src=\"https:\/\/www.proholzlandwald.de\/bi\/wp-content\/uploads\/2016\/02\/1404a-495x400.jpg\" title='1404a' alt='' \/><\/div><\/a><a href=\"https:\/\/www.proholzlandwald.de\/bi\/wp-content\/uploads\/2016\/02\/1404b.jpg\" data-srcset=\"https:\/\/www.proholzlandwald.de\/bi\/wp-content\/uploads\/2016\/02\/1404b.jpg 900w, https:\/\/www.proholzlandwald.de\/bi\/wp-content\/uploads\/2016\/02\/1404b-300x200.jpg 300w, https:\/\/www.proholzlandwald.de\/bi\/wp-content\/uploads\/2016\/02\/1404b-768x512.jpg 768w, https:\/\/www.proholzlandwald.de\/bi\/wp-content\/uploads\/2016\/02\/1404b-705x470.jpg 705w, https:\/\/www.proholzlandwald.de\/bi\/wp-content\/uploads\/2016\/02\/1404b-450x300.jpg 450w\" data-sizes=\"(max-width: 900px) 100vw, 900px\" data-rel='gallery-1' data-prev-img='https:\/\/www.proholzlandwald.de\/bi\/wp-content\/uploads\/2016\/02\/1404b-495x400.jpg' class='lightbox ' data-onclick='2' title='1404b'  itemprop=\"thumbnailUrl\"  ><img decoding=\"async\" fetchpriority=\"high\" class=\"wp-image-139 avia-img-lazy-loading-not-139\"   src=\"https:\/\/www.proholzlandwald.de\/bi\/wp-content\/uploads\/2016\/02\/1404b-495x400.jpg\" width=\"495\" height=\"400\"  title='1404b' alt='' \/><div class='big-prev-fake'><img decoding=\"async\" loading=\"lazy\" class=\"wp-image-139 avia-img-lazy-loading-139\"  width=\"495\" height=\"400\" src=\"https:\/\/www.proholzlandwald.de\/bi\/wp-content\/uploads\/2016\/02\/1404b-495x400.jpg\" title='1404b' alt='' \/><\/div><\/a><a href=\"https:\/\/www.proholzlandwald.de\/bi\/wp-content\/uploads\/2016\/02\/1404c.jpg\" data-srcset=\"https:\/\/www.proholzlandwald.de\/bi\/wp-content\/uploads\/2016\/02\/1404c.jpg 900w, https:\/\/www.proholzlandwald.de\/bi\/wp-content\/uploads\/2016\/02\/1404c-300x200.jpg 300w, https:\/\/www.proholzlandwald.de\/bi\/wp-content\/uploads\/2016\/02\/1404c-768x512.jpg 768w, https:\/\/www.proholzlandwald.de\/bi\/wp-content\/uploads\/2016\/02\/1404c-705x470.jpg 705w, https:\/\/www.proholzlandwald.de\/bi\/wp-content\/uploads\/2016\/02\/1404c-450x300.jpg 450w\" data-sizes=\"(max-width: 900px) 100vw, 900px\" data-rel='gallery-1' data-prev-img='https:\/\/www.proholzlandwald.de\/bi\/wp-content\/uploads\/2016\/02\/1404c-495x400.jpg' class='lightbox ' data-onclick='3' title='1404c'  itemprop=\"thumbnailUrl\"  ><img decoding=\"async\" fetchpriority=\"high\" class=\"wp-image-140 avia-img-lazy-loading-not-140\"   src=\"https:\/\/www.proholzlandwald.de\/bi\/wp-content\/uploads\/2016\/02\/1404c-495x400.jpg\" width=\"495\" height=\"400\"  title='1404c' alt='' \/><div class='big-prev-fake'><img decoding=\"async\" loading=\"lazy\" class=\"wp-image-140 avia-img-lazy-loading-140\"  width=\"495\" height=\"400\" src=\"https:\/\/www.proholzlandwald.de\/bi\/wp-content\/uploads\/2016\/02\/1404c-495x400.jpg\" title='1404c' alt='' \/><\/div><\/a><a href=\"https:\/\/www.proholzlandwald.de\/bi\/wp-content\/uploads\/2016\/02\/1404d.jpg\" data-srcset=\"https:\/\/www.proholzlandwald.de\/bi\/wp-content\/uploads\/2016\/02\/1404d.jpg 900w, https:\/\/www.proholzlandwald.de\/bi\/wp-content\/uploads\/2016\/02\/1404d-300x200.jpg 300w, https:\/\/www.proholzlandwald.de\/bi\/wp-content\/uploads\/2016\/02\/1404d-768x512.jpg 768w, https:\/\/www.proholzlandwald.de\/bi\/wp-content\/uploads\/2016\/02\/1404d-705x470.jpg 705w, https:\/\/www.proholzlandwald.de\/bi\/wp-content\/uploads\/2016\/02\/1404d-450x300.jpg 450w\" data-sizes=\"(max-width: 900px) 100vw, 900px\" data-rel='gallery-1' data-prev-img='https:\/\/www.proholzlandwald.de\/bi\/wp-content\/uploads\/2016\/02\/1404d-495x400.jpg' class='lightbox ' data-onclick='4' title='1404d'  itemprop=\"thumbnailUrl\"  ><img decoding=\"async\" fetchpriority=\"high\" class=\"wp-image-141 avia-img-lazy-loading-not-141\"   src=\"https:\/\/www.proholzlandwald.de\/bi\/wp-content\/uploads\/2016\/02\/1404d-495x400.jpg\" width=\"495\" height=\"400\"  title='1404d' alt='' \/><div class='big-prev-fake'><img decoding=\"async\" loading=\"lazy\" class=\"wp-image-141 avia-img-lazy-loading-141\"  width=\"495\" height=\"400\" src=\"https:\/\/www.proholzlandwald.de\/bi\/wp-content\/uploads\/2016\/02\/1404d-495x400.jpg\" title='1404d' alt='' \/><\/div><\/a><a href=\"https:\/\/www.proholzlandwald.de\/bi\/wp-content\/uploads\/2016\/02\/1404e.jpg\" data-srcset=\"https:\/\/www.proholzlandwald.de\/bi\/wp-content\/uploads\/2016\/02\/1404e.jpg 900w, https:\/\/www.proholzlandwald.de\/bi\/wp-content\/uploads\/2016\/02\/1404e-300x200.jpg 300w, https:\/\/www.proholzlandwald.de\/bi\/wp-content\/uploads\/2016\/02\/1404e-768x512.jpg 768w, https:\/\/www.proholzlandwald.de\/bi\/wp-content\/uploads\/2016\/02\/1404e-705x470.jpg 705w, https:\/\/www.proholzlandwald.de\/bi\/wp-content\/uploads\/2016\/02\/1404e-450x300.jpg 450w\" data-sizes=\"(max-width: 900px) 100vw, 900px\" data-rel='gallery-1' data-prev-img='https:\/\/www.proholzlandwald.de\/bi\/wp-content\/uploads\/2016\/02\/1404e-495x400.jpg' class='lightbox ' data-onclick='5' title='1404e'  itemprop=\"thumbnailUrl\"  ><img decoding=\"async\" fetchpriority=\"high\" class=\"wp-image-142 avia-img-lazy-loading-not-142\"   src=\"https:\/\/www.proholzlandwald.de\/bi\/wp-content\/uploads\/2016\/02\/1404e-495x400.jpg\" width=\"495\" height=\"400\"  title='1404e' alt='' \/><div class='big-prev-fake'><img decoding=\"async\" loading=\"lazy\" class=\"wp-image-142 avia-img-lazy-loading-142\"  width=\"495\" height=\"400\" src=\"https:\/\/www.proholzlandwald.de\/bi\/wp-content\/uploads\/2016\/02\/1404e-495x400.jpg\" title='1404e' alt='' \/><\/div><\/a><a href=\"https:\/\/www.proholzlandwald.de\/bi\/wp-content\/uploads\/2016\/02\/1404f.jpg\" data-srcset=\"https:\/\/www.proholzlandwald.de\/bi\/wp-content\/uploads\/2016\/02\/1404f.jpg 1014w, https:\/\/www.proholzlandwald.de\/bi\/wp-content\/uploads\/2016\/02\/1404f-300x178.jpg 300w, https:\/\/www.proholzlandwald.de\/bi\/wp-content\/uploads\/2016\/02\/1404f-768x454.jpg 768w, https:\/\/www.proholzlandwald.de\/bi\/wp-content\/uploads\/2016\/02\/1404f-705x417.jpg 705w, https:\/\/www.proholzlandwald.de\/bi\/wp-content\/uploads\/2016\/02\/1404f-450x266.jpg 450w\" data-sizes=\"(max-width: 1014px) 100vw, 1014px\" data-rel='gallery-1' data-prev-img='https:\/\/www.proholzlandwald.de\/bi\/wp-content\/uploads\/2016\/02\/1404f-495x400.jpg' class='first_thumb lightbox ' data-onclick='6' title='1404f'  itemprop=\"thumbnailUrl\"  ><img decoding=\"async\" fetchpriority=\"high\" class=\"wp-image-143 avia-img-lazy-loading-not-143\"   src=\"https:\/\/www.proholzlandwald.de\/bi\/wp-content\/uploads\/2016\/02\/1404f-495x400.jpg\" width=\"495\" height=\"400\"  title='1404f' alt='' \/><div class='big-prev-fake'><img decoding=\"async\" loading=\"lazy\" class=\"wp-image-143 avia-img-lazy-loading-143\"  width=\"495\" height=\"400\" src=\"https:\/\/www.proholzlandwald.de\/bi\/wp-content\/uploads\/2016\/02\/1404f-495x400.jpg\" title='1404f' alt='' \/><\/div><\/a><a href=\"https:\/\/www.proholzlandwald.de\/bi\/wp-content\/uploads\/2016\/02\/1404g.jpg\" data-srcset=\"https:\/\/www.proholzlandwald.de\/bi\/wp-content\/uploads\/2016\/02\/1404g.jpg 900w, https:\/\/www.proholzlandwald.de\/bi\/wp-content\/uploads\/2016\/02\/1404g-300x200.jpg 300w, https:\/\/www.proholzlandwald.de\/bi\/wp-content\/uploads\/2016\/02\/1404g-768x512.jpg 768w, https:\/\/www.proholzlandwald.de\/bi\/wp-content\/uploads\/2016\/02\/1404g-705x470.jpg 705w, https:\/\/www.proholzlandwald.de\/bi\/wp-content\/uploads\/2016\/02\/1404g-450x300.jpg 450w\" data-sizes=\"(max-width: 900px) 100vw, 900px\" data-rel='gallery-1' data-prev-img='https:\/\/www.proholzlandwald.de\/bi\/wp-content\/uploads\/2016\/02\/1404g-495x400.jpg' class='lightbox ' data-onclick='7' title='1404g'  itemprop=\"thumbnailUrl\"  ><img decoding=\"async\" fetchpriority=\"high\" class=\"wp-image-144 avia-img-lazy-loading-not-144\"   src=\"https:\/\/www.proholzlandwald.de\/bi\/wp-content\/uploads\/2016\/02\/1404g-495x400.jpg\" width=\"495\" height=\"400\"  title='1404g' alt='' \/><div class='big-prev-fake'><img decoding=\"async\" loading=\"lazy\" class=\"wp-image-144 avia-img-lazy-loading-144\"  width=\"495\" height=\"400\" src=\"https:\/\/www.proholzlandwald.de\/bi\/wp-content\/uploads\/2016\/02\/1404g-495x400.jpg\" title='1404g' alt='' \/><\/div><\/a><a href=\"https:\/\/www.proholzlandwald.de\/bi\/wp-content\/uploads\/2016\/02\/1404h.jpg\" data-srcset=\"https:\/\/www.proholzlandwald.de\/bi\/wp-content\/uploads\/2016\/02\/1404h.jpg 900w, https:\/\/www.proholzlandwald.de\/bi\/wp-content\/uploads\/2016\/02\/1404h-300x200.jpg 300w, https:\/\/www.proholzlandwald.de\/bi\/wp-content\/uploads\/2016\/02\/1404h-768x512.jpg 768w, https:\/\/www.proholzlandwald.de\/bi\/wp-content\/uploads\/2016\/02\/1404h-705x470.jpg 705w, https:\/\/www.proholzlandwald.de\/bi\/wp-content\/uploads\/2016\/02\/1404h-450x300.jpg 450w\" data-sizes=\"(max-width: 900px) 100vw, 900px\" data-rel='gallery-1' data-prev-img='https:\/\/www.proholzlandwald.de\/bi\/wp-content\/uploads\/2016\/02\/1404h-495x400.jpg' class='lightbox ' data-onclick='8' title='1404h'  itemprop=\"thumbnailUrl\"  ><img decoding=\"async\" fetchpriority=\"high\" class=\"wp-image-145 avia-img-lazy-loading-not-145\"   src=\"https:\/\/www.proholzlandwald.de\/bi\/wp-content\/uploads\/2016\/02\/1404h-495x400.jpg\" width=\"495\" height=\"400\"  title='1404h' alt='' \/><div class='big-prev-fake'><img decoding=\"async\" loading=\"lazy\" class=\"wp-image-145 avia-img-lazy-loading-145\"  width=\"495\" height=\"400\" src=\"https:\/\/www.proholzlandwald.de\/bi\/wp-content\/uploads\/2016\/02\/1404h-495x400.jpg\" title='1404h' alt='' \/><\/div><\/a><a href=\"https:\/\/www.proholzlandwald.de\/bi\/wp-content\/uploads\/2016\/02\/1404i.jpg\" data-srcset=\"https:\/\/www.proholzlandwald.de\/bi\/wp-content\/uploads\/2016\/02\/1404i.jpg 900w, https:\/\/www.proholzlandwald.de\/bi\/wp-content\/uploads\/2016\/02\/1404i-300x200.jpg 300w, https:\/\/www.proholzlandwald.de\/bi\/wp-content\/uploads\/2016\/02\/1404i-768x512.jpg 768w, https:\/\/www.proholzlandwald.de\/bi\/wp-content\/uploads\/2016\/02\/1404i-705x470.jpg 705w, https:\/\/www.proholzlandwald.de\/bi\/wp-content\/uploads\/2016\/02\/1404i-450x300.jpg 450w\" data-sizes=\"(max-width: 900px) 100vw, 900px\" data-rel='gallery-1' data-prev-img='https:\/\/www.proholzlandwald.de\/bi\/wp-content\/uploads\/2016\/02\/1404i-495x400.jpg' class='lightbox ' data-onclick='9' title='1404i'  itemprop=\"thumbnailUrl\"  ><img decoding=\"async\" fetchpriority=\"high\" class=\"wp-image-146 avia-img-lazy-loading-not-146\"   src=\"https:\/\/www.proholzlandwald.de\/bi\/wp-content\/uploads\/2016\/02\/1404i-495x400.jpg\" width=\"495\" height=\"400\"  title='1404i' alt='' \/><div class='big-prev-fake'><img decoding=\"async\" loading=\"lazy\" class=\"wp-image-146 avia-img-lazy-loading-146\"  width=\"495\" height=\"400\" src=\"https:\/\/www.proholzlandwald.de\/bi\/wp-content\/uploads\/2016\/02\/1404i-495x400.jpg\" title='1404i' alt='' \/><\/div><\/a><a href=\"https:\/\/www.proholzlandwald.de\/bi\/wp-content\/uploads\/2016\/02\/1404j.jpg\" data-srcset=\"https:\/\/www.proholzlandwald.de\/bi\/wp-content\/uploads\/2016\/02\/1404j.jpg 900w, https:\/\/www.proholzlandwald.de\/bi\/wp-content\/uploads\/2016\/02\/1404j-300x200.jpg 300w, https:\/\/www.proholzlandwald.de\/bi\/wp-content\/uploads\/2016\/02\/1404j-768x512.jpg 768w, https:\/\/www.proholzlandwald.de\/bi\/wp-content\/uploads\/2016\/02\/1404j-705x470.jpg 705w, https:\/\/www.proholzlandwald.de\/bi\/wp-content\/uploads\/2016\/02\/1404j-450x300.jpg 450w\" data-sizes=\"(max-width: 900px) 100vw, 900px\" data-rel='gallery-1' data-prev-img='https:\/\/www.proholzlandwald.de\/bi\/wp-content\/uploads\/2016\/02\/1404j-495x400.jpg' class='lightbox ' data-onclick='10' title='1404j'  itemprop=\"thumbnailUrl\"  ><img decoding=\"async\" fetchpriority=\"high\" class=\"wp-image-147 avia-img-lazy-loading-not-147\"   src=\"https:\/\/www.proholzlandwald.de\/bi\/wp-content\/uploads\/2016\/02\/1404j-495x400.jpg\" width=\"495\" height=\"400\"  title='1404j' alt='' \/><div class='big-prev-fake'><img decoding=\"async\" loading=\"lazy\" class=\"wp-image-147 avia-img-lazy-loading-147\"  width=\"495\" height=\"400\" src=\"https:\/\/www.proholzlandwald.de\/bi\/wp-content\/uploads\/2016\/02\/1404j-495x400.jpg\" title='1404j' alt='' \/><\/div><\/a><a href=\"https:\/\/www.proholzlandwald.de\/bi\/wp-content\/uploads\/2016\/02\/1404k-1030x322.jpg\" data-srcset=\"https:\/\/www.proholzlandwald.de\/bi\/wp-content\/uploads\/2016\/02\/1404k-1030x322.jpg 1030w, https:\/\/www.proholzlandwald.de\/bi\/wp-content\/uploads\/2016\/02\/1404k-300x94.jpg 300w, https:\/\/www.proholzlandwald.de\/bi\/wp-content\/uploads\/2016\/02\/1404k-768x240.jpg 768w, https:\/\/www.proholzlandwald.de\/bi\/wp-content\/uploads\/2016\/02\/1404k-705x220.jpg 705w, https:\/\/www.proholzlandwald.de\/bi\/wp-content\/uploads\/2016\/02\/1404k-450x141.jpg 450w, https:\/\/www.proholzlandwald.de\/bi\/wp-content\/uploads\/2016\/02\/1404k.jpg 1200w\" data-sizes=\"(max-width: 1030px) 100vw, 1030px\" data-rel='gallery-1' data-prev-img='https:\/\/www.proholzlandwald.de\/bi\/wp-content\/uploads\/2016\/02\/1404k-495x375.jpg' class='first_thumb lightbox ' data-onclick='11' title='1404k'  itemprop=\"thumbnailUrl\"  ><img decoding=\"async\" fetchpriority=\"high\" class=\"wp-image-148 avia-img-lazy-loading-not-148\"   src=\"https:\/\/www.proholzlandwald.de\/bi\/wp-content\/uploads\/2016\/02\/1404k-495x375.jpg\" width=\"495\" height=\"375\"  title='1404k' alt='' \/><div class='big-prev-fake'><img decoding=\"async\" loading=\"lazy\" class=\"wp-image-148 avia-img-lazy-loading-148\"  width=\"495\" height=\"375\" src=\"https:\/\/www.proholzlandwald.de\/bi\/wp-content\/uploads\/2016\/02\/1404k-495x375.jpg\" title='1404k' alt='' \/><\/div><\/a><\/div><\/div>\n","protected":false},"excerpt":{"rendered":"<p>Die nunmehr 6. Demo &#8211; wieder in Tautenhain Ca. 300 Holzl\u00e4nder (bei diesem sch\u00f6nen Wetter h\u00e4tten es mehr sein m\u00fcssen!) demonstrierten und wurden diesmal fachkundig informiert: \u00dcber die Auswirkungen und Ver\u00e4nderungen, die\u00a0 Windkraftanlagen auf die Natur und Tiere bewirken \u00fcber die unsichtbare Gefahr Infraschall, die von vielen Politikern &#8211; im Interesse der Ausbauziele &#8211; total [&hellip;]<\/p>\n","protected":false},"author":1,"featured_media":148,"comment_status":"open","ping_status":"open","sticky":false,"template":"","format":"standard","meta":{"footnotes":""},"categories":[8],"tags":[4,9,10,5],"yoast_head":"<!-- This site is optimized with the Yoast SEO plugin v22.3 - https:\/\/yoast.com\/wordpress\/plugins\/seo\/ -->\n<title>Demonstration Tautenhain - ProHolzlandwald.de<\/title>\n<meta name=\"robots\" content=\"index, follow, max-snippet:-1, max-image-preview:large, max-video-preview:-1\" \/>\n<link rel=\"canonical\" href=\"https:\/\/www.proholzlandwald.de\/bi\/demonstration-tautenhain\/\" \/>\n<meta property=\"og:locale\" content=\"de_DE\" \/>\n<meta property=\"og:type\" content=\"article\" \/>\n<meta property=\"og:title\" content=\"Demonstration Tautenhain - ProHolzlandwald.de\" \/>\n<meta property=\"og:description\" content=\"Die nunmehr 6. Demo &#8211; wieder in Tautenhain Ca. 300 Holzl\u00e4nder (bei diesem sch\u00f6nen Wetter h\u00e4tten es mehr sein m\u00fcssen!) demonstrierten und wurden diesmal fachkundig informiert: \u00dcber die Auswirkungen und Ver\u00e4nderungen, die\u00a0 Windkraftanlagen auf die Natur und Tiere bewirken \u00fcber die unsichtbare Gefahr Infraschall, die von vielen Politikern &#8211; im Interesse der Ausbauziele &#8211; total [&hellip;]\" \/>\n<meta property=\"og:url\" content=\"https:\/\/www.proholzlandwald.de\/bi\/demonstration-tautenhain\/\" \/>\n<meta property=\"og:site_name\" content=\"ProHolzlandwald.de\" \/>\n<meta property=\"article:published_time\" content=\"2015-04-14T21:04:04+00:00\" \/>\n<meta property=\"article:modified_time\" content=\"2019-04-30T19:26:54+00:00\" \/>\n<meta property=\"og:image\" content=\"https:\/\/www.proholzlandwald.de\/bi\/wp-content\/uploads\/2016\/02\/1404k.jpg\" \/>\n\t<meta property=\"og:image:width\" content=\"1200\" \/>\n\t<meta property=\"og:image:height\" content=\"375\" \/>\n\t<meta property=\"og:image:type\" content=\"image\/jpeg\" \/>\n<meta name=\"author\" content=\"admin\" \/>\n<meta name=\"twitter:card\" content=\"summary_large_image\" \/>\n<meta name=\"twitter:label1\" content=\"Verfasst von\" \/>\n\t<meta name=\"twitter:data1\" content=\"admin\" \/>\n\t<meta name=\"twitter:label2\" content=\"Gesch\u00e4tzte Lesezeit\" \/>\n\t<meta name=\"twitter:data2\" content=\"1\u00a0Minute\" \/>\n<script type=\"application\/ld+json\" class=\"yoast-schema-graph\">{\"@context\":\"https:\/\/schema.org\",\"@graph\":[{\"@type\":\"WebPage\",\"@id\":\"https:\/\/www.proholzlandwald.de\/bi\/demonstration-tautenhain\/\",\"url\":\"https:\/\/www.proholzlandwald.de\/bi\/demonstration-tautenhain\/\",\"name\":\"Demonstration Tautenhain - ProHolzlandwald.de\",\"isPartOf\":{\"@id\":\"https:\/\/www.proholzlandwald.de\/bi\/#website\"},\"primaryImageOfPage\":{\"@id\":\"https:\/\/www.proholzlandwald.de\/bi\/demonstration-tautenhain\/#primaryimage\"},\"image\":{\"@id\":\"https:\/\/www.proholzlandwald.de\/bi\/demonstration-tautenhain\/#primaryimage\"},\"thumbnailUrl\":\"https:\/\/www.proholzlandwald.de\/bi\/wp-content\/uploads\/2016\/02\/1404k.jpg\",\"datePublished\":\"2015-04-14T21:04:04+00:00\",\"dateModified\":\"2019-04-30T19:26:54+00:00\",\"author\":{\"@id\":\"https:\/\/www.proholzlandwald.de\/bi\/#\/schema\/person\/e78e481a473a9189188bc2141b1c09d6\"},\"breadcrumb\":{\"@id\":\"https:\/\/www.proholzlandwald.de\/bi\/demonstration-tautenhain\/#breadcrumb\"},\"inLanguage\":\"de\",\"potentialAction\":[{\"@type\":\"ReadAction\",\"target\":[\"https:\/\/www.proholzlandwald.de\/bi\/demonstration-tautenhain\/\"]}]},{\"@type\":\"ImageObject\",\"inLanguage\":\"de\",\"@id\":\"https:\/\/www.proholzlandwald.de\/bi\/demonstration-tautenhain\/#primaryimage\",\"url\":\"https:\/\/www.proholzlandwald.de\/bi\/wp-content\/uploads\/2016\/02\/1404k.jpg\",\"contentUrl\":\"https:\/\/www.proholzlandwald.de\/bi\/wp-content\/uploads\/2016\/02\/1404k.jpg\",\"width\":1200,\"height\":375},{\"@type\":\"BreadcrumbList\",\"@id\":\"https:\/\/www.proholzlandwald.de\/bi\/demonstration-tautenhain\/#breadcrumb\",\"itemListElement\":[{\"@type\":\"ListItem\",\"position\":1,\"name\":\"Startseite\",\"item\":\"https:\/\/www.proholzlandwald.de\/bi\/startseite-2\/\"},{\"@type\":\"ListItem\",\"position\":2,\"name\":\"Demonstration Tautenhain\"}]},{\"@type\":\"WebSite\",\"@id\":\"https:\/\/www.proholzlandwald.de\/bi\/#website\",\"url\":\"https:\/\/www.proholzlandwald.de\/bi\/\",\"name\":\"ProHolzlandwald.de\",\"description\":\"B\u00fcrgerinitiative ProHolzlandwald\",\"potentialAction\":[{\"@type\":\"SearchAction\",\"target\":{\"@type\":\"EntryPoint\",\"urlTemplate\":\"https:\/\/www.proholzlandwald.de\/bi\/?s={search_term_string}\"},\"query-input\":\"required name=search_term_string\"}],\"inLanguage\":\"de\"},{\"@type\":\"Person\",\"@id\":\"https:\/\/www.proholzlandwald.de\/bi\/#\/schema\/person\/e78e481a473a9189188bc2141b1c09d6\",\"name\":\"admin\",\"url\":\"https:\/\/www.proholzlandwald.de\/bi\/author\/admin\/\"}]}<\/script>\n<!-- \/ Yoast SEO plugin. -->","yoast_head_json":{"title":"Demonstration Tautenhain - ProHolzlandwald.de","robots":{"index":"index","follow":"follow","max-snippet":"max-snippet:-1","max-image-preview":"max-image-preview:large","max-video-preview":"max-video-preview:-1"},"canonical":"https:\/\/www.proholzlandwald.de\/bi\/demonstration-tautenhain\/","og_locale":"de_DE","og_type":"article","og_title":"Demonstration Tautenhain - ProHolzlandwald.de","og_description":"Die nunmehr 6. Demo &#8211; wieder in Tautenhain Ca. 300 Holzl\u00e4nder (bei diesem sch\u00f6nen Wetter h\u00e4tten es mehr sein m\u00fcssen!) demonstrierten und wurden diesmal fachkundig informiert: \u00dcber die Auswirkungen und Ver\u00e4nderungen, die\u00a0 Windkraftanlagen auf die Natur und Tiere bewirken \u00fcber die unsichtbare Gefahr Infraschall, die von vielen Politikern &#8211; im Interesse der Ausbauziele &#8211; total [&hellip;]","og_url":"https:\/\/www.proholzlandwald.de\/bi\/demonstration-tautenhain\/","og_site_name":"ProHolzlandwald.de","article_published_time":"2015-04-14T21:04:04+00:00","article_modified_time":"2019-04-30T19:26:54+00:00","og_image":[{"width":1200,"height":375,"url":"https:\/\/www.proholzlandwald.de\/bi\/wp-content\/uploads\/2016\/02\/1404k.jpg","type":"image\/jpeg"}],"author":"admin","twitter_card":"summary_large_image","twitter_misc":{"Verfasst von":"admin","Gesch\u00e4tzte Lesezeit":"1\u00a0Minute"},"schema":{"@context":"https:\/\/schema.org","@graph":[{"@type":"WebPage","@id":"https:\/\/www.proholzlandwald.de\/bi\/demonstration-tautenhain\/","url":"https:\/\/www.proholzlandwald.de\/bi\/demonstration-tautenhain\/","name":"Demonstration Tautenhain - ProHolzlandwald.de","isPartOf":{"@id":"https:\/\/www.proholzlandwald.de\/bi\/#website"},"primaryImageOfPage":{"@id":"https:\/\/www.proholzlandwald.de\/bi\/demonstration-tautenhain\/#primaryimage"},"image":{"@id":"https:\/\/www.proholzlandwald.de\/bi\/demonstration-tautenhain\/#primaryimage"},"thumbnailUrl":"https:\/\/www.proholzlandwald.de\/bi\/wp-content\/uploads\/2016\/02\/1404k.jpg","datePublished":"2015-04-14T21:04:04+00:00","dateModified":"2019-04-30T19:26:54+00:00","author":{"@id":"https:\/\/www.proholzlandwald.de\/bi\/#\/schema\/person\/e78e481a473a9189188bc2141b1c09d6"},"breadcrumb":{"@id":"https:\/\/www.proholzlandwald.de\/bi\/demonstration-tautenhain\/#breadcrumb"},"inLanguage":"de","potentialAction":[{"@type":"ReadAction","target":["https:\/\/www.proholzlandwald.de\/bi\/demonstration-tautenhain\/"]}]},{"@type":"ImageObject","inLanguage":"de","@id":"https:\/\/www.proholzlandwald.de\/bi\/demonstration-tautenhain\/#primaryimage","url":"https:\/\/www.proholzlandwald.de\/bi\/wp-content\/uploads\/2016\/02\/1404k.jpg","contentUrl":"https:\/\/www.proholzlandwald.de\/bi\/wp-content\/uploads\/2016\/02\/1404k.jpg","width":1200,"height":375},{"@type":"BreadcrumbList","@id":"https:\/\/www.proholzlandwald.de\/bi\/demonstration-tautenhain\/#breadcrumb","itemListElement":[{"@type":"ListItem","position":1,"name":"Startseite","item":"https:\/\/www.proholzlandwald.de\/bi\/startseite-2\/"},{"@type":"ListItem","position":2,"name":"Demonstration Tautenhain"}]},{"@type":"WebSite","@id":"https:\/\/www.proholzlandwald.de\/bi\/#website","url":"https:\/\/www.proholzlandwald.de\/bi\/","name":"ProHolzlandwald.de","description":"B\u00fcrgerinitiative ProHolzlandwald","potentialAction":[{"@type":"SearchAction","target":{"@type":"EntryPoint","urlTemplate":"https:\/\/www.proholzlandwald.de\/bi\/?s={search_term_string}"},"query-input":"required name=search_term_string"}],"inLanguage":"de"},{"@type":"Person","@id":"https:\/\/www.proholzlandwald.de\/bi\/#\/schema\/person\/e78e481a473a9189188bc2141b1c09d6","name":"admin","url":"https:\/\/www.proholzlandwald.de\/bi\/author\/admin\/"}]}},"_links":{"self":[{"href":"https:\/\/www.proholzlandwald.de\/bi\/wp-json\/wp\/v2\/posts\/137"}],"collection":[{"href":"https:\/\/www.proholzlandwald.de\/bi\/wp-json\/wp\/v2\/posts"}],"about":[{"href":"https:\/\/www.proholzlandwald.de\/bi\/wp-json\/wp\/v2\/types\/post"}],"author":[{"embeddable":true,"href":"https:\/\/www.proholzlandwald.de\/bi\/wp-json\/wp\/v2\/users\/1"}],"replies":[{"embeddable":true,"href":"https:\/\/www.proholzlandwald.de\/bi\/wp-json\/wp\/v2\/comments?post=137"}],"version-history":[{"count":3,"href":"https:\/\/www.proholzlandwald.de\/bi\/wp-json\/wp\/v2\/posts\/137\/revisions"}],"predecessor-version":[{"id":1867,"href":"https:\/\/www.proholzlandwald.de\/bi\/wp-json\/wp\/v2\/posts\/137\/revisions\/1867"}],"wp:featuredmedia":[{"embeddable":true,"href":"https:\/\/www.proholzlandwald.de\/bi\/wp-json\/wp\/v2\/media\/148"}],"wp:attachment":[{"href":"https:\/\/www.proholzlandwald.de\/bi\/wp-json\/wp\/v2\/media?parent=137"}],"wp:term":[{"taxonomy":"category","embeddable":true,"href":"https:\/\/www.proholzlandwald.de\/bi\/wp-json\/wp\/v2\/categories?post=137"},{"taxonomy":"post_tag","embeddable":true,"href":"https:\/\/www.proholzlandwald.de\/bi\/wp-json\/wp\/v2\/tags?post=137"}],"curies":[{"name":"wp","href":"https:\/\/api.w.org\/{rel}","templated":true}]}}