{"id":1485,"date":"2017-01-03T07:37:58","date_gmt":"2017-01-03T06:37:58","guid":{"rendered":"http:\/\/www.proholzlandwald.de\/bi\/?p=1485"},"modified":"2019-04-30T21:26:51","modified_gmt":"2019-04-30T19:26:51","slug":"wandern-im-windradfreien-holzlandwald","status":"publish","type":"post","link":"https:\/\/www.proholzlandwald.de\/bi\/wandern-im-windradfreien-holzlandwald\/","title":{"rendered":"Wandern im windradfreien Holzlandwald"},"content":{"rendered":"<p>Am 28.12.2016 um 10:30 Uhr trafen sich 31 Mitglieder unserer BI und interessierte B\u00fcrger und Mitwanderer aus M\u00f6hrsdorf und Hermsdorf vor der Kanone in Tautenhain. Unter der F\u00fchrung von Bernd Steuer wanderten wir Richtung R\u00fcdersdorf, \u00fcber den &#8220;Republikaner&#8221;, vorbei an der ehemaligen Siedlung Goldborn,\u00a0 an der Napoleonskiefer und richtigen Esskastanien nach R\u00fcdersdorf in den Gasthof St\u00fcbnitz.<\/p>\n<p>Nach leckerem Essen und anregenden Gespr\u00e4chen, insbesondere, welche Entwicklung in Sachen Ostth\u00fcringer Regionalplan zu erwarten sei, aber auch \u00fcber Neuseeland, Kanada, Wald im allgemeinen und besonderen, dem Weihnachtsfest und wie werden wir Silvester feiern, machten wir uns auf &#8211; \u00fcber Villa Schliefstein, den Schliefsteingrund Rtg. Republikaner zur\u00fcck nach Tautenhain.<\/p>\n<p>Bernd Steuer erkl\u00e4rte uns was die R\u00fcdersdorfer Sandl\u00f6cher bedeuteten und machte einen kleinen Umweg zu den Wildpferden.<\/p>\n<p>Den w\u00fcrdigen Abschluss fand unsere Wanderung mit einem Glas Gl\u00fchwein an der Kanone.<\/p>\n<div  class='avia-button-wrap av-4pbpl9-f435e5e0c89ad7d3f060eaf3fb6748f2-wrap avia-button-left  avia-builder-el-0  el_before_av_gallery  avia-builder-el-first '><a href='http:\/\/www.proholzlandwald.de\/bi\/wp-content\/uploads\/2016\/12\/OTZ-29.12.16-BI-Wanderung.pdf'  class='avia-button av-4pbpl9-f435e5e0c89ad7d3f060eaf3fb6748f2 avia-icon_select-yes-left-icon avia-size-small avia-position-left av-icon-on-hover avia-color-theme-color'  ><span class='avia_button_icon avia_button_icon_left' aria-hidden='true' data-av_icon='\ue84d' data-av_iconfont='entypo-fontello'><\/span><span class='avia_iconbox_title' >Zeitungsartikel der OTZ<\/span><\/a><\/div>\n\n<style type=\"text\/css\" data-created_by=\"avia_inline_auto\" id=\"style-css-av-3716xp-6b8cf1f1e655cdbdb52dc30346298d34\">\n#top .avia-gallery.av-3716xp-6b8cf1f1e655cdbdb52dc30346298d34 .avia-gallery-thumb a{\nwidth:20%;\n}\n<\/style>\n<div  class='avia-gallery av-3716xp-6b8cf1f1e655cdbdb52dc30346298d34 avia_animate_when_visible  avia-builder-el-1  el_after_av_button  avia-builder-el-last  deactivate_avia_lazyload avia-gallery-animate avia-gallery-1'  itemprop=\"image\" itemscope=\"itemscope\" itemtype=\"https:\/\/schema.org\/ImageObject\" ><meta itemprop=\"contentURL\" content=\"https:\/\/www.proholzlandwald.de\/bi\/wandern-im-windradfreien-holzlandwald\/\"><div class='avia-gallery-thumb'><a href=\"https:\/\/www.proholzlandwald.de\/bi\/wp-content\/uploads\/2016\/12\/13Halt-bei-den-Wildpferden.jpg\" data-srcset=\"https:\/\/www.proholzlandwald.de\/bi\/wp-content\/uploads\/2016\/12\/13Halt-bei-den-Wildpferden.jpg 1024w, https:\/\/www.proholzlandwald.de\/bi\/wp-content\/uploads\/2016\/12\/13Halt-bei-den-Wildpferden-300x225.jpg 300w, https:\/\/www.proholzlandwald.de\/bi\/wp-content\/uploads\/2016\/12\/13Halt-bei-den-Wildpferden-768x576.jpg 768w, https:\/\/www.proholzlandwald.de\/bi\/wp-content\/uploads\/2016\/12\/13Halt-bei-den-Wildpferden-705x529.jpg 705w, https:\/\/www.proholzlandwald.de\/bi\/wp-content\/uploads\/2016\/12\/13Halt-bei-den-Wildpferden-450x338.jpg 450w\" data-sizes=\"(max-width: 1024px) 100vw, 1024px\" data-rel='gallery-1' data-prev-img='https:\/\/www.proholzlandwald.de\/bi\/wp-content\/uploads\/2016\/12\/13Halt-bei-den-Wildpferden-495x400.jpg' class='first_thumb lightbox ' data-onclick='1' title='13Halt bei den Wildpferden'  itemprop=\"thumbnailUrl\"  ><img decoding=\"async\" fetchpriority=\"high\" class=\"wp-image-1495 avia-img-lazy-loading-not-1495\"   src=\"https:\/\/www.proholzlandwald.de\/bi\/wp-content\/uploads\/2016\/12\/13Halt-bei-den-Wildpferden-495x400.jpg\" width=\"495\" height=\"400\"  title='13Halt bei den Wildpferden' alt='' srcset=\"https:\/\/www.proholzlandwald.de\/bi\/wp-content\/uploads\/2016\/12\/13Halt-bei-den-Wildpferden-495x400.jpg 495w, https:\/\/www.proholzlandwald.de\/bi\/wp-content\/uploads\/2016\/12\/13Halt-bei-den-Wildpferden-845x684.jpg 845w\" sizes=\"(max-width: 495px) 100vw, 495px\" \/><div class='big-prev-fake'><img decoding=\"async\" loading=\"lazy\" class=\"wp-image-1495 avia-img-lazy-loading-1495\"  width=\"495\" height=\"400\" src=\"https:\/\/www.proholzlandwald.de\/bi\/wp-content\/uploads\/2016\/12\/13Halt-bei-den-Wildpferden-495x400.jpg\" title='13Halt bei den Wildpferden' alt='' srcset=\"https:\/\/www.proholzlandwald.de\/bi\/wp-content\/uploads\/2016\/12\/13Halt-bei-den-Wildpferden-495x400.jpg 495w, https:\/\/www.proholzlandwald.de\/bi\/wp-content\/uploads\/2016\/12\/13Halt-bei-den-Wildpferden-845x684.jpg 845w\" sizes=\"(max-width: 495px) 100vw, 495px\" \/><\/div><\/a><a href=\"https:\/\/www.proholzlandwald.de\/bi\/wp-content\/uploads\/2016\/12\/5windradfreier-Blick-auf-R\u00fcdersdorf.jpg\" data-srcset=\"https:\/\/www.proholzlandwald.de\/bi\/wp-content\/uploads\/2016\/12\/5windradfreier-Blick-auf-R\u00fcdersdorf.jpg 1024w, https:\/\/www.proholzlandwald.de\/bi\/wp-content\/uploads\/2016\/12\/5windradfreier-Blick-auf-R\u00fcdersdorf-300x225.jpg 300w, https:\/\/www.proholzlandwald.de\/bi\/wp-content\/uploads\/2016\/12\/5windradfreier-Blick-auf-R\u00fcdersdorf-768x576.jpg 768w, https:\/\/www.proholzlandwald.de\/bi\/wp-content\/uploads\/2016\/12\/5windradfreier-Blick-auf-R\u00fcdersdorf-705x529.jpg 705w, https:\/\/www.proholzlandwald.de\/bi\/wp-content\/uploads\/2016\/12\/5windradfreier-Blick-auf-R\u00fcdersdorf-450x338.jpg 450w\" data-sizes=\"(max-width: 1024px) 100vw, 1024px\" data-rel='gallery-1' data-prev-img='https:\/\/www.proholzlandwald.de\/bi\/wp-content\/uploads\/2016\/12\/5windradfreier-Blick-auf-R\u00fcdersdorf-495x400.jpg' class='lightbox ' data-onclick='2' title='5windradfreier Blick auf R\u00fcdersdorf'  itemprop=\"thumbnailUrl\"  ><img decoding=\"async\" fetchpriority=\"high\" class=\"wp-image-1488 avia-img-lazy-loading-not-1488\"   src=\"https:\/\/www.proholzlandwald.de\/bi\/wp-content\/uploads\/2016\/12\/5windradfreier-Blick-auf-R\u00fcdersdorf-495x400.jpg\" width=\"495\" height=\"400\"  title='5windradfreier Blick auf R\u00fcdersdorf' alt='' srcset=\"https:\/\/www.proholzlandwald.de\/bi\/wp-content\/uploads\/2016\/12\/5windradfreier-Blick-auf-R\u00fcdersdorf-495x400.jpg 495w, https:\/\/www.proholzlandwald.de\/bi\/wp-content\/uploads\/2016\/12\/5windradfreier-Blick-auf-R\u00fcdersdorf-845x684.jpg 845w\" sizes=\"(max-width: 495px) 100vw, 495px\" \/><div class='big-prev-fake'><img decoding=\"async\" loading=\"lazy\" class=\"wp-image-1488 avia-img-lazy-loading-1488\"  width=\"495\" height=\"400\" src=\"https:\/\/www.proholzlandwald.de\/bi\/wp-content\/uploads\/2016\/12\/5windradfreier-Blick-auf-R\u00fcdersdorf-495x400.jpg\" title='5windradfreier Blick auf R\u00fcdersdorf' alt='' srcset=\"https:\/\/www.proholzlandwald.de\/bi\/wp-content\/uploads\/2016\/12\/5windradfreier-Blick-auf-R\u00fcdersdorf-495x400.jpg 495w, https:\/\/www.proholzlandwald.de\/bi\/wp-content\/uploads\/2016\/12\/5windradfreier-Blick-auf-R\u00fcdersdorf-845x684.jpg 845w\" sizes=\"(max-width: 495px) 100vw, 495px\" \/><\/div><\/a><a href=\"https:\/\/www.proholzlandwald.de\/bi\/wp-content\/uploads\/2016\/12\/4Rast-an-der-Napoleonskiefer.jpg\" data-srcset=\"https:\/\/www.proholzlandwald.de\/bi\/wp-content\/uploads\/2016\/12\/4Rast-an-der-Napoleonskiefer.jpg 1024w, https:\/\/www.proholzlandwald.de\/bi\/wp-content\/uploads\/2016\/12\/4Rast-an-der-Napoleonskiefer-300x225.jpg 300w, https:\/\/www.proholzlandwald.de\/bi\/wp-content\/uploads\/2016\/12\/4Rast-an-der-Napoleonskiefer-768x576.jpg 768w, https:\/\/www.proholzlandwald.de\/bi\/wp-content\/uploads\/2016\/12\/4Rast-an-der-Napoleonskiefer-705x529.jpg 705w, https:\/\/www.proholzlandwald.de\/bi\/wp-content\/uploads\/2016\/12\/4Rast-an-der-Napoleonskiefer-450x338.jpg 450w\" data-sizes=\"(max-width: 1024px) 100vw, 1024px\" data-rel='gallery-1' data-prev-img='https:\/\/www.proholzlandwald.de\/bi\/wp-content\/uploads\/2016\/12\/4Rast-an-der-Napoleonskiefer-495x400.jpg' class='lightbox ' data-onclick='3' title='4Rast an der Napoleonskiefer'  itemprop=\"thumbnailUrl\"  ><img decoding=\"async\" fetchpriority=\"high\" class=\"wp-image-1487 avia-img-lazy-loading-not-1487\"   src=\"https:\/\/www.proholzlandwald.de\/bi\/wp-content\/uploads\/2016\/12\/4Rast-an-der-Napoleonskiefer-495x400.jpg\" width=\"495\" height=\"400\"  title='4Rast an der Napoleonskiefer' alt='' srcset=\"https:\/\/www.proholzlandwald.de\/bi\/wp-content\/uploads\/2016\/12\/4Rast-an-der-Napoleonskiefer-495x400.jpg 495w, https:\/\/www.proholzlandwald.de\/bi\/wp-content\/uploads\/2016\/12\/4Rast-an-der-Napoleonskiefer-845x684.jpg 845w\" sizes=\"(max-width: 495px) 100vw, 495px\" \/><div class='big-prev-fake'><img decoding=\"async\" loading=\"lazy\" class=\"wp-image-1487 avia-img-lazy-loading-1487\"  width=\"495\" height=\"400\" src=\"https:\/\/www.proholzlandwald.de\/bi\/wp-content\/uploads\/2016\/12\/4Rast-an-der-Napoleonskiefer-495x400.jpg\" title='4Rast an der Napoleonskiefer' alt='' srcset=\"https:\/\/www.proholzlandwald.de\/bi\/wp-content\/uploads\/2016\/12\/4Rast-an-der-Napoleonskiefer-495x400.jpg 495w, https:\/\/www.proholzlandwald.de\/bi\/wp-content\/uploads\/2016\/12\/4Rast-an-der-Napoleonskiefer-845x684.jpg 845w\" sizes=\"(max-width: 495px) 100vw, 495px\" \/><\/div><\/a><a href=\"https:\/\/www.proholzlandwald.de\/bi\/wp-content\/uploads\/2016\/12\/1Start-Kanone.jpg\" data-srcset=\"https:\/\/www.proholzlandwald.de\/bi\/wp-content\/uploads\/2016\/12\/1Start-Kanone.jpg 1024w, https:\/\/www.proholzlandwald.de\/bi\/wp-content\/uploads\/2016\/12\/1Start-Kanone-300x225.jpg 300w, https:\/\/www.proholzlandwald.de\/bi\/wp-content\/uploads\/2016\/12\/1Start-Kanone-768x576.jpg 768w, https:\/\/www.proholzlandwald.de\/bi\/wp-content\/uploads\/2016\/12\/1Start-Kanone-705x529.jpg 705w, https:\/\/www.proholzlandwald.de\/bi\/wp-content\/uploads\/2016\/12\/1Start-Kanone-450x338.jpg 450w\" data-sizes=\"(max-width: 1024px) 100vw, 1024px\" data-rel='gallery-1' data-prev-img='https:\/\/www.proholzlandwald.de\/bi\/wp-content\/uploads\/2016\/12\/1Start-Kanone-495x400.jpg' class='lightbox ' data-onclick='4' title='1Start Kanone'  itemprop=\"thumbnailUrl\"  ><img decoding=\"async\" fetchpriority=\"high\" class=\"wp-image-1486 avia-img-lazy-loading-not-1486\"   src=\"https:\/\/www.proholzlandwald.de\/bi\/wp-content\/uploads\/2016\/12\/1Start-Kanone-495x400.jpg\" width=\"495\" height=\"400\"  title='1Start Kanone' alt='' srcset=\"https:\/\/www.proholzlandwald.de\/bi\/wp-content\/uploads\/2016\/12\/1Start-Kanone-495x400.jpg 495w, https:\/\/www.proholzlandwald.de\/bi\/wp-content\/uploads\/2016\/12\/1Start-Kanone-845x684.jpg 845w\" sizes=\"(max-width: 495px) 100vw, 495px\" \/><div class='big-prev-fake'><img decoding=\"async\" loading=\"lazy\" class=\"wp-image-1486 avia-img-lazy-loading-1486\"  width=\"495\" height=\"400\" src=\"https:\/\/www.proholzlandwald.de\/bi\/wp-content\/uploads\/2016\/12\/1Start-Kanone-495x400.jpg\" title='1Start Kanone' alt='' srcset=\"https:\/\/www.proholzlandwald.de\/bi\/wp-content\/uploads\/2016\/12\/1Start-Kanone-495x400.jpg 495w, https:\/\/www.proholzlandwald.de\/bi\/wp-content\/uploads\/2016\/12\/1Start-Kanone-845x684.jpg 845w\" sizes=\"(max-width: 495px) 100vw, 495px\" \/><\/div><\/a><a href=\"https:\/\/www.proholzlandwald.de\/bi\/wp-content\/uploads\/2016\/12\/12R\u00fcckweg-3.jpg\" data-srcset=\"https:\/\/www.proholzlandwald.de\/bi\/wp-content\/uploads\/2016\/12\/12R\u00fcckweg-3.jpg 1024w, https:\/\/www.proholzlandwald.de\/bi\/wp-content\/uploads\/2016\/12\/12R\u00fcckweg-3-300x225.jpg 300w, https:\/\/www.proholzlandwald.de\/bi\/wp-content\/uploads\/2016\/12\/12R\u00fcckweg-3-768x576.jpg 768w, https:\/\/www.proholzlandwald.de\/bi\/wp-content\/uploads\/2016\/12\/12R\u00fcckweg-3-705x529.jpg 705w, https:\/\/www.proholzlandwald.de\/bi\/wp-content\/uploads\/2016\/12\/12R\u00fcckweg-3-450x338.jpg 450w\" data-sizes=\"(max-width: 1024px) 100vw, 1024px\" data-rel='gallery-1' data-prev-img='https:\/\/www.proholzlandwald.de\/bi\/wp-content\/uploads\/2016\/12\/12R\u00fcckweg-3-495x400.jpg' class='lightbox ' data-onclick='5' title='12R\u00fcckweg 3'  itemprop=\"thumbnailUrl\"  ><img decoding=\"async\" fetchpriority=\"high\" class=\"wp-image-1494 avia-img-lazy-loading-not-1494\"   src=\"https:\/\/www.proholzlandwald.de\/bi\/wp-content\/uploads\/2016\/12\/12R\u00fcckweg-3-495x400.jpg\" width=\"495\" height=\"400\"  title='12R\u00fcckweg 3' alt='' srcset=\"https:\/\/www.proholzlandwald.de\/bi\/wp-content\/uploads\/2016\/12\/12R\u00fcckweg-3-495x400.jpg 495w, https:\/\/www.proholzlandwald.de\/bi\/wp-content\/uploads\/2016\/12\/12R\u00fcckweg-3-845x684.jpg 845w\" sizes=\"(max-width: 495px) 100vw, 495px\" \/><div class='big-prev-fake'><img decoding=\"async\" loading=\"lazy\" class=\"wp-image-1494 avia-img-lazy-loading-1494\"  width=\"495\" height=\"400\" src=\"https:\/\/www.proholzlandwald.de\/bi\/wp-content\/uploads\/2016\/12\/12R\u00fcckweg-3-495x400.jpg\" title='12R\u00fcckweg 3' alt='' srcset=\"https:\/\/www.proholzlandwald.de\/bi\/wp-content\/uploads\/2016\/12\/12R\u00fcckweg-3-495x400.jpg 495w, https:\/\/www.proholzlandwald.de\/bi\/wp-content\/uploads\/2016\/12\/12R\u00fcckweg-3-845x684.jpg 845w\" sizes=\"(max-width: 495px) 100vw, 495px\" \/><\/div><\/a><a href=\"https:\/\/www.proholzlandwald.de\/bi\/wp-content\/uploads\/2016\/12\/11R\u00fcckweg-2.jpg\" data-srcset=\"https:\/\/www.proholzlandwald.de\/bi\/wp-content\/uploads\/2016\/12\/11R\u00fcckweg-2.jpg 1024w, https:\/\/www.proholzlandwald.de\/bi\/wp-content\/uploads\/2016\/12\/11R\u00fcckweg-2-300x225.jpg 300w, https:\/\/www.proholzlandwald.de\/bi\/wp-content\/uploads\/2016\/12\/11R\u00fcckweg-2-768x576.jpg 768w, https:\/\/www.proholzlandwald.de\/bi\/wp-content\/uploads\/2016\/12\/11R\u00fcckweg-2-705x529.jpg 705w, https:\/\/www.proholzlandwald.de\/bi\/wp-content\/uploads\/2016\/12\/11R\u00fcckweg-2-450x338.jpg 450w\" data-sizes=\"(max-width: 1024px) 100vw, 1024px\" data-rel='gallery-1' data-prev-img='https:\/\/www.proholzlandwald.de\/bi\/wp-content\/uploads\/2016\/12\/11R\u00fcckweg-2-495x400.jpg' class='first_thumb lightbox ' data-onclick='6' title='11R\u00fcckweg 2'  itemprop=\"thumbnailUrl\"  ><img decoding=\"async\" fetchpriority=\"high\" class=\"wp-image-1493 avia-img-lazy-loading-not-1493\"   src=\"https:\/\/www.proholzlandwald.de\/bi\/wp-content\/uploads\/2016\/12\/11R\u00fcckweg-2-495x400.jpg\" width=\"495\" height=\"400\"  title='11R\u00fcckweg 2' alt='' srcset=\"https:\/\/www.proholzlandwald.de\/bi\/wp-content\/uploads\/2016\/12\/11R\u00fcckweg-2-495x400.jpg 495w, https:\/\/www.proholzlandwald.de\/bi\/wp-content\/uploads\/2016\/12\/11R\u00fcckweg-2-845x684.jpg 845w\" sizes=\"(max-width: 495px) 100vw, 495px\" \/><div class='big-prev-fake'><img decoding=\"async\" loading=\"lazy\" class=\"wp-image-1493 avia-img-lazy-loading-1493\"  width=\"495\" height=\"400\" src=\"https:\/\/www.proholzlandwald.de\/bi\/wp-content\/uploads\/2016\/12\/11R\u00fcckweg-2-495x400.jpg\" title='11R\u00fcckweg 2' alt='' srcset=\"https:\/\/www.proholzlandwald.de\/bi\/wp-content\/uploads\/2016\/12\/11R\u00fcckweg-2-495x400.jpg 495w, https:\/\/www.proholzlandwald.de\/bi\/wp-content\/uploads\/2016\/12\/11R\u00fcckweg-2-845x684.jpg 845w\" sizes=\"(max-width: 495px) 100vw, 495px\" \/><\/div><\/a><a href=\"https:\/\/www.proholzlandwald.de\/bi\/wp-content\/uploads\/2016\/12\/10R\u00fcckweg.jpg\" data-srcset=\"https:\/\/www.proholzlandwald.de\/bi\/wp-content\/uploads\/2016\/12\/10R\u00fcckweg.jpg 1024w, https:\/\/www.proholzlandwald.de\/bi\/wp-content\/uploads\/2016\/12\/10R\u00fcckweg-300x225.jpg 300w, https:\/\/www.proholzlandwald.de\/bi\/wp-content\/uploads\/2016\/12\/10R\u00fcckweg-768x576.jpg 768w, https:\/\/www.proholzlandwald.de\/bi\/wp-content\/uploads\/2016\/12\/10R\u00fcckweg-705x529.jpg 705w, https:\/\/www.proholzlandwald.de\/bi\/wp-content\/uploads\/2016\/12\/10R\u00fcckweg-450x338.jpg 450w\" data-sizes=\"(max-width: 1024px) 100vw, 1024px\" data-rel='gallery-1' data-prev-img='https:\/\/www.proholzlandwald.de\/bi\/wp-content\/uploads\/2016\/12\/10R\u00fcckweg-495x400.jpg' class='lightbox ' data-onclick='7' title='10R\u00fcckweg'  itemprop=\"thumbnailUrl\"  ><img decoding=\"async\" fetchpriority=\"high\" class=\"wp-image-1492 avia-img-lazy-loading-not-1492\"   src=\"https:\/\/www.proholzlandwald.de\/bi\/wp-content\/uploads\/2016\/12\/10R\u00fcckweg-495x400.jpg\" width=\"495\" height=\"400\"  title='10R\u00fcckweg' alt='' srcset=\"https:\/\/www.proholzlandwald.de\/bi\/wp-content\/uploads\/2016\/12\/10R\u00fcckweg-495x400.jpg 495w, https:\/\/www.proholzlandwald.de\/bi\/wp-content\/uploads\/2016\/12\/10R\u00fcckweg-845x684.jpg 845w\" sizes=\"(max-width: 495px) 100vw, 495px\" \/><div class='big-prev-fake'><img decoding=\"async\" loading=\"lazy\" class=\"wp-image-1492 avia-img-lazy-loading-1492\"  width=\"495\" height=\"400\" src=\"https:\/\/www.proholzlandwald.de\/bi\/wp-content\/uploads\/2016\/12\/10R\u00fcckweg-495x400.jpg\" title='10R\u00fcckweg' alt='' srcset=\"https:\/\/www.proholzlandwald.de\/bi\/wp-content\/uploads\/2016\/12\/10R\u00fcckweg-495x400.jpg 495w, https:\/\/www.proholzlandwald.de\/bi\/wp-content\/uploads\/2016\/12\/10R\u00fcckweg-845x684.jpg 845w\" sizes=\"(max-width: 495px) 100vw, 495px\" \/><\/div><\/a><a href=\"https:\/\/www.proholzlandwald.de\/bi\/wp-content\/uploads\/2016\/12\/9prost.jpg\" data-srcset=\"https:\/\/www.proholzlandwald.de\/bi\/wp-content\/uploads\/2016\/12\/9prost.jpg 1024w, https:\/\/www.proholzlandwald.de\/bi\/wp-content\/uploads\/2016\/12\/9prost-300x225.jpg 300w, https:\/\/www.proholzlandwald.de\/bi\/wp-content\/uploads\/2016\/12\/9prost-768x576.jpg 768w, https:\/\/www.proholzlandwald.de\/bi\/wp-content\/uploads\/2016\/12\/9prost-705x529.jpg 705w, https:\/\/www.proholzlandwald.de\/bi\/wp-content\/uploads\/2016\/12\/9prost-450x338.jpg 450w\" data-sizes=\"(max-width: 1024px) 100vw, 1024px\" data-rel='gallery-1' data-prev-img='https:\/\/www.proholzlandwald.de\/bi\/wp-content\/uploads\/2016\/12\/9prost-495x400.jpg' class='lightbox ' data-onclick='8' title='9prost'  itemprop=\"thumbnailUrl\"  ><img decoding=\"async\" fetchpriority=\"high\" class=\"wp-image-1491 avia-img-lazy-loading-not-1491\"   src=\"https:\/\/www.proholzlandwald.de\/bi\/wp-content\/uploads\/2016\/12\/9prost-495x400.jpg\" width=\"495\" height=\"400\"  title='9prost' alt='' srcset=\"https:\/\/www.proholzlandwald.de\/bi\/wp-content\/uploads\/2016\/12\/9prost-495x400.jpg 495w, https:\/\/www.proholzlandwald.de\/bi\/wp-content\/uploads\/2016\/12\/9prost-845x684.jpg 845w\" sizes=\"(max-width: 495px) 100vw, 495px\" \/><div class='big-prev-fake'><img decoding=\"async\" loading=\"lazy\" class=\"wp-image-1491 avia-img-lazy-loading-1491\"  width=\"495\" height=\"400\" src=\"https:\/\/www.proholzlandwald.de\/bi\/wp-content\/uploads\/2016\/12\/9prost-495x400.jpg\" title='9prost' alt='' srcset=\"https:\/\/www.proholzlandwald.de\/bi\/wp-content\/uploads\/2016\/12\/9prost-495x400.jpg 495w, https:\/\/www.proholzlandwald.de\/bi\/wp-content\/uploads\/2016\/12\/9prost-845x684.jpg 845w\" sizes=\"(max-width: 495px) 100vw, 495px\" \/><\/div><\/a><a href=\"https:\/\/www.proholzlandwald.de\/bi\/wp-content\/uploads\/2016\/12\/7Einkehr-Gasthof-St\u00fcbnis-R\u00fcdersdorf.jpg\" data-srcset=\"https:\/\/www.proholzlandwald.de\/bi\/wp-content\/uploads\/2016\/12\/7Einkehr-Gasthof-St\u00fcbnis-R\u00fcdersdorf.jpg 1024w, https:\/\/www.proholzlandwald.de\/bi\/wp-content\/uploads\/2016\/12\/7Einkehr-Gasthof-St\u00fcbnis-R\u00fcdersdorf-300x225.jpg 300w, https:\/\/www.proholzlandwald.de\/bi\/wp-content\/uploads\/2016\/12\/7Einkehr-Gasthof-St\u00fcbnis-R\u00fcdersdorf-768x576.jpg 768w, https:\/\/www.proholzlandwald.de\/bi\/wp-content\/uploads\/2016\/12\/7Einkehr-Gasthof-St\u00fcbnis-R\u00fcdersdorf-705x529.jpg 705w, https:\/\/www.proholzlandwald.de\/bi\/wp-content\/uploads\/2016\/12\/7Einkehr-Gasthof-St\u00fcbnis-R\u00fcdersdorf-450x338.jpg 450w\" data-sizes=\"(max-width: 1024px) 100vw, 1024px\" data-rel='gallery-1' data-prev-img='https:\/\/www.proholzlandwald.de\/bi\/wp-content\/uploads\/2016\/12\/7Einkehr-Gasthof-St\u00fcbnis-R\u00fcdersdorf-495x400.jpg' class='lightbox ' data-onclick='9' title='7Einkehr Gasthof St\u00fcbnis R\u00fcdersdorf'  itemprop=\"thumbnailUrl\"  ><img decoding=\"async\" fetchpriority=\"high\" class=\"wp-image-1490 avia-img-lazy-loading-not-1490\"   src=\"https:\/\/www.proholzlandwald.de\/bi\/wp-content\/uploads\/2016\/12\/7Einkehr-Gasthof-St\u00fcbnis-R\u00fcdersdorf-495x400.jpg\" width=\"495\" height=\"400\"  title='7Einkehr Gasthof St\u00fcbnis R\u00fcdersdorf' alt='' srcset=\"https:\/\/www.proholzlandwald.de\/bi\/wp-content\/uploads\/2016\/12\/7Einkehr-Gasthof-St\u00fcbnis-R\u00fcdersdorf-495x400.jpg 495w, https:\/\/www.proholzlandwald.de\/bi\/wp-content\/uploads\/2016\/12\/7Einkehr-Gasthof-St\u00fcbnis-R\u00fcdersdorf-845x684.jpg 845w\" sizes=\"(max-width: 495px) 100vw, 495px\" \/><div class='big-prev-fake'><img decoding=\"async\" loading=\"lazy\" class=\"wp-image-1490 avia-img-lazy-loading-1490\"  width=\"495\" height=\"400\" src=\"https:\/\/www.proholzlandwald.de\/bi\/wp-content\/uploads\/2016\/12\/7Einkehr-Gasthof-St\u00fcbnis-R\u00fcdersdorf-495x400.jpg\" title='7Einkehr Gasthof St\u00fcbnis R\u00fcdersdorf' alt='' srcset=\"https:\/\/www.proholzlandwald.de\/bi\/wp-content\/uploads\/2016\/12\/7Einkehr-Gasthof-St\u00fcbnis-R\u00fcdersdorf-495x400.jpg 495w, https:\/\/www.proholzlandwald.de\/bi\/wp-content\/uploads\/2016\/12\/7Einkehr-Gasthof-St\u00fcbnis-R\u00fcdersdorf-845x684.jpg 845w\" sizes=\"(max-width: 495px) 100vw, 495px\" \/><\/div><\/a><a href=\"https:\/\/www.proholzlandwald.de\/bi\/wp-content\/uploads\/2016\/12\/6windradfreier-Blick-auf-R\u00fcdersdorf2.jpg\" data-srcset=\"https:\/\/www.proholzlandwald.de\/bi\/wp-content\/uploads\/2016\/12\/6windradfreier-Blick-auf-R\u00fcdersdorf2.jpg 1024w, https:\/\/www.proholzlandwald.de\/bi\/wp-content\/uploads\/2016\/12\/6windradfreier-Blick-auf-R\u00fcdersdorf2-300x225.jpg 300w, https:\/\/www.proholzlandwald.de\/bi\/wp-content\/uploads\/2016\/12\/6windradfreier-Blick-auf-R\u00fcdersdorf2-768x576.jpg 768w, https:\/\/www.proholzlandwald.de\/bi\/wp-content\/uploads\/2016\/12\/6windradfreier-Blick-auf-R\u00fcdersdorf2-705x529.jpg 705w, https:\/\/www.proholzlandwald.de\/bi\/wp-content\/uploads\/2016\/12\/6windradfreier-Blick-auf-R\u00fcdersdorf2-450x338.jpg 450w\" data-sizes=\"(max-width: 1024px) 100vw, 1024px\" data-rel='gallery-1' data-prev-img='https:\/\/www.proholzlandwald.de\/bi\/wp-content\/uploads\/2016\/12\/6windradfreier-Blick-auf-R\u00fcdersdorf2-495x400.jpg' class='lightbox ' data-onclick='10' title='6windradfreier Blick auf R\u00fcdersdorf2'  itemprop=\"thumbnailUrl\"  ><img decoding=\"async\" fetchpriority=\"high\" class=\"wp-image-1489 avia-img-lazy-loading-not-1489\"   src=\"https:\/\/www.proholzlandwald.de\/bi\/wp-content\/uploads\/2016\/12\/6windradfreier-Blick-auf-R\u00fcdersdorf2-495x400.jpg\" width=\"495\" height=\"400\"  title='6windradfreier Blick auf R\u00fcdersdorf2' alt='' srcset=\"https:\/\/www.proholzlandwald.de\/bi\/wp-content\/uploads\/2016\/12\/6windradfreier-Blick-auf-R\u00fcdersdorf2-495x400.jpg 495w, https:\/\/www.proholzlandwald.de\/bi\/wp-content\/uploads\/2016\/12\/6windradfreier-Blick-auf-R\u00fcdersdorf2-845x684.jpg 845w\" sizes=\"(max-width: 495px) 100vw, 495px\" \/><div class='big-prev-fake'><img decoding=\"async\" loading=\"lazy\" class=\"wp-image-1489 avia-img-lazy-loading-1489\"  width=\"495\" height=\"400\" src=\"https:\/\/www.proholzlandwald.de\/bi\/wp-content\/uploads\/2016\/12\/6windradfreier-Blick-auf-R\u00fcdersdorf2-495x400.jpg\" title='6windradfreier Blick auf R\u00fcdersdorf2' alt='' srcset=\"https:\/\/www.proholzlandwald.de\/bi\/wp-content\/uploads\/2016\/12\/6windradfreier-Blick-auf-R\u00fcdersdorf2-495x400.jpg 495w, https:\/\/www.proholzlandwald.de\/bi\/wp-content\/uploads\/2016\/12\/6windradfreier-Blick-auf-R\u00fcdersdorf2-845x684.jpg 845w\" sizes=\"(max-width: 495px) 100vw, 495px\" \/><\/div><\/a><\/div><\/div>\n","protected":false},"excerpt":{"rendered":"<p>Am 28.12.2016 um 10:30 Uhr trafen sich 31 Mitglieder unserer BI und interessierte B\u00fcrger und Mitwanderer aus M\u00f6hrsdorf und Hermsdorf vor der Kanone in Tautenhain. Unter der F\u00fchrung von Bernd Steuer wanderten wir Richtung R\u00fcdersdorf, \u00fcber den &#8220;Republikaner&#8221;, vorbei an der ehemaligen Siedlung Goldborn,\u00a0 an der Napoleonskiefer und richtigen Esskastanien nach R\u00fcdersdorf in den Gasthof [&hellip;]<\/p>\n","protected":false},"author":6,"featured_media":1487,"comment_status":"open","ping_status":"open","sticky":false,"template":"","format":"standard","meta":{"footnotes":""},"categories":[12],"tags":[4,9,10,5,13],"yoast_head":"<!-- This site is optimized with the Yoast SEO plugin v22.3 - https:\/\/yoast.com\/wordpress\/plugins\/seo\/ -->\n<title>Wandern im windradfreien Holzlandwald - ProHolzlandwald.de<\/title>\n<meta name=\"robots\" content=\"index, follow, max-snippet:-1, max-image-preview:large, max-video-preview:-1\" \/>\n<link rel=\"canonical\" href=\"https:\/\/www.proholzlandwald.de\/bi\/wandern-im-windradfreien-holzlandwald\/\" \/>\n<meta property=\"og:locale\" content=\"de_DE\" \/>\n<meta property=\"og:type\" content=\"article\" \/>\n<meta property=\"og:title\" content=\"Wandern im windradfreien Holzlandwald - ProHolzlandwald.de\" \/>\n<meta property=\"og:description\" content=\"Am 28.12.2016 um 10:30 Uhr trafen sich 31 Mitglieder unserer BI und interessierte B\u00fcrger und Mitwanderer aus M\u00f6hrsdorf und Hermsdorf vor der Kanone in Tautenhain. Unter der F\u00fchrung von Bernd Steuer wanderten wir Richtung R\u00fcdersdorf, \u00fcber den &#8220;Republikaner&#8221;, vorbei an der ehemaligen Siedlung Goldborn,\u00a0 an der Napoleonskiefer und richtigen Esskastanien nach R\u00fcdersdorf in den Gasthof [&hellip;]\" \/>\n<meta property=\"og:url\" content=\"https:\/\/www.proholzlandwald.de\/bi\/wandern-im-windradfreien-holzlandwald\/\" \/>\n<meta property=\"og:site_name\" content=\"ProHolzlandwald.de\" \/>\n<meta property=\"article:published_time\" content=\"2017-01-03T06:37:58+00:00\" \/>\n<meta property=\"article:modified_time\" content=\"2019-04-30T19:26:51+00:00\" \/>\n<meta property=\"og:image\" content=\"https:\/\/www.proholzlandwald.de\/bi\/wp-content\/uploads\/2016\/12\/4Rast-an-der-Napoleonskiefer.jpg\" \/>\n\t<meta property=\"og:image:width\" content=\"1024\" \/>\n\t<meta property=\"og:image:height\" content=\"768\" \/>\n\t<meta property=\"og:image:type\" content=\"image\/jpeg\" \/>\n<meta name=\"author\" content=\"Elke Pirl\" \/>\n<meta name=\"twitter:card\" content=\"summary_large_image\" \/>\n<meta name=\"twitter:label1\" content=\"Verfasst von\" \/>\n\t<meta name=\"twitter:data1\" content=\"Elke Pirl\" \/>\n\t<meta name=\"twitter:label2\" content=\"Gesch\u00e4tzte Lesezeit\" \/>\n\t<meta name=\"twitter:data2\" content=\"1\u00a0Minute\" \/>\n<script type=\"application\/ld+json\" class=\"yoast-schema-graph\">{\"@context\":\"https:\/\/schema.org\",\"@graph\":[{\"@type\":\"WebPage\",\"@id\":\"https:\/\/www.proholzlandwald.de\/bi\/wandern-im-windradfreien-holzlandwald\/\",\"url\":\"https:\/\/www.proholzlandwald.de\/bi\/wandern-im-windradfreien-holzlandwald\/\",\"name\":\"Wandern im windradfreien Holzlandwald - ProHolzlandwald.de\",\"isPartOf\":{\"@id\":\"https:\/\/www.proholzlandwald.de\/bi\/#website\"},\"primaryImageOfPage\":{\"@id\":\"https:\/\/www.proholzlandwald.de\/bi\/wandern-im-windradfreien-holzlandwald\/#primaryimage\"},\"image\":{\"@id\":\"https:\/\/www.proholzlandwald.de\/bi\/wandern-im-windradfreien-holzlandwald\/#primaryimage\"},\"thumbnailUrl\":\"https:\/\/www.proholzlandwald.de\/bi\/wp-content\/uploads\/2016\/12\/4Rast-an-der-Napoleonskiefer.jpg\",\"datePublished\":\"2017-01-03T06:37:58+00:00\",\"dateModified\":\"2019-04-30T19:26:51+00:00\",\"author\":{\"@id\":\"https:\/\/www.proholzlandwald.de\/bi\/#\/schema\/person\/2bd8e3567144f9d3faed2ca80fb96f7b\"},\"breadcrumb\":{\"@id\":\"https:\/\/www.proholzlandwald.de\/bi\/wandern-im-windradfreien-holzlandwald\/#breadcrumb\"},\"inLanguage\":\"de\",\"potentialAction\":[{\"@type\":\"ReadAction\",\"target\":[\"https:\/\/www.proholzlandwald.de\/bi\/wandern-im-windradfreien-holzlandwald\/\"]}]},{\"@type\":\"ImageObject\",\"inLanguage\":\"de\",\"@id\":\"https:\/\/www.proholzlandwald.de\/bi\/wandern-im-windradfreien-holzlandwald\/#primaryimage\",\"url\":\"https:\/\/www.proholzlandwald.de\/bi\/wp-content\/uploads\/2016\/12\/4Rast-an-der-Napoleonskiefer.jpg\",\"contentUrl\":\"https:\/\/www.proholzlandwald.de\/bi\/wp-content\/uploads\/2016\/12\/4Rast-an-der-Napoleonskiefer.jpg\",\"width\":1024,\"height\":768},{\"@type\":\"BreadcrumbList\",\"@id\":\"https:\/\/www.proholzlandwald.de\/bi\/wandern-im-windradfreien-holzlandwald\/#breadcrumb\",\"itemListElement\":[{\"@type\":\"ListItem\",\"position\":1,\"name\":\"Startseite\",\"item\":\"https:\/\/www.proholzlandwald.de\/bi\/startseite-2\/\"},{\"@type\":\"ListItem\",\"position\":2,\"name\":\"Wandern im windradfreien Holzlandwald\"}]},{\"@type\":\"WebSite\",\"@id\":\"https:\/\/www.proholzlandwald.de\/bi\/#website\",\"url\":\"https:\/\/www.proholzlandwald.de\/bi\/\",\"name\":\"ProHolzlandwald.de\",\"description\":\"B\u00fcrgerinitiative ProHolzlandwald\",\"potentialAction\":[{\"@type\":\"SearchAction\",\"target\":{\"@type\":\"EntryPoint\",\"urlTemplate\":\"https:\/\/www.proholzlandwald.de\/bi\/?s={search_term_string}\"},\"query-input\":\"required name=search_term_string\"}],\"inLanguage\":\"de\"},{\"@type\":\"Person\",\"@id\":\"https:\/\/www.proholzlandwald.de\/bi\/#\/schema\/person\/2bd8e3567144f9d3faed2ca80fb96f7b\",\"name\":\"Elke Pirl\",\"url\":\"https:\/\/www.proholzlandwald.de\/bi\/author\/ep\/\"}]}<\/script>\n<!-- \/ Yoast SEO plugin. -->","yoast_head_json":{"title":"Wandern im windradfreien Holzlandwald - ProHolzlandwald.de","robots":{"index":"index","follow":"follow","max-snippet":"max-snippet:-1","max-image-preview":"max-image-preview:large","max-video-preview":"max-video-preview:-1"},"canonical":"https:\/\/www.proholzlandwald.de\/bi\/wandern-im-windradfreien-holzlandwald\/","og_locale":"de_DE","og_type":"article","og_title":"Wandern im windradfreien Holzlandwald - ProHolzlandwald.de","og_description":"Am 28.12.2016 um 10:30 Uhr trafen sich 31 Mitglieder unserer BI und interessierte B\u00fcrger und Mitwanderer aus M\u00f6hrsdorf und Hermsdorf vor der Kanone in Tautenhain. Unter der F\u00fchrung von Bernd Steuer wanderten wir Richtung R\u00fcdersdorf, \u00fcber den &#8220;Republikaner&#8221;, vorbei an der ehemaligen Siedlung Goldborn,\u00a0 an der Napoleonskiefer und richtigen Esskastanien nach R\u00fcdersdorf in den Gasthof [&hellip;]","og_url":"https:\/\/www.proholzlandwald.de\/bi\/wandern-im-windradfreien-holzlandwald\/","og_site_name":"ProHolzlandwald.de","article_published_time":"2017-01-03T06:37:58+00:00","article_modified_time":"2019-04-30T19:26:51+00:00","og_image":[{"width":1024,"height":768,"url":"https:\/\/www.proholzlandwald.de\/bi\/wp-content\/uploads\/2016\/12\/4Rast-an-der-Napoleonskiefer.jpg","type":"image\/jpeg"}],"author":"Elke Pirl","twitter_card":"summary_large_image","twitter_misc":{"Verfasst von":"Elke Pirl","Gesch\u00e4tzte Lesezeit":"1\u00a0Minute"},"schema":{"@context":"https:\/\/schema.org","@graph":[{"@type":"WebPage","@id":"https:\/\/www.proholzlandwald.de\/bi\/wandern-im-windradfreien-holzlandwald\/","url":"https:\/\/www.proholzlandwald.de\/bi\/wandern-im-windradfreien-holzlandwald\/","name":"Wandern im windradfreien Holzlandwald - ProHolzlandwald.de","isPartOf":{"@id":"https:\/\/www.proholzlandwald.de\/bi\/#website"},"primaryImageOfPage":{"@id":"https:\/\/www.proholzlandwald.de\/bi\/wandern-im-windradfreien-holzlandwald\/#primaryimage"},"image":{"@id":"https:\/\/www.proholzlandwald.de\/bi\/wandern-im-windradfreien-holzlandwald\/#primaryimage"},"thumbnailUrl":"https:\/\/www.proholzlandwald.de\/bi\/wp-content\/uploads\/2016\/12\/4Rast-an-der-Napoleonskiefer.jpg","datePublished":"2017-01-03T06:37:58+00:00","dateModified":"2019-04-30T19:26:51+00:00","author":{"@id":"https:\/\/www.proholzlandwald.de\/bi\/#\/schema\/person\/2bd8e3567144f9d3faed2ca80fb96f7b"},"breadcrumb":{"@id":"https:\/\/www.proholzlandwald.de\/bi\/wandern-im-windradfreien-holzlandwald\/#breadcrumb"},"inLanguage":"de","potentialAction":[{"@type":"ReadAction","target":["https:\/\/www.proholzlandwald.de\/bi\/wandern-im-windradfreien-holzlandwald\/"]}]},{"@type":"ImageObject","inLanguage":"de","@id":"https:\/\/www.proholzlandwald.de\/bi\/wandern-im-windradfreien-holzlandwald\/#primaryimage","url":"https:\/\/www.proholzlandwald.de\/bi\/wp-content\/uploads\/2016\/12\/4Rast-an-der-Napoleonskiefer.jpg","contentUrl":"https:\/\/www.proholzlandwald.de\/bi\/wp-content\/uploads\/2016\/12\/4Rast-an-der-Napoleonskiefer.jpg","width":1024,"height":768},{"@type":"BreadcrumbList","@id":"https:\/\/www.proholzlandwald.de\/bi\/wandern-im-windradfreien-holzlandwald\/#breadcrumb","itemListElement":[{"@type":"ListItem","position":1,"name":"Startseite","item":"https:\/\/www.proholzlandwald.de\/bi\/startseite-2\/"},{"@type":"ListItem","position":2,"name":"Wandern im windradfreien Holzlandwald"}]},{"@type":"WebSite","@id":"https:\/\/www.proholzlandwald.de\/bi\/#website","url":"https:\/\/www.proholzlandwald.de\/bi\/","name":"ProHolzlandwald.de","description":"B\u00fcrgerinitiative ProHolzlandwald","potentialAction":[{"@type":"SearchAction","target":{"@type":"EntryPoint","urlTemplate":"https:\/\/www.proholzlandwald.de\/bi\/?s={search_term_string}"},"query-input":"required name=search_term_string"}],"inLanguage":"de"},{"@type":"Person","@id":"https:\/\/www.proholzlandwald.de\/bi\/#\/schema\/person\/2bd8e3567144f9d3faed2ca80fb96f7b","name":"Elke Pirl","url":"https:\/\/www.proholzlandwald.de\/bi\/author\/ep\/"}]}},"_links":{"self":[{"href":"https:\/\/www.proholzlandwald.de\/bi\/wp-json\/wp\/v2\/posts\/1485"}],"collection":[{"href":"https:\/\/www.proholzlandwald.de\/bi\/wp-json\/wp\/v2\/posts"}],"about":[{"href":"https:\/\/www.proholzlandwald.de\/bi\/wp-json\/wp\/v2\/types\/post"}],"author":[{"embeddable":true,"href":"https:\/\/www.proholzlandwald.de\/bi\/wp-json\/wp\/v2\/users\/6"}],"replies":[{"embeddable":true,"href":"https:\/\/www.proholzlandwald.de\/bi\/wp-json\/wp\/v2\/comments?post=1485"}],"version-history":[{"count":4,"href":"https:\/\/www.proholzlandwald.de\/bi\/wp-json\/wp\/v2\/posts\/1485\/revisions"}],"predecessor-version":[{"id":1829,"href":"https:\/\/www.proholzlandwald.de\/bi\/wp-json\/wp\/v2\/posts\/1485\/revisions\/1829"}],"wp:featuredmedia":[{"embeddable":true,"href":"https:\/\/www.proholzlandwald.de\/bi\/wp-json\/wp\/v2\/media\/1487"}],"wp:attachment":[{"href":"https:\/\/www.proholzlandwald.de\/bi\/wp-json\/wp\/v2\/media?parent=1485"}],"wp:term":[{"taxonomy":"category","embeddable":true,"href":"https:\/\/www.proholzlandwald.de\/bi\/wp-json\/wp\/v2\/categories?post=1485"},{"taxonomy":"post_tag","embeddable":true,"href":"https:\/\/www.proholzlandwald.de\/bi\/wp-json\/wp\/v2\/tags?post=1485"}],"curies":[{"name":"wp","href":"https:\/\/api.w.org\/{rel}","templated":true}]}}