{"id":1614,"date":"2017-08-25T07:33:05","date_gmt":"2017-08-25T05:33:05","guid":{"rendered":"http:\/\/www.proholzlandwald.de\/bi\/?p=1614"},"modified":"2019-04-30T21:26:51","modified_gmt":"2019-04-30T19:26:51","slug":"unser-3-windradfreies-sommerfest","status":"publish","type":"post","link":"https:\/\/www.proholzlandwald.de\/bi\/unser-3-windradfreies-sommerfest\/","title":{"rendered":"Unser 3. windradfreies Sommerfest"},"content":{"rendered":"<p>&#8220;Petrus ist wahrlich ein Tautenhainer&#8221;, so unser Vorsitzender Volkhardt im R\u00fcckblick auf das <strong>3. Sommerfest unserer BI<\/strong> am 20. August im Kanonengarten.<\/p>\n<p>Vielen <strong>Dank den vielen flei\u00dfigen Helfern<\/strong> im Vorfeld und w\u00e4hrend der Veranstaltung sowie den K\u00fcnstlern.\u00a0 Alle die das waren hatten viel Spa\u00df- ob beim Hufeisenwerfen oder\u00a0 1 kg- Holzs\u00e4gen.<\/p>\n<p>Die <strong>neue Wandertafel<\/strong> &#8220;Wandern rund um Tautenhain&#8221;, die erstmals gezeigt wurde und Wanderern k\u00fcnftig Wege zu den sch\u00f6nsten Pl\u00e4tzen und windradfreien Ausblicken weist, wurde vorgestellt.<\/p>\n<p>Ob leckerer selbstgebackener Kuchen, Bratwurst und Bier<strong>\u00a0<\/strong>&#8211; f\u00fcr das leibliche Wohl war ausreichend gesorgt. Vielen Dank an die Fam. S\u00f6rgel und das Kanonenteam.<\/p>\n<p>Trotz vielseitiger Ank\u00fcndigungen im Vorfeld: Wir h\u00e4tten uns mehr Tautenhainer gew\u00fcnscht im Kanonengarten gew\u00fcnscht.<\/p>\n\n<style type=\"text\/css\" data-created_by=\"avia_inline_auto\" id=\"style-css-av-20c78u-d72f0176d9e233e331c57887227a5d1a\">\n#top .avia-gallery.av-20c78u-d72f0176d9e233e331c57887227a5d1a .avia-gallery-thumb a{\nwidth:20%;\n}\n<\/style>\n<div  class='avia-gallery av-20c78u-d72f0176d9e233e331c57887227a5d1a avia_animate_when_visible  avia-builder-el-0  avia-builder-el-no-sibling  avia_lazyload avia-gallery-animate avia-gallery-1'  itemprop=\"image\" itemscope=\"itemscope\" itemtype=\"https:\/\/schema.org\/ImageObject\" ><meta itemprop=\"contentURL\" content=\"https:\/\/www.proholzlandwald.de\/bi\/unser-3-windradfreies-sommerfest\/\"><div class='avia-gallery-thumb'><a href=\"https:\/\/www.proholzlandwald.de\/bi\/wp-content\/uploads\/2017\/08\/13.jpg\" data-srcset=\"https:\/\/www.proholzlandwald.de\/bi\/wp-content\/uploads\/2017\/08\/13.jpg 1024w, https:\/\/www.proholzlandwald.de\/bi\/wp-content\/uploads\/2017\/08\/13-300x225.jpg 300w, https:\/\/www.proholzlandwald.de\/bi\/wp-content\/uploads\/2017\/08\/13-768x576.jpg 768w, https:\/\/www.proholzlandwald.de\/bi\/wp-content\/uploads\/2017\/08\/13-705x529.jpg 705w, https:\/\/www.proholzlandwald.de\/bi\/wp-content\/uploads\/2017\/08\/13-450x338.jpg 450w\" data-sizes=\"(max-width: 1024px) 100vw, 1024px\" data-rel='gallery-1' data-prev-img='https:\/\/www.proholzlandwald.de\/bi\/wp-content\/uploads\/2017\/08\/13-495x400.jpg' class='first_thumb lightbox ' data-onclick='1' title='13'  itemprop=\"thumbnailUrl\"  ><img decoding=\"async\" fetchpriority=\"high\" class=\"wp-image-1627 avia-img-lazy-loading-not-1627\"   src=\"https:\/\/www.proholzlandwald.de\/bi\/wp-content\/uploads\/2017\/08\/13-495x400.jpg\" width=\"495\" height=\"400\"  title='13' alt='' srcset=\"https:\/\/www.proholzlandwald.de\/bi\/wp-content\/uploads\/2017\/08\/13-495x400.jpg 495w, https:\/\/www.proholzlandwald.de\/bi\/wp-content\/uploads\/2017\/08\/13-845x684.jpg 845w\" sizes=\"(max-width: 495px) 100vw, 495px\" \/><div class='big-prev-fake'><img decoding=\"async\" loading=\"lazy\" class=\"wp-image-1627 avia-img-lazy-loading-1627\"  width=\"495\" height=\"400\" src=\"https:\/\/www.proholzlandwald.de\/bi\/wp-content\/uploads\/2017\/08\/13-495x400.jpg\" title='13' alt='' srcset=\"https:\/\/www.proholzlandwald.de\/bi\/wp-content\/uploads\/2017\/08\/13-495x400.jpg 495w, https:\/\/www.proholzlandwald.de\/bi\/wp-content\/uploads\/2017\/08\/13-845x684.jpg 845w\" sizes=\"(max-width: 495px) 100vw, 495px\" \/><\/div><\/a><a href=\"https:\/\/www.proholzlandwald.de\/bi\/wp-content\/uploads\/2017\/08\/5.jpg\" data-srcset=\"https:\/\/www.proholzlandwald.de\/bi\/wp-content\/uploads\/2017\/08\/5.jpg 1024w, https:\/\/www.proholzlandwald.de\/bi\/wp-content\/uploads\/2017\/08\/5-300x225.jpg 300w, https:\/\/www.proholzlandwald.de\/bi\/wp-content\/uploads\/2017\/08\/5-768x576.jpg 768w, https:\/\/www.proholzlandwald.de\/bi\/wp-content\/uploads\/2017\/08\/5-705x529.jpg 705w, https:\/\/www.proholzlandwald.de\/bi\/wp-content\/uploads\/2017\/08\/5-450x338.jpg 450w\" data-sizes=\"(max-width: 1024px) 100vw, 1024px\" data-rel='gallery-1' data-prev-img='https:\/\/www.proholzlandwald.de\/bi\/wp-content\/uploads\/2017\/08\/5-495x400.jpg' class='lightbox ' data-onclick='2' title='5'  itemprop=\"thumbnailUrl\"  ><img decoding=\"async\" fetchpriority=\"high\" class=\"wp-image-1619 avia-img-lazy-loading-not-1619\"   src=\"https:\/\/www.proholzlandwald.de\/bi\/wp-content\/uploads\/2017\/08\/5-495x400.jpg\" width=\"495\" height=\"400\"  title='5' alt='' srcset=\"https:\/\/www.proholzlandwald.de\/bi\/wp-content\/uploads\/2017\/08\/5-495x400.jpg 495w, https:\/\/www.proholzlandwald.de\/bi\/wp-content\/uploads\/2017\/08\/5-845x684.jpg 845w\" sizes=\"(max-width: 495px) 100vw, 495px\" \/><div class='big-prev-fake'><img decoding=\"async\" loading=\"lazy\" class=\"wp-image-1619 avia-img-lazy-loading-1619\"  width=\"495\" height=\"400\" src=\"https:\/\/www.proholzlandwald.de\/bi\/wp-content\/uploads\/2017\/08\/5-495x400.jpg\" title='5' alt='' srcset=\"https:\/\/www.proholzlandwald.de\/bi\/wp-content\/uploads\/2017\/08\/5-495x400.jpg 495w, https:\/\/www.proholzlandwald.de\/bi\/wp-content\/uploads\/2017\/08\/5-845x684.jpg 845w\" sizes=\"(max-width: 495px) 100vw, 495px\" \/><\/div><\/a><a href=\"https:\/\/www.proholzlandwald.de\/bi\/wp-content\/uploads\/2017\/08\/4.jpg\" data-srcset=\"https:\/\/www.proholzlandwald.de\/bi\/wp-content\/uploads\/2017\/08\/4.jpg 1024w, https:\/\/www.proholzlandwald.de\/bi\/wp-content\/uploads\/2017\/08\/4-300x225.jpg 300w, https:\/\/www.proholzlandwald.de\/bi\/wp-content\/uploads\/2017\/08\/4-768x576.jpg 768w, https:\/\/www.proholzlandwald.de\/bi\/wp-content\/uploads\/2017\/08\/4-705x529.jpg 705w, https:\/\/www.proholzlandwald.de\/bi\/wp-content\/uploads\/2017\/08\/4-450x338.jpg 450w\" data-sizes=\"(max-width: 1024px) 100vw, 1024px\" data-rel='gallery-1' data-prev-img='https:\/\/www.proholzlandwald.de\/bi\/wp-content\/uploads\/2017\/08\/4-495x400.jpg' class='lightbox ' data-onclick='3' title='4'  itemprop=\"thumbnailUrl\"  ><img decoding=\"async\" fetchpriority=\"high\" class=\"wp-image-1618 avia-img-lazy-loading-not-1618\"   src=\"https:\/\/www.proholzlandwald.de\/bi\/wp-content\/uploads\/2017\/08\/4-495x400.jpg\" width=\"495\" height=\"400\"  title='4' alt='' srcset=\"https:\/\/www.proholzlandwald.de\/bi\/wp-content\/uploads\/2017\/08\/4-495x400.jpg 495w, https:\/\/www.proholzlandwald.de\/bi\/wp-content\/uploads\/2017\/08\/4-845x684.jpg 845w\" sizes=\"(max-width: 495px) 100vw, 495px\" \/><div class='big-prev-fake'><img decoding=\"async\" loading=\"lazy\" class=\"wp-image-1618 avia-img-lazy-loading-1618\"  width=\"495\" height=\"400\" src=\"https:\/\/www.proholzlandwald.de\/bi\/wp-content\/uploads\/2017\/08\/4-495x400.jpg\" title='4' alt='' srcset=\"https:\/\/www.proholzlandwald.de\/bi\/wp-content\/uploads\/2017\/08\/4-495x400.jpg 495w, https:\/\/www.proholzlandwald.de\/bi\/wp-content\/uploads\/2017\/08\/4-845x684.jpg 845w\" sizes=\"(max-width: 495px) 100vw, 495px\" \/><\/div><\/a><a href=\"https:\/\/www.proholzlandwald.de\/bi\/wp-content\/uploads\/2017\/08\/1.jpg\" data-srcset=\"https:\/\/www.proholzlandwald.de\/bi\/wp-content\/uploads\/2017\/08\/1.jpg 1024w, https:\/\/www.proholzlandwald.de\/bi\/wp-content\/uploads\/2017\/08\/1-300x225.jpg 300w, https:\/\/www.proholzlandwald.de\/bi\/wp-content\/uploads\/2017\/08\/1-768x576.jpg 768w, https:\/\/www.proholzlandwald.de\/bi\/wp-content\/uploads\/2017\/08\/1-705x529.jpg 705w, https:\/\/www.proholzlandwald.de\/bi\/wp-content\/uploads\/2017\/08\/1-450x338.jpg 450w\" data-sizes=\"(max-width: 1024px) 100vw, 1024px\" data-rel='gallery-1' data-prev-img='https:\/\/www.proholzlandwald.de\/bi\/wp-content\/uploads\/2017\/08\/1-495x400.jpg' class='lightbox ' data-onclick='4' title='1'  itemprop=\"thumbnailUrl\"  ><img decoding=\"async\" fetchpriority=\"high\" class=\"wp-image-1615 avia-img-lazy-loading-not-1615\"   src=\"https:\/\/www.proholzlandwald.de\/bi\/wp-content\/uploads\/2017\/08\/1-495x400.jpg\" width=\"495\" height=\"400\"  title='1' alt='' srcset=\"https:\/\/www.proholzlandwald.de\/bi\/wp-content\/uploads\/2017\/08\/1-495x400.jpg 495w, https:\/\/www.proholzlandwald.de\/bi\/wp-content\/uploads\/2017\/08\/1-845x684.jpg 845w\" sizes=\"(max-width: 495px) 100vw, 495px\" \/><div class='big-prev-fake'><img decoding=\"async\" loading=\"lazy\" class=\"wp-image-1615 avia-img-lazy-loading-1615\"  width=\"495\" height=\"400\" src=\"https:\/\/www.proholzlandwald.de\/bi\/wp-content\/uploads\/2017\/08\/1-495x400.jpg\" title='1' alt='' srcset=\"https:\/\/www.proholzlandwald.de\/bi\/wp-content\/uploads\/2017\/08\/1-495x400.jpg 495w, https:\/\/www.proholzlandwald.de\/bi\/wp-content\/uploads\/2017\/08\/1-845x684.jpg 845w\" sizes=\"(max-width: 495px) 100vw, 495px\" \/><\/div><\/a><a href=\"https:\/\/www.proholzlandwald.de\/bi\/wp-content\/uploads\/2017\/08\/2.jpg\" data-srcset=\"https:\/\/www.proholzlandwald.de\/bi\/wp-content\/uploads\/2017\/08\/2.jpg 1024w, https:\/\/www.proholzlandwald.de\/bi\/wp-content\/uploads\/2017\/08\/2-300x225.jpg 300w, https:\/\/www.proholzlandwald.de\/bi\/wp-content\/uploads\/2017\/08\/2-768x576.jpg 768w, https:\/\/www.proholzlandwald.de\/bi\/wp-content\/uploads\/2017\/08\/2-705x529.jpg 705w, https:\/\/www.proholzlandwald.de\/bi\/wp-content\/uploads\/2017\/08\/2-450x338.jpg 450w\" data-sizes=\"(max-width: 1024px) 100vw, 1024px\" data-rel='gallery-1' data-prev-img='https:\/\/www.proholzlandwald.de\/bi\/wp-content\/uploads\/2017\/08\/2-495x400.jpg' class='lightbox ' data-onclick='5' title='2'  itemprop=\"thumbnailUrl\"  ><img decoding=\"async\" fetchpriority=\"high\" class=\"wp-image-1616 avia-img-lazy-loading-not-1616\"   src=\"https:\/\/www.proholzlandwald.de\/bi\/wp-content\/uploads\/2017\/08\/2-495x400.jpg\" width=\"495\" height=\"400\"  title='2' alt='' srcset=\"https:\/\/www.proholzlandwald.de\/bi\/wp-content\/uploads\/2017\/08\/2-495x400.jpg 495w, https:\/\/www.proholzlandwald.de\/bi\/wp-content\/uploads\/2017\/08\/2-845x684.jpg 845w\" sizes=\"(max-width: 495px) 100vw, 495px\" \/><div class='big-prev-fake'><img decoding=\"async\" loading=\"lazy\" class=\"wp-image-1616 avia-img-lazy-loading-1616\"  width=\"495\" height=\"400\" src=\"https:\/\/www.proholzlandwald.de\/bi\/wp-content\/uploads\/2017\/08\/2-495x400.jpg\" title='2' alt='' srcset=\"https:\/\/www.proholzlandwald.de\/bi\/wp-content\/uploads\/2017\/08\/2-495x400.jpg 495w, https:\/\/www.proholzlandwald.de\/bi\/wp-content\/uploads\/2017\/08\/2-845x684.jpg 845w\" sizes=\"(max-width: 495px) 100vw, 495px\" \/><\/div><\/a><a href=\"https:\/\/www.proholzlandwald.de\/bi\/wp-content\/uploads\/2017\/08\/3.jpg\" data-srcset=\"https:\/\/www.proholzlandwald.de\/bi\/wp-content\/uploads\/2017\/08\/3.jpg 1024w, https:\/\/www.proholzlandwald.de\/bi\/wp-content\/uploads\/2017\/08\/3-300x225.jpg 300w, https:\/\/www.proholzlandwald.de\/bi\/wp-content\/uploads\/2017\/08\/3-768x576.jpg 768w, https:\/\/www.proholzlandwald.de\/bi\/wp-content\/uploads\/2017\/08\/3-705x529.jpg 705w, https:\/\/www.proholzlandwald.de\/bi\/wp-content\/uploads\/2017\/08\/3-450x338.jpg 450w\" data-sizes=\"(max-width: 1024px) 100vw, 1024px\" data-rel='gallery-1' data-prev-img='https:\/\/www.proholzlandwald.de\/bi\/wp-content\/uploads\/2017\/08\/3-495x400.jpg' class='first_thumb lightbox ' data-onclick='6' title='3'  itemprop=\"thumbnailUrl\"  ><img decoding=\"async\" fetchpriority=\"high\" class=\"wp-image-1617 avia-img-lazy-loading-not-1617\"   src=\"https:\/\/www.proholzlandwald.de\/bi\/wp-content\/uploads\/2017\/08\/3-495x400.jpg\" width=\"495\" height=\"400\"  title='3' alt='' srcset=\"https:\/\/www.proholzlandwald.de\/bi\/wp-content\/uploads\/2017\/08\/3-495x400.jpg 495w, https:\/\/www.proholzlandwald.de\/bi\/wp-content\/uploads\/2017\/08\/3-845x684.jpg 845w\" sizes=\"(max-width: 495px) 100vw, 495px\" \/><div class='big-prev-fake'><img decoding=\"async\" loading=\"lazy\" class=\"wp-image-1617 avia-img-lazy-loading-1617\"  width=\"495\" height=\"400\" src=\"https:\/\/www.proholzlandwald.de\/bi\/wp-content\/uploads\/2017\/08\/3-495x400.jpg\" title='3' alt='' srcset=\"https:\/\/www.proholzlandwald.de\/bi\/wp-content\/uploads\/2017\/08\/3-495x400.jpg 495w, https:\/\/www.proholzlandwald.de\/bi\/wp-content\/uploads\/2017\/08\/3-845x684.jpg 845w\" sizes=\"(max-width: 495px) 100vw, 495px\" \/><\/div><\/a><a href=\"https:\/\/www.proholzlandwald.de\/bi\/wp-content\/uploads\/2017\/08\/6.jpg\" data-srcset=\"https:\/\/www.proholzlandwald.de\/bi\/wp-content\/uploads\/2017\/08\/6.jpg 1024w, https:\/\/www.proholzlandwald.de\/bi\/wp-content\/uploads\/2017\/08\/6-300x225.jpg 300w, https:\/\/www.proholzlandwald.de\/bi\/wp-content\/uploads\/2017\/08\/6-768x576.jpg 768w, https:\/\/www.proholzlandwald.de\/bi\/wp-content\/uploads\/2017\/08\/6-705x529.jpg 705w, https:\/\/www.proholzlandwald.de\/bi\/wp-content\/uploads\/2017\/08\/6-450x338.jpg 450w\" data-sizes=\"(max-width: 1024px) 100vw, 1024px\" data-rel='gallery-1' data-prev-img='https:\/\/www.proholzlandwald.de\/bi\/wp-content\/uploads\/2017\/08\/6-495x400.jpg' class='lightbox ' data-onclick='7' title='6'  itemprop=\"thumbnailUrl\"  ><img decoding=\"async\" fetchpriority=\"high\" class=\"wp-image-1620 avia-img-lazy-loading-not-1620\"   src=\"https:\/\/www.proholzlandwald.de\/bi\/wp-content\/uploads\/2017\/08\/6-495x400.jpg\" width=\"495\" height=\"400\"  title='6' alt='' srcset=\"https:\/\/www.proholzlandwald.de\/bi\/wp-content\/uploads\/2017\/08\/6-495x400.jpg 495w, https:\/\/www.proholzlandwald.de\/bi\/wp-content\/uploads\/2017\/08\/6-845x684.jpg 845w\" sizes=\"(max-width: 495px) 100vw, 495px\" \/><div class='big-prev-fake'><img decoding=\"async\" loading=\"lazy\" class=\"wp-image-1620 avia-img-lazy-loading-1620\"  width=\"495\" height=\"400\" src=\"https:\/\/www.proholzlandwald.de\/bi\/wp-content\/uploads\/2017\/08\/6-495x400.jpg\" title='6' alt='' srcset=\"https:\/\/www.proholzlandwald.de\/bi\/wp-content\/uploads\/2017\/08\/6-495x400.jpg 495w, https:\/\/www.proholzlandwald.de\/bi\/wp-content\/uploads\/2017\/08\/6-845x684.jpg 845w\" sizes=\"(max-width: 495px) 100vw, 495px\" \/><\/div><\/a><a href=\"https:\/\/www.proholzlandwald.de\/bi\/wp-content\/uploads\/2017\/08\/7.jpg\" data-srcset=\"https:\/\/www.proholzlandwald.de\/bi\/wp-content\/uploads\/2017\/08\/7.jpg 1024w, https:\/\/www.proholzlandwald.de\/bi\/wp-content\/uploads\/2017\/08\/7-300x225.jpg 300w, https:\/\/www.proholzlandwald.de\/bi\/wp-content\/uploads\/2017\/08\/7-768x576.jpg 768w, https:\/\/www.proholzlandwald.de\/bi\/wp-content\/uploads\/2017\/08\/7-705x529.jpg 705w, https:\/\/www.proholzlandwald.de\/bi\/wp-content\/uploads\/2017\/08\/7-450x338.jpg 450w\" data-sizes=\"(max-width: 1024px) 100vw, 1024px\" data-rel='gallery-1' data-prev-img='https:\/\/www.proholzlandwald.de\/bi\/wp-content\/uploads\/2017\/08\/7-495x400.jpg' class='lightbox ' data-onclick='8' title='7'  itemprop=\"thumbnailUrl\"  ><img decoding=\"async\" fetchpriority=\"high\" class=\"wp-image-1621 avia-img-lazy-loading-not-1621\"   src=\"https:\/\/www.proholzlandwald.de\/bi\/wp-content\/uploads\/2017\/08\/7-495x400.jpg\" width=\"495\" height=\"400\"  title='7' alt='' srcset=\"https:\/\/www.proholzlandwald.de\/bi\/wp-content\/uploads\/2017\/08\/7-495x400.jpg 495w, https:\/\/www.proholzlandwald.de\/bi\/wp-content\/uploads\/2017\/08\/7-845x684.jpg 845w\" sizes=\"(max-width: 495px) 100vw, 495px\" \/><div class='big-prev-fake'><img decoding=\"async\" loading=\"lazy\" class=\"wp-image-1621 avia-img-lazy-loading-1621\"  width=\"495\" height=\"400\" src=\"https:\/\/www.proholzlandwald.de\/bi\/wp-content\/uploads\/2017\/08\/7-495x400.jpg\" title='7' alt='' srcset=\"https:\/\/www.proholzlandwald.de\/bi\/wp-content\/uploads\/2017\/08\/7-495x400.jpg 495w, https:\/\/www.proholzlandwald.de\/bi\/wp-content\/uploads\/2017\/08\/7-845x684.jpg 845w\" sizes=\"(max-width: 495px) 100vw, 495px\" \/><\/div><\/a><a href=\"https:\/\/www.proholzlandwald.de\/bi\/wp-content\/uploads\/2017\/08\/8.jpg\" data-srcset=\"https:\/\/www.proholzlandwald.de\/bi\/wp-content\/uploads\/2017\/08\/8.jpg 1024w, https:\/\/www.proholzlandwald.de\/bi\/wp-content\/uploads\/2017\/08\/8-300x225.jpg 300w, https:\/\/www.proholzlandwald.de\/bi\/wp-content\/uploads\/2017\/08\/8-768x576.jpg 768w, https:\/\/www.proholzlandwald.de\/bi\/wp-content\/uploads\/2017\/08\/8-705x529.jpg 705w, https:\/\/www.proholzlandwald.de\/bi\/wp-content\/uploads\/2017\/08\/8-450x338.jpg 450w\" data-sizes=\"(max-width: 1024px) 100vw, 1024px\" data-rel='gallery-1' data-prev-img='https:\/\/www.proholzlandwald.de\/bi\/wp-content\/uploads\/2017\/08\/8-495x400.jpg' class='lightbox ' data-onclick='9' title='8'  itemprop=\"thumbnailUrl\"  ><img decoding=\"async\" fetchpriority=\"high\" class=\"wp-image-1622 avia-img-lazy-loading-not-1622\"   src=\"https:\/\/www.proholzlandwald.de\/bi\/wp-content\/uploads\/2017\/08\/8-495x400.jpg\" width=\"495\" height=\"400\"  title='8' alt='' srcset=\"https:\/\/www.proholzlandwald.de\/bi\/wp-content\/uploads\/2017\/08\/8-495x400.jpg 495w, https:\/\/www.proholzlandwald.de\/bi\/wp-content\/uploads\/2017\/08\/8-845x684.jpg 845w\" sizes=\"(max-width: 495px) 100vw, 495px\" \/><div class='big-prev-fake'><img decoding=\"async\" loading=\"lazy\" class=\"wp-image-1622 avia-img-lazy-loading-1622\"  width=\"495\" height=\"400\" src=\"https:\/\/www.proholzlandwald.de\/bi\/wp-content\/uploads\/2017\/08\/8-495x400.jpg\" title='8' alt='' srcset=\"https:\/\/www.proholzlandwald.de\/bi\/wp-content\/uploads\/2017\/08\/8-495x400.jpg 495w, https:\/\/www.proholzlandwald.de\/bi\/wp-content\/uploads\/2017\/08\/8-845x684.jpg 845w\" sizes=\"(max-width: 495px) 100vw, 495px\" \/><\/div><\/a><a href=\"https:\/\/www.proholzlandwald.de\/bi\/wp-content\/uploads\/2017\/08\/9.jpg\" data-srcset=\"https:\/\/www.proholzlandwald.de\/bi\/wp-content\/uploads\/2017\/08\/9.jpg 1024w, https:\/\/www.proholzlandwald.de\/bi\/wp-content\/uploads\/2017\/08\/9-300x225.jpg 300w, https:\/\/www.proholzlandwald.de\/bi\/wp-content\/uploads\/2017\/08\/9-768x576.jpg 768w, https:\/\/www.proholzlandwald.de\/bi\/wp-content\/uploads\/2017\/08\/9-705x529.jpg 705w, https:\/\/www.proholzlandwald.de\/bi\/wp-content\/uploads\/2017\/08\/9-450x338.jpg 450w\" data-sizes=\"(max-width: 1024px) 100vw, 1024px\" data-rel='gallery-1' data-prev-img='https:\/\/www.proholzlandwald.de\/bi\/wp-content\/uploads\/2017\/08\/9-495x400.jpg' class='lightbox ' data-onclick='10' title='9'  itemprop=\"thumbnailUrl\"  ><img decoding=\"async\" fetchpriority=\"high\" class=\"wp-image-1623 avia-img-lazy-loading-not-1623\"   src=\"https:\/\/www.proholzlandwald.de\/bi\/wp-content\/uploads\/2017\/08\/9-495x400.jpg\" width=\"495\" height=\"400\"  title='9' alt='' srcset=\"https:\/\/www.proholzlandwald.de\/bi\/wp-content\/uploads\/2017\/08\/9-495x400.jpg 495w, https:\/\/www.proholzlandwald.de\/bi\/wp-content\/uploads\/2017\/08\/9-845x684.jpg 845w\" sizes=\"(max-width: 495px) 100vw, 495px\" \/><div class='big-prev-fake'><img decoding=\"async\" loading=\"lazy\" class=\"wp-image-1623 avia-img-lazy-loading-1623\"  width=\"495\" height=\"400\" src=\"https:\/\/www.proholzlandwald.de\/bi\/wp-content\/uploads\/2017\/08\/9-495x400.jpg\" title='9' alt='' srcset=\"https:\/\/www.proholzlandwald.de\/bi\/wp-content\/uploads\/2017\/08\/9-495x400.jpg 495w, https:\/\/www.proholzlandwald.de\/bi\/wp-content\/uploads\/2017\/08\/9-845x684.jpg 845w\" sizes=\"(max-width: 495px) 100vw, 495px\" \/><\/div><\/a><a href=\"https:\/\/www.proholzlandwald.de\/bi\/wp-content\/uploads\/2017\/08\/10.jpg\" data-srcset=\"https:\/\/www.proholzlandwald.de\/bi\/wp-content\/uploads\/2017\/08\/10.jpg 1024w, https:\/\/www.proholzlandwald.de\/bi\/wp-content\/uploads\/2017\/08\/10-300x225.jpg 300w, https:\/\/www.proholzlandwald.de\/bi\/wp-content\/uploads\/2017\/08\/10-768x576.jpg 768w, https:\/\/www.proholzlandwald.de\/bi\/wp-content\/uploads\/2017\/08\/10-705x529.jpg 705w, https:\/\/www.proholzlandwald.de\/bi\/wp-content\/uploads\/2017\/08\/10-450x338.jpg 450w\" data-sizes=\"(max-width: 1024px) 100vw, 1024px\" data-rel='gallery-1' data-prev-img='https:\/\/www.proholzlandwald.de\/bi\/wp-content\/uploads\/2017\/08\/10-495x400.jpg' class='first_thumb lightbox ' data-onclick='11' title='10'  itemprop=\"thumbnailUrl\"  ><img decoding=\"async\" fetchpriority=\"high\" class=\"wp-image-1624 avia-img-lazy-loading-not-1624\"   src=\"https:\/\/www.proholzlandwald.de\/bi\/wp-content\/uploads\/2017\/08\/10-495x400.jpg\" width=\"495\" height=\"400\"  title='10' alt='' srcset=\"https:\/\/www.proholzlandwald.de\/bi\/wp-content\/uploads\/2017\/08\/10-495x400.jpg 495w, https:\/\/www.proholzlandwald.de\/bi\/wp-content\/uploads\/2017\/08\/10-845x684.jpg 845w\" sizes=\"(max-width: 495px) 100vw, 495px\" \/><div class='big-prev-fake'><img decoding=\"async\" loading=\"lazy\" class=\"wp-image-1624 avia-img-lazy-loading-1624\"  width=\"495\" height=\"400\" src=\"https:\/\/www.proholzlandwald.de\/bi\/wp-content\/uploads\/2017\/08\/10-495x400.jpg\" title='10' alt='' srcset=\"https:\/\/www.proholzlandwald.de\/bi\/wp-content\/uploads\/2017\/08\/10-495x400.jpg 495w, https:\/\/www.proholzlandwald.de\/bi\/wp-content\/uploads\/2017\/08\/10-845x684.jpg 845w\" sizes=\"(max-width: 495px) 100vw, 495px\" \/><\/div><\/a><a href=\"https:\/\/www.proholzlandwald.de\/bi\/wp-content\/uploads\/2017\/08\/11.jpg\" data-srcset=\"https:\/\/www.proholzlandwald.de\/bi\/wp-content\/uploads\/2017\/08\/11.jpg 1024w, https:\/\/www.proholzlandwald.de\/bi\/wp-content\/uploads\/2017\/08\/11-300x225.jpg 300w, https:\/\/www.proholzlandwald.de\/bi\/wp-content\/uploads\/2017\/08\/11-768x576.jpg 768w, https:\/\/www.proholzlandwald.de\/bi\/wp-content\/uploads\/2017\/08\/11-705x529.jpg 705w, https:\/\/www.proholzlandwald.de\/bi\/wp-content\/uploads\/2017\/08\/11-450x338.jpg 450w\" data-sizes=\"(max-width: 1024px) 100vw, 1024px\" data-rel='gallery-1' data-prev-img='https:\/\/www.proholzlandwald.de\/bi\/wp-content\/uploads\/2017\/08\/11-495x400.jpg' class='lightbox ' data-onclick='12' title='11'  itemprop=\"thumbnailUrl\"  ><img decoding=\"async\" fetchpriority=\"high\" class=\"wp-image-1625 avia-img-lazy-loading-not-1625\"   src=\"https:\/\/www.proholzlandwald.de\/bi\/wp-content\/uploads\/2017\/08\/11-495x400.jpg\" width=\"495\" height=\"400\"  title='11' alt='' srcset=\"https:\/\/www.proholzlandwald.de\/bi\/wp-content\/uploads\/2017\/08\/11-495x400.jpg 495w, https:\/\/www.proholzlandwald.de\/bi\/wp-content\/uploads\/2017\/08\/11-845x684.jpg 845w\" sizes=\"(max-width: 495px) 100vw, 495px\" \/><div class='big-prev-fake'><img decoding=\"async\" loading=\"lazy\" class=\"wp-image-1625 avia-img-lazy-loading-1625\"  width=\"495\" height=\"400\" src=\"https:\/\/www.proholzlandwald.de\/bi\/wp-content\/uploads\/2017\/08\/11-495x400.jpg\" title='11' alt='' srcset=\"https:\/\/www.proholzlandwald.de\/bi\/wp-content\/uploads\/2017\/08\/11-495x400.jpg 495w, https:\/\/www.proholzlandwald.de\/bi\/wp-content\/uploads\/2017\/08\/11-845x684.jpg 845w\" sizes=\"(max-width: 495px) 100vw, 495px\" \/><\/div><\/a><a href=\"https:\/\/www.proholzlandwald.de\/bi\/wp-content\/uploads\/2017\/08\/12.jpg\" data-srcset=\"https:\/\/www.proholzlandwald.de\/bi\/wp-content\/uploads\/2017\/08\/12.jpg 1024w, https:\/\/www.proholzlandwald.de\/bi\/wp-content\/uploads\/2017\/08\/12-300x225.jpg 300w, https:\/\/www.proholzlandwald.de\/bi\/wp-content\/uploads\/2017\/08\/12-768x576.jpg 768w, https:\/\/www.proholzlandwald.de\/bi\/wp-content\/uploads\/2017\/08\/12-705x529.jpg 705w, https:\/\/www.proholzlandwald.de\/bi\/wp-content\/uploads\/2017\/08\/12-450x338.jpg 450w\" data-sizes=\"(max-width: 1024px) 100vw, 1024px\" data-rel='gallery-1' data-prev-img='https:\/\/www.proholzlandwald.de\/bi\/wp-content\/uploads\/2017\/08\/12-495x400.jpg' class='lightbox ' data-onclick='13' title='12'  itemprop=\"thumbnailUrl\"  ><img decoding=\"async\" fetchpriority=\"high\" class=\"wp-image-1626 avia-img-lazy-loading-not-1626\"   src=\"https:\/\/www.proholzlandwald.de\/bi\/wp-content\/uploads\/2017\/08\/12-495x400.jpg\" width=\"495\" height=\"400\"  title='12' alt='' srcset=\"https:\/\/www.proholzlandwald.de\/bi\/wp-content\/uploads\/2017\/08\/12-495x400.jpg 495w, https:\/\/www.proholzlandwald.de\/bi\/wp-content\/uploads\/2017\/08\/12-845x684.jpg 845w\" sizes=\"(max-width: 495px) 100vw, 495px\" \/><div class='big-prev-fake'><img decoding=\"async\" loading=\"lazy\" class=\"wp-image-1626 avia-img-lazy-loading-1626\"  width=\"495\" height=\"400\" src=\"https:\/\/www.proholzlandwald.de\/bi\/wp-content\/uploads\/2017\/08\/12-495x400.jpg\" title='12' alt='' srcset=\"https:\/\/www.proholzlandwald.de\/bi\/wp-content\/uploads\/2017\/08\/12-495x400.jpg 495w, https:\/\/www.proholzlandwald.de\/bi\/wp-content\/uploads\/2017\/08\/12-845x684.jpg 845w\" sizes=\"(max-width: 495px) 100vw, 495px\" \/><\/div><\/a><\/div><\/div>\n","protected":false},"excerpt":{"rendered":"<p>&#8220;Petrus ist wahrlich ein Tautenhainer&#8221;, so unser Vorsitzender Volkhardt im R\u00fcckblick auf das 3. Sommerfest unserer BI am 20. August im Kanonengarten. Vielen Dank den vielen flei\u00dfigen Helfern im Vorfeld und w\u00e4hrend der Veranstaltung sowie den K\u00fcnstlern.\u00a0 Alle die das waren hatten viel Spa\u00df- ob beim Hufeisenwerfen oder\u00a0 1 kg- Holzs\u00e4gen. Die neue Wandertafel &#8220;Wandern [&hellip;]<\/p>\n","protected":false},"author":4,"featured_media":1623,"comment_status":"open","ping_status":"open","sticky":false,"template":"","format":"standard","meta":{"footnotes":""},"categories":[19],"tags":[4,10,33,5],"yoast_head":"<!-- This site is optimized with the Yoast SEO plugin v22.3 - https:\/\/yoast.com\/wordpress\/plugins\/seo\/ -->\n<title>Unser 3. windradfreies Sommerfest - ProHolzlandwald.de<\/title>\n<meta name=\"robots\" content=\"index, follow, max-snippet:-1, max-image-preview:large, max-video-preview:-1\" \/>\n<link rel=\"canonical\" href=\"https:\/\/www.proholzlandwald.de\/bi\/unser-3-windradfreies-sommerfest\/\" \/>\n<meta property=\"og:locale\" content=\"de_DE\" \/>\n<meta property=\"og:type\" content=\"article\" \/>\n<meta property=\"og:title\" content=\"Unser 3. windradfreies Sommerfest - ProHolzlandwald.de\" \/>\n<meta property=\"og:description\" content=\"&#8220;Petrus ist wahrlich ein Tautenhainer&#8221;, so unser Vorsitzender Volkhardt im R\u00fcckblick auf das 3. Sommerfest unserer BI am 20. August im Kanonengarten. Vielen Dank den vielen flei\u00dfigen Helfern im Vorfeld und w\u00e4hrend der Veranstaltung sowie den K\u00fcnstlern.\u00a0 Alle die das waren hatten viel Spa\u00df- ob beim Hufeisenwerfen oder\u00a0 1 kg- Holzs\u00e4gen. Die neue Wandertafel &#8220;Wandern [&hellip;]\" \/>\n<meta property=\"og:url\" content=\"https:\/\/www.proholzlandwald.de\/bi\/unser-3-windradfreies-sommerfest\/\" \/>\n<meta property=\"og:site_name\" content=\"ProHolzlandwald.de\" \/>\n<meta property=\"article:published_time\" content=\"2017-08-25T05:33:05+00:00\" \/>\n<meta property=\"article:modified_time\" content=\"2019-04-30T19:26:51+00:00\" \/>\n<meta property=\"og:image\" content=\"https:\/\/www.proholzlandwald.de\/bi\/wp-content\/uploads\/2017\/08\/9.jpg\" \/>\n\t<meta property=\"og:image:width\" content=\"1024\" \/>\n\t<meta property=\"og:image:height\" content=\"768\" \/>\n\t<meta property=\"og:image:type\" content=\"image\/jpeg\" \/>\n<meta name=\"author\" content=\"Michael Pfl\u00fcgner\" \/>\n<meta name=\"twitter:card\" content=\"summary_large_image\" \/>\n<meta name=\"twitter:label1\" content=\"Verfasst von\" \/>\n\t<meta name=\"twitter:data1\" content=\"Michael Pfl\u00fcgner\" \/>\n\t<meta name=\"twitter:label2\" content=\"Gesch\u00e4tzte Lesezeit\" \/>\n\t<meta name=\"twitter:data2\" content=\"1\u00a0Minute\" \/>\n<script type=\"application\/ld+json\" class=\"yoast-schema-graph\">{\"@context\":\"https:\/\/schema.org\",\"@graph\":[{\"@type\":\"WebPage\",\"@id\":\"https:\/\/www.proholzlandwald.de\/bi\/unser-3-windradfreies-sommerfest\/\",\"url\":\"https:\/\/www.proholzlandwald.de\/bi\/unser-3-windradfreies-sommerfest\/\",\"name\":\"Unser 3. windradfreies Sommerfest - ProHolzlandwald.de\",\"isPartOf\":{\"@id\":\"https:\/\/www.proholzlandwald.de\/bi\/#website\"},\"primaryImageOfPage\":{\"@id\":\"https:\/\/www.proholzlandwald.de\/bi\/unser-3-windradfreies-sommerfest\/#primaryimage\"},\"image\":{\"@id\":\"https:\/\/www.proholzlandwald.de\/bi\/unser-3-windradfreies-sommerfest\/#primaryimage\"},\"thumbnailUrl\":\"https:\/\/www.proholzlandwald.de\/bi\/wp-content\/uploads\/2017\/08\/9.jpg\",\"datePublished\":\"2017-08-25T05:33:05+00:00\",\"dateModified\":\"2019-04-30T19:26:51+00:00\",\"author\":{\"@id\":\"https:\/\/www.proholzlandwald.de\/bi\/#\/schema\/person\/cd5f9c7e94d039b01b70c54b2610c0cd\"},\"breadcrumb\":{\"@id\":\"https:\/\/www.proholzlandwald.de\/bi\/unser-3-windradfreies-sommerfest\/#breadcrumb\"},\"inLanguage\":\"de\",\"potentialAction\":[{\"@type\":\"ReadAction\",\"target\":[\"https:\/\/www.proholzlandwald.de\/bi\/unser-3-windradfreies-sommerfest\/\"]}]},{\"@type\":\"ImageObject\",\"inLanguage\":\"de\",\"@id\":\"https:\/\/www.proholzlandwald.de\/bi\/unser-3-windradfreies-sommerfest\/#primaryimage\",\"url\":\"https:\/\/www.proholzlandwald.de\/bi\/wp-content\/uploads\/2017\/08\/9.jpg\",\"contentUrl\":\"https:\/\/www.proholzlandwald.de\/bi\/wp-content\/uploads\/2017\/08\/9.jpg\",\"width\":1024,\"height\":768},{\"@type\":\"BreadcrumbList\",\"@id\":\"https:\/\/www.proholzlandwald.de\/bi\/unser-3-windradfreies-sommerfest\/#breadcrumb\",\"itemListElement\":[{\"@type\":\"ListItem\",\"position\":1,\"name\":\"Startseite\",\"item\":\"https:\/\/www.proholzlandwald.de\/bi\/startseite-2\/\"},{\"@type\":\"ListItem\",\"position\":2,\"name\":\"Unser 3. windradfreies Sommerfest\"}]},{\"@type\":\"WebSite\",\"@id\":\"https:\/\/www.proholzlandwald.de\/bi\/#website\",\"url\":\"https:\/\/www.proholzlandwald.de\/bi\/\",\"name\":\"ProHolzlandwald.de\",\"description\":\"B\u00fcrgerinitiative ProHolzlandwald\",\"potentialAction\":[{\"@type\":\"SearchAction\",\"target\":{\"@type\":\"EntryPoint\",\"urlTemplate\":\"https:\/\/www.proholzlandwald.de\/bi\/?s={search_term_string}\"},\"query-input\":\"required name=search_term_string\"}],\"inLanguage\":\"de\"},{\"@type\":\"Person\",\"@id\":\"https:\/\/www.proholzlandwald.de\/bi\/#\/schema\/person\/cd5f9c7e94d039b01b70c54b2610c0cd\",\"name\":\"Michael Pfl\u00fcgner\",\"url\":\"https:\/\/www.proholzlandwald.de\/bi\/author\/mp\/\"}]}<\/script>\n<!-- \/ Yoast SEO plugin. -->","yoast_head_json":{"title":"Unser 3. windradfreies Sommerfest - ProHolzlandwald.de","robots":{"index":"index","follow":"follow","max-snippet":"max-snippet:-1","max-image-preview":"max-image-preview:large","max-video-preview":"max-video-preview:-1"},"canonical":"https:\/\/www.proholzlandwald.de\/bi\/unser-3-windradfreies-sommerfest\/","og_locale":"de_DE","og_type":"article","og_title":"Unser 3. windradfreies Sommerfest - ProHolzlandwald.de","og_description":"&#8220;Petrus ist wahrlich ein Tautenhainer&#8221;, so unser Vorsitzender Volkhardt im R\u00fcckblick auf das 3. Sommerfest unserer BI am 20. August im Kanonengarten. Vielen Dank den vielen flei\u00dfigen Helfern im Vorfeld und w\u00e4hrend der Veranstaltung sowie den K\u00fcnstlern.\u00a0 Alle die das waren hatten viel Spa\u00df- ob beim Hufeisenwerfen oder\u00a0 1 kg- Holzs\u00e4gen. Die neue Wandertafel &#8220;Wandern [&hellip;]","og_url":"https:\/\/www.proholzlandwald.de\/bi\/unser-3-windradfreies-sommerfest\/","og_site_name":"ProHolzlandwald.de","article_published_time":"2017-08-25T05:33:05+00:00","article_modified_time":"2019-04-30T19:26:51+00:00","og_image":[{"width":1024,"height":768,"url":"https:\/\/www.proholzlandwald.de\/bi\/wp-content\/uploads\/2017\/08\/9.jpg","type":"image\/jpeg"}],"author":"Michael Pfl\u00fcgner","twitter_card":"summary_large_image","twitter_misc":{"Verfasst von":"Michael Pfl\u00fcgner","Gesch\u00e4tzte Lesezeit":"1\u00a0Minute"},"schema":{"@context":"https:\/\/schema.org","@graph":[{"@type":"WebPage","@id":"https:\/\/www.proholzlandwald.de\/bi\/unser-3-windradfreies-sommerfest\/","url":"https:\/\/www.proholzlandwald.de\/bi\/unser-3-windradfreies-sommerfest\/","name":"Unser 3. windradfreies Sommerfest - ProHolzlandwald.de","isPartOf":{"@id":"https:\/\/www.proholzlandwald.de\/bi\/#website"},"primaryImageOfPage":{"@id":"https:\/\/www.proholzlandwald.de\/bi\/unser-3-windradfreies-sommerfest\/#primaryimage"},"image":{"@id":"https:\/\/www.proholzlandwald.de\/bi\/unser-3-windradfreies-sommerfest\/#primaryimage"},"thumbnailUrl":"https:\/\/www.proholzlandwald.de\/bi\/wp-content\/uploads\/2017\/08\/9.jpg","datePublished":"2017-08-25T05:33:05+00:00","dateModified":"2019-04-30T19:26:51+00:00","author":{"@id":"https:\/\/www.proholzlandwald.de\/bi\/#\/schema\/person\/cd5f9c7e94d039b01b70c54b2610c0cd"},"breadcrumb":{"@id":"https:\/\/www.proholzlandwald.de\/bi\/unser-3-windradfreies-sommerfest\/#breadcrumb"},"inLanguage":"de","potentialAction":[{"@type":"ReadAction","target":["https:\/\/www.proholzlandwald.de\/bi\/unser-3-windradfreies-sommerfest\/"]}]},{"@type":"ImageObject","inLanguage":"de","@id":"https:\/\/www.proholzlandwald.de\/bi\/unser-3-windradfreies-sommerfest\/#primaryimage","url":"https:\/\/www.proholzlandwald.de\/bi\/wp-content\/uploads\/2017\/08\/9.jpg","contentUrl":"https:\/\/www.proholzlandwald.de\/bi\/wp-content\/uploads\/2017\/08\/9.jpg","width":1024,"height":768},{"@type":"BreadcrumbList","@id":"https:\/\/www.proholzlandwald.de\/bi\/unser-3-windradfreies-sommerfest\/#breadcrumb","itemListElement":[{"@type":"ListItem","position":1,"name":"Startseite","item":"https:\/\/www.proholzlandwald.de\/bi\/startseite-2\/"},{"@type":"ListItem","position":2,"name":"Unser 3. windradfreies Sommerfest"}]},{"@type":"WebSite","@id":"https:\/\/www.proholzlandwald.de\/bi\/#website","url":"https:\/\/www.proholzlandwald.de\/bi\/","name":"ProHolzlandwald.de","description":"B\u00fcrgerinitiative ProHolzlandwald","potentialAction":[{"@type":"SearchAction","target":{"@type":"EntryPoint","urlTemplate":"https:\/\/www.proholzlandwald.de\/bi\/?s={search_term_string}"},"query-input":"required name=search_term_string"}],"inLanguage":"de"},{"@type":"Person","@id":"https:\/\/www.proholzlandwald.de\/bi\/#\/schema\/person\/cd5f9c7e94d039b01b70c54b2610c0cd","name":"Michael Pfl\u00fcgner","url":"https:\/\/www.proholzlandwald.de\/bi\/author\/mp\/"}]}},"_links":{"self":[{"href":"https:\/\/www.proholzlandwald.de\/bi\/wp-json\/wp\/v2\/posts\/1614"}],"collection":[{"href":"https:\/\/www.proholzlandwald.de\/bi\/wp-json\/wp\/v2\/posts"}],"about":[{"href":"https:\/\/www.proholzlandwald.de\/bi\/wp-json\/wp\/v2\/types\/post"}],"author":[{"embeddable":true,"href":"https:\/\/www.proholzlandwald.de\/bi\/wp-json\/wp\/v2\/users\/4"}],"replies":[{"embeddable":true,"href":"https:\/\/www.proholzlandwald.de\/bi\/wp-json\/wp\/v2\/comments?post=1614"}],"version-history":[{"count":5,"href":"https:\/\/www.proholzlandwald.de\/bi\/wp-json\/wp\/v2\/posts\/1614\/revisions"}],"predecessor-version":[{"id":1822,"href":"https:\/\/www.proholzlandwald.de\/bi\/wp-json\/wp\/v2\/posts\/1614\/revisions\/1822"}],"wp:featuredmedia":[{"embeddable":true,"href":"https:\/\/www.proholzlandwald.de\/bi\/wp-json\/wp\/v2\/media\/1623"}],"wp:attachment":[{"href":"https:\/\/www.proholzlandwald.de\/bi\/wp-json\/wp\/v2\/media?parent=1614"}],"wp:term":[{"taxonomy":"category","embeddable":true,"href":"https:\/\/www.proholzlandwald.de\/bi\/wp-json\/wp\/v2\/categories?post=1614"},{"taxonomy":"post_tag","embeddable":true,"href":"https:\/\/www.proholzlandwald.de\/bi\/wp-json\/wp\/v2\/tags?post=1614"}],"curies":[{"name":"wp","href":"https:\/\/api.w.org\/{rel}","templated":true}]}}