{"id":1743,"date":"2018-06-27T22:07:18","date_gmt":"2018-06-27T20:07:18","guid":{"rendered":"http:\/\/www.proholzlandwald.de\/bi\/?p=1743"},"modified":"2018-06-29T09:17:23","modified_gmt":"2018-06-29T07:17:23","slug":"tautenhainer-liegenschaft-wird-nationales-naturerbe","status":"publish","type":"post","link":"https:\/\/www.proholzlandwald.de\/bi\/tautenhainer-liegenschaft-wird-nationales-naturerbe\/","title":{"rendered":"Tautenhainer Liegenschaft wird Nationales Naturerbe"},"content":{"rendered":"<h1><strong>GESCHAFFT<\/strong><\/h1>\n<p>Ab 01.Oktober 2018 wird die<span style=\"color: #ff0000;\"><strong> Liegenschaft Tautenhain<\/strong><\/span> (u.a. ehemaliges Ausbildungsgel\u00e4nde) zum <a href=\"https:\/\/www.bmu.de\/themen\/natur-biologische-vielfalt-arten\/naturschutz-biologische-vielfalt\/gebietsschutz-und-vernetzung\/nationales-naturerbe\/\"><strong><span style=\"color: #ff0000;\">Nationalen Naturerbe<\/span><\/strong><\/a><strong>.<\/strong><\/p>\n<h3><\/h3>\n<p>Die <a href=\"https:\/\/www.dbu.de\/\">Deutsche Bundesstiftung Umwelt<\/a> (DBU) wird Eigent\u00fcmer der Fl\u00e4che.<\/p>\n<p>Geplant waren Windr\u00e4der, wir haben uns vehement zur Wehr gesetzt, \u00fcber 9.000 Unterschriften gesammelt und den m\u00f6glichen Investoren und den sie unterst\u00fctzenden Politikern klar gemacht:<\/p>\n<p>Keine Windr\u00e4der im Holzlandwald, schon gar nicht in Tautenhain.<\/p>\n<p><span style=\"color: #ff0000;\"><strong>Unser Anstrengungen waren erfolgreich! An dieser Stelle gilt unser DANK allen, die unerm\u00fctlich daf\u00fcr gek\u00e4mpft haben!<\/strong><\/span><\/p>\n<p><img loading=\"lazy\" decoding=\"async\" class=\"alignnone wp-image-55\" src=\"http:\/\/www.proholzlandwald.de\/bi\/wp-content\/uploads\/2016\/02\/1002a-300x200.jpg\" alt=\"\" width=\"404\" height=\"269\" srcset=\"https:\/\/www.proholzlandwald.de\/bi\/wp-content\/uploads\/2016\/02\/1002a-300x200.jpg 300w, https:\/\/www.proholzlandwald.de\/bi\/wp-content\/uploads\/2016\/02\/1002a-768x511.jpg 768w, https:\/\/www.proholzlandwald.de\/bi\/wp-content\/uploads\/2016\/02\/1002a-705x469.jpg 705w, https:\/\/www.proholzlandwald.de\/bi\/wp-content\/uploads\/2016\/02\/1002a-450x300.jpg 450w, https:\/\/www.proholzlandwald.de\/bi\/wp-content\/uploads\/2016\/02\/1002a.jpg 901w\" sizes=\"(max-width: 404px) 100vw, 404px\" \/><img loading=\"lazy\" decoding=\"async\" class=\"alignnone wp-image-1751\" src=\"http:\/\/www.proholzlandwald.de\/bi\/wp-content\/uploads\/2018\/06\/Naturerbefl\u00e4che-300x200.jpg\" alt=\"\" width=\"404\" height=\"269\" srcset=\"https:\/\/www.proholzlandwald.de\/bi\/wp-content\/uploads\/2018\/06\/Naturerbefl\u00e4che-300x200.jpg 300w, https:\/\/www.proholzlandwald.de\/bi\/wp-content\/uploads\/2018\/06\/Naturerbefl\u00e4che-768x513.jpg 768w, https:\/\/www.proholzlandwald.de\/bi\/wp-content\/uploads\/2018\/06\/Naturerbefl\u00e4che-705x471.jpg 705w, https:\/\/www.proholzlandwald.de\/bi\/wp-content\/uploads\/2018\/06\/Naturerbefl\u00e4che-450x300.jpg 450w, https:\/\/www.proholzlandwald.de\/bi\/wp-content\/uploads\/2018\/06\/Naturerbefl\u00e4che.jpg 954w\" sizes=\"(max-width: 404px) 100vw, 404px\" \/><\/p>\n<h3><\/h3>\n<p><strong><span style=\"color: #ff0000;\">Auf Nationalen Naturerbefl\u00e4chen werden sich keine Windr\u00e4der drehen<\/span>!<\/strong><\/p>\n<p>&nbsp;<\/p>\n<p>Wir setzen uns auch weiterhin daf\u00fcr ein:<\/p>\n<p>Keine Windr\u00e4der in die W\u00e4lder- und insbesondere <strong><span style=\"color: #ff0000;\">keine Windr\u00e4der in die W\u00e4lder des Holzlandes<\/span>.<\/strong><\/p>\n<p>&nbsp;<\/p>\n<p>Der Vorstand<\/p>\n<h3><\/h3>\n<p>&nbsp;<\/p>\n","protected":false},"excerpt":{"rendered":"<p>GESCHAFFT Ab 01.Oktober 2018 wird die Liegenschaft Tautenhain (u.a. ehemaliges Ausbildungsgel\u00e4nde) zum Nationalen Naturerbe. Die Deutsche Bundesstiftung Umwelt (DBU) wird Eigent\u00fcmer der Fl\u00e4che. Geplant waren Windr\u00e4der, wir haben uns vehement zur Wehr gesetzt, \u00fcber 9.000 Unterschriften gesammelt und den m\u00f6glichen Investoren und den sie unterst\u00fctzenden Politikern klar gemacht: Keine Windr\u00e4der im Holzlandwald, schon gar nicht [&hellip;]<\/p>\n","protected":false},"author":4,"featured_media":1749,"comment_status":"open","ping_status":"open","sticky":false,"template":"","format":"standard","meta":{"footnotes":""},"categories":[98,1,11,19],"tags":[90,119,118,10,5],"yoast_head":"<!-- This site is optimized with the Yoast SEO plugin v22.3 - https:\/\/yoast.com\/wordpress\/plugins\/seo\/ -->\n<title>Tautenhainer Liegenschaft wird Nationales Naturerbe - ProHolzlandwald.de<\/title>\n<meta name=\"robots\" content=\"index, follow, max-snippet:-1, max-image-preview:large, max-video-preview:-1\" \/>\n<link rel=\"canonical\" href=\"https:\/\/www.proholzlandwald.de\/bi\/tautenhainer-liegenschaft-wird-nationales-naturerbe\/\" \/>\n<meta property=\"og:locale\" content=\"de_DE\" \/>\n<meta property=\"og:type\" content=\"article\" \/>\n<meta property=\"og:title\" content=\"Tautenhainer Liegenschaft wird Nationales Naturerbe - ProHolzlandwald.de\" \/>\n<meta property=\"og:description\" content=\"GESCHAFFT Ab 01.Oktober 2018 wird die Liegenschaft Tautenhain (u.a. ehemaliges Ausbildungsgel\u00e4nde) zum Nationalen Naturerbe. Die Deutsche Bundesstiftung Umwelt (DBU) wird Eigent\u00fcmer der Fl\u00e4che. Geplant waren Windr\u00e4der, wir haben uns vehement zur Wehr gesetzt, \u00fcber 9.000 Unterschriften gesammelt und den m\u00f6glichen Investoren und den sie unterst\u00fctzenden Politikern klar gemacht: Keine Windr\u00e4der im Holzlandwald, schon gar nicht [&hellip;]\" \/>\n<meta property=\"og:url\" content=\"https:\/\/www.proholzlandwald.de\/bi\/tautenhainer-liegenschaft-wird-nationales-naturerbe\/\" \/>\n<meta property=\"og:site_name\" content=\"ProHolzlandwald.de\" \/>\n<meta property=\"article:published_time\" content=\"2018-06-27T20:07:18+00:00\" \/>\n<meta property=\"article:modified_time\" content=\"2018-06-29T07:17:23+00:00\" \/>\n<meta property=\"og:image\" content=\"https:\/\/www.proholzlandwald.de\/bi\/wp-content\/uploads\/2018\/06\/Fotolia_18880507_XS.jpg\" \/>\n\t<meta property=\"og:image:width\" content=\"424\" \/>\n\t<meta property=\"og:image:height\" content=\"283\" \/>\n\t<meta property=\"og:image:type\" content=\"image\/jpeg\" \/>\n<meta name=\"author\" content=\"Michael Pfl\u00fcgner\" \/>\n<meta name=\"twitter:card\" content=\"summary_large_image\" \/>\n<meta name=\"twitter:label1\" content=\"Verfasst von\" \/>\n\t<meta name=\"twitter:data1\" content=\"Michael Pfl\u00fcgner\" \/>\n\t<meta name=\"twitter:label2\" content=\"Gesch\u00e4tzte Lesezeit\" \/>\n\t<meta name=\"twitter:data2\" content=\"1\u00a0Minute\" \/>\n<script type=\"application\/ld+json\" class=\"yoast-schema-graph\">{\"@context\":\"https:\/\/schema.org\",\"@graph\":[{\"@type\":\"WebPage\",\"@id\":\"https:\/\/www.proholzlandwald.de\/bi\/tautenhainer-liegenschaft-wird-nationales-naturerbe\/\",\"url\":\"https:\/\/www.proholzlandwald.de\/bi\/tautenhainer-liegenschaft-wird-nationales-naturerbe\/\",\"name\":\"Tautenhainer Liegenschaft wird Nationales Naturerbe - ProHolzlandwald.de\",\"isPartOf\":{\"@id\":\"https:\/\/www.proholzlandwald.de\/bi\/#website\"},\"primaryImageOfPage\":{\"@id\":\"https:\/\/www.proholzlandwald.de\/bi\/tautenhainer-liegenschaft-wird-nationales-naturerbe\/#primaryimage\"},\"image\":{\"@id\":\"https:\/\/www.proholzlandwald.de\/bi\/tautenhainer-liegenschaft-wird-nationales-naturerbe\/#primaryimage\"},\"thumbnailUrl\":\"https:\/\/www.proholzlandwald.de\/bi\/wp-content\/uploads\/2018\/06\/Fotolia_18880507_XS.jpg\",\"datePublished\":\"2018-06-27T20:07:18+00:00\",\"dateModified\":\"2018-06-29T07:17:23+00:00\",\"author\":{\"@id\":\"https:\/\/www.proholzlandwald.de\/bi\/#\/schema\/person\/cd5f9c7e94d039b01b70c54b2610c0cd\"},\"breadcrumb\":{\"@id\":\"https:\/\/www.proholzlandwald.de\/bi\/tautenhainer-liegenschaft-wird-nationales-naturerbe\/#breadcrumb\"},\"inLanguage\":\"de\",\"potentialAction\":[{\"@type\":\"ReadAction\",\"target\":[\"https:\/\/www.proholzlandwald.de\/bi\/tautenhainer-liegenschaft-wird-nationales-naturerbe\/\"]}]},{\"@type\":\"ImageObject\",\"inLanguage\":\"de\",\"@id\":\"https:\/\/www.proholzlandwald.de\/bi\/tautenhainer-liegenschaft-wird-nationales-naturerbe\/#primaryimage\",\"url\":\"https:\/\/www.proholzlandwald.de\/bi\/wp-content\/uploads\/2018\/06\/Fotolia_18880507_XS.jpg\",\"contentUrl\":\"https:\/\/www.proholzlandwald.de\/bi\/wp-content\/uploads\/2018\/06\/Fotolia_18880507_XS.jpg\",\"width\":424,\"height\":283},{\"@type\":\"BreadcrumbList\",\"@id\":\"https:\/\/www.proholzlandwald.de\/bi\/tautenhainer-liegenschaft-wird-nationales-naturerbe\/#breadcrumb\",\"itemListElement\":[{\"@type\":\"ListItem\",\"position\":1,\"name\":\"Startseite\",\"item\":\"https:\/\/www.proholzlandwald.de\/bi\/startseite-2\/\"},{\"@type\":\"ListItem\",\"position\":2,\"name\":\"Tautenhainer Liegenschaft wird Nationales Naturerbe\"}]},{\"@type\":\"WebSite\",\"@id\":\"https:\/\/www.proholzlandwald.de\/bi\/#website\",\"url\":\"https:\/\/www.proholzlandwald.de\/bi\/\",\"name\":\"ProHolzlandwald.de\",\"description\":\"B\u00fcrgerinitiative ProHolzlandwald\",\"potentialAction\":[{\"@type\":\"SearchAction\",\"target\":{\"@type\":\"EntryPoint\",\"urlTemplate\":\"https:\/\/www.proholzlandwald.de\/bi\/?s={search_term_string}\"},\"query-input\":\"required name=search_term_string\"}],\"inLanguage\":\"de\"},{\"@type\":\"Person\",\"@id\":\"https:\/\/www.proholzlandwald.de\/bi\/#\/schema\/person\/cd5f9c7e94d039b01b70c54b2610c0cd\",\"name\":\"Michael Pfl\u00fcgner\",\"url\":\"https:\/\/www.proholzlandwald.de\/bi\/author\/mp\/\"}]}<\/script>\n<!-- \/ Yoast SEO plugin. -->","yoast_head_json":{"title":"Tautenhainer Liegenschaft wird Nationales Naturerbe - ProHolzlandwald.de","robots":{"index":"index","follow":"follow","max-snippet":"max-snippet:-1","max-image-preview":"max-image-preview:large","max-video-preview":"max-video-preview:-1"},"canonical":"https:\/\/www.proholzlandwald.de\/bi\/tautenhainer-liegenschaft-wird-nationales-naturerbe\/","og_locale":"de_DE","og_type":"article","og_title":"Tautenhainer Liegenschaft wird Nationales Naturerbe - ProHolzlandwald.de","og_description":"GESCHAFFT Ab 01.Oktober 2018 wird die Liegenschaft Tautenhain (u.a. ehemaliges Ausbildungsgel\u00e4nde) zum Nationalen Naturerbe. Die Deutsche Bundesstiftung Umwelt (DBU) wird Eigent\u00fcmer der Fl\u00e4che. Geplant waren Windr\u00e4der, wir haben uns vehement zur Wehr gesetzt, \u00fcber 9.000 Unterschriften gesammelt und den m\u00f6glichen Investoren und den sie unterst\u00fctzenden Politikern klar gemacht: Keine Windr\u00e4der im Holzlandwald, schon gar nicht [&hellip;]","og_url":"https:\/\/www.proholzlandwald.de\/bi\/tautenhainer-liegenschaft-wird-nationales-naturerbe\/","og_site_name":"ProHolzlandwald.de","article_published_time":"2018-06-27T20:07:18+00:00","article_modified_time":"2018-06-29T07:17:23+00:00","og_image":[{"width":424,"height":283,"url":"https:\/\/www.proholzlandwald.de\/bi\/wp-content\/uploads\/2018\/06\/Fotolia_18880507_XS.jpg","type":"image\/jpeg"}],"author":"Michael Pfl\u00fcgner","twitter_card":"summary_large_image","twitter_misc":{"Verfasst von":"Michael Pfl\u00fcgner","Gesch\u00e4tzte Lesezeit":"1\u00a0Minute"},"schema":{"@context":"https:\/\/schema.org","@graph":[{"@type":"WebPage","@id":"https:\/\/www.proholzlandwald.de\/bi\/tautenhainer-liegenschaft-wird-nationales-naturerbe\/","url":"https:\/\/www.proholzlandwald.de\/bi\/tautenhainer-liegenschaft-wird-nationales-naturerbe\/","name":"Tautenhainer Liegenschaft wird Nationales Naturerbe - ProHolzlandwald.de","isPartOf":{"@id":"https:\/\/www.proholzlandwald.de\/bi\/#website"},"primaryImageOfPage":{"@id":"https:\/\/www.proholzlandwald.de\/bi\/tautenhainer-liegenschaft-wird-nationales-naturerbe\/#primaryimage"},"image":{"@id":"https:\/\/www.proholzlandwald.de\/bi\/tautenhainer-liegenschaft-wird-nationales-naturerbe\/#primaryimage"},"thumbnailUrl":"https:\/\/www.proholzlandwald.de\/bi\/wp-content\/uploads\/2018\/06\/Fotolia_18880507_XS.jpg","datePublished":"2018-06-27T20:07:18+00:00","dateModified":"2018-06-29T07:17:23+00:00","author":{"@id":"https:\/\/www.proholzlandwald.de\/bi\/#\/schema\/person\/cd5f9c7e94d039b01b70c54b2610c0cd"},"breadcrumb":{"@id":"https:\/\/www.proholzlandwald.de\/bi\/tautenhainer-liegenschaft-wird-nationales-naturerbe\/#breadcrumb"},"inLanguage":"de","potentialAction":[{"@type":"ReadAction","target":["https:\/\/www.proholzlandwald.de\/bi\/tautenhainer-liegenschaft-wird-nationales-naturerbe\/"]}]},{"@type":"ImageObject","inLanguage":"de","@id":"https:\/\/www.proholzlandwald.de\/bi\/tautenhainer-liegenschaft-wird-nationales-naturerbe\/#primaryimage","url":"https:\/\/www.proholzlandwald.de\/bi\/wp-content\/uploads\/2018\/06\/Fotolia_18880507_XS.jpg","contentUrl":"https:\/\/www.proholzlandwald.de\/bi\/wp-content\/uploads\/2018\/06\/Fotolia_18880507_XS.jpg","width":424,"height":283},{"@type":"BreadcrumbList","@id":"https:\/\/www.proholzlandwald.de\/bi\/tautenhainer-liegenschaft-wird-nationales-naturerbe\/#breadcrumb","itemListElement":[{"@type":"ListItem","position":1,"name":"Startseite","item":"https:\/\/www.proholzlandwald.de\/bi\/startseite-2\/"},{"@type":"ListItem","position":2,"name":"Tautenhainer Liegenschaft wird Nationales Naturerbe"}]},{"@type":"WebSite","@id":"https:\/\/www.proholzlandwald.de\/bi\/#website","url":"https:\/\/www.proholzlandwald.de\/bi\/","name":"ProHolzlandwald.de","description":"B\u00fcrgerinitiative ProHolzlandwald","potentialAction":[{"@type":"SearchAction","target":{"@type":"EntryPoint","urlTemplate":"https:\/\/www.proholzlandwald.de\/bi\/?s={search_term_string}"},"query-input":"required name=search_term_string"}],"inLanguage":"de"},{"@type":"Person","@id":"https:\/\/www.proholzlandwald.de\/bi\/#\/schema\/person\/cd5f9c7e94d039b01b70c54b2610c0cd","name":"Michael Pfl\u00fcgner","url":"https:\/\/www.proholzlandwald.de\/bi\/author\/mp\/"}]}},"_links":{"self":[{"href":"https:\/\/www.proholzlandwald.de\/bi\/wp-json\/wp\/v2\/posts\/1743"}],"collection":[{"href":"https:\/\/www.proholzlandwald.de\/bi\/wp-json\/wp\/v2\/posts"}],"about":[{"href":"https:\/\/www.proholzlandwald.de\/bi\/wp-json\/wp\/v2\/types\/post"}],"author":[{"embeddable":true,"href":"https:\/\/www.proholzlandwald.de\/bi\/wp-json\/wp\/v2\/users\/4"}],"replies":[{"embeddable":true,"href":"https:\/\/www.proholzlandwald.de\/bi\/wp-json\/wp\/v2\/comments?post=1743"}],"version-history":[{"count":10,"href":"https:\/\/www.proholzlandwald.de\/bi\/wp-json\/wp\/v2\/posts\/1743\/revisions"}],"predecessor-version":[{"id":1757,"href":"https:\/\/www.proholzlandwald.de\/bi\/wp-json\/wp\/v2\/posts\/1743\/revisions\/1757"}],"wp:featuredmedia":[{"embeddable":true,"href":"https:\/\/www.proholzlandwald.de\/bi\/wp-json\/wp\/v2\/media\/1749"}],"wp:attachment":[{"href":"https:\/\/www.proholzlandwald.de\/bi\/wp-json\/wp\/v2\/media?parent=1743"}],"wp:term":[{"taxonomy":"category","embeddable":true,"href":"https:\/\/www.proholzlandwald.de\/bi\/wp-json\/wp\/v2\/categories?post=1743"},{"taxonomy":"post_tag","embeddable":true,"href":"https:\/\/www.proholzlandwald.de\/bi\/wp-json\/wp\/v2\/tags?post=1743"}],"curies":[{"name":"wp","href":"https:\/\/api.w.org\/{rel}","templated":true}]}}