{"id":1893,"date":"2019-06-12T17:40:39","date_gmt":"2019-06-12T15:40:39","guid":{"rendered":"http:\/\/www.proholzlandwald.de\/bi\/?p=1893"},"modified":"2019-06-12T17:40:39","modified_gmt":"2019-06-12T15:40:39","slug":"holzlaender-zur-demo-gegen-windraeder-im-wald","status":"publish","type":"post","link":"https:\/\/www.proholzlandwald.de\/bi\/holzlaender-zur-demo-gegen-windraeder-im-wald\/","title":{"rendered":"Holzl\u00e4nder zur Demo gegen Windr\u00e4der im Wald"},"content":{"rendered":"<p><span style=\"font-family: Calibri; font-size: medium;\">Mitglieder der<strong> BI proholzlandwald e.V.<\/strong> und der <strong>BI St. Gangloff<\/strong> folgten dem<strong> Aufruf des Aktionsb\u00fcndnisses pro Natur<\/strong> <strong>zum Schutz unsere Heimat und der VI Rettet Brandenburg<\/strong> und reisten nach Berlin. <\/span><span style=\"font-family: Calibri; font-size: medium;\">\u00a0<\/span><br \/>\n<span style=\"font-family: Calibri; font-size: medium;\"><strong>Am 23.Mai 2019 versammelten sich ca. 1500 Menschen vor dem Bundeskanzleramt,<\/strong> um f\u00fcr eine vern\u00fcnftige Energiewende und gegen die Zerst\u00f6rung unserer Natur- und Kultur- Landschaften durch die Windenergie zu demonstrieren. <\/span><span style=\"font-family: Calibri; font-size: medium;\">\u00a0<\/span><br \/>\n<span style=\"font-family: Calibri; font-size: medium;\"><strong>&#8220;Landmenschen&#8221;<\/strong> \u00a0von der Nord- und Ostseek\u00fcste bis zu den Alpen haben Ihren<strong> \u00c4rger \u00fcber Landschaftszerst\u00f6rung, Gesundheitssch\u00e4den, Energiekostenverteuerung und Verst\u00f6\u00dfen gegen die Naturschutzgesetze Ausdruck gegeben und in die Hauptstadt getragen<\/strong>.<\/span><span style=\"font-family: Calibri; font-size: medium;\">\u00a0<\/span><br \/>\n<span style=\"font-family: Calibri; font-size: medium;\">In einem bunten Zug vom Bundeskanzleramt bis zum Brandenburger Tor wurde <strong>am \u00a070. Geburtstag des Grundgesetzes<\/strong> darauf aufmerksam gemacht, dass <strong>\u201ejeder das Recht auf k\u00f6rperliche Unversehrtheit hat<\/strong>\u201c , auch die Landbev\u00f6lkerung, die den Auswirkungen der Energiewende besonders ausgesetzt ist.<\/span><span style=\"font-family: Calibri; font-size: medium;\">\u00a0<\/span><br \/>\n<span style=\"font-family: Calibri; font-size: medium;\"><strong>30.000 Windenergieanlagen, die nur zu 25% Ihrer installierten Leistung ins Netz bringen<\/strong> und denen die notwenigen <strong>Speicherl\u00f6sungen fehlen<\/strong>, <strong>n\u00fctzen nur den subventionierten Investoren.<\/strong> Sie haben seit 20 Jahren den CO2 Aussto\u00df in <strong>Deutschland<\/strong> nicht verringert und<strong> retten alleine das Weltklima nicht.<\/strong><\/span><strong><span style=\"font-family: Calibri; font-size: medium;\">\u00a0<\/span><\/strong><br \/>\n<span style=\"font-family: Calibri; font-size: medium;\">Auch wenn sich <strong>von der Gro\u00dfen Politik keiner hat blicken lassen<\/strong> (es war Geburtstagskaffeetrinken \u00a0im Schlo\u00df Bellevue) und das mediale Interesse von ARD und ZDF nicht zu bemerken war, <strong>hoffen die Teilnehmer,<\/strong> dass <strong>das gemeinsame Auftreten in Berlin<\/strong> den einen oder anderen St\u00e4dter doch aufhorchen l\u00e4\u00dft. <\/span><\/p>\n<p>Elke Pirl<\/p>\n<p><img loading=\"lazy\" decoding=\"async\" class=\"size-medium wp-image-1894\" src=\"http:\/\/www.proholzlandwald.de\/bi\/wp-content\/uploads\/2019\/06\/Bln0-300x225.jpg\" alt=\"\" width=\"300\" height=\"225\" srcset=\"https:\/\/www.proholzlandwald.de\/bi\/wp-content\/uploads\/2019\/06\/Bln0-300x225.jpg 300w, https:\/\/www.proholzlandwald.de\/bi\/wp-content\/uploads\/2019\/06\/Bln0-768x576.jpg 768w, https:\/\/www.proholzlandwald.de\/bi\/wp-content\/uploads\/2019\/06\/Bln0-705x529.jpg 705w, https:\/\/www.proholzlandwald.de\/bi\/wp-content\/uploads\/2019\/06\/Bln0-450x338.jpg 450w, https:\/\/www.proholzlandwald.de\/bi\/wp-content\/uploads\/2019\/06\/Bln0.jpg 1024w\" sizes=\"(max-width: 300px) 100vw, 300px\" \/><\/p>\n<p><img loading=\"lazy\" decoding=\"async\" class=\"alignnone size-medium wp-image-1895\" src=\"http:\/\/www.proholzlandwald.de\/bi\/wp-content\/uploads\/2019\/06\/Bln1-300x169.jpg\" alt=\"\" width=\"300\" height=\"169\" srcset=\"https:\/\/www.proholzlandwald.de\/bi\/wp-content\/uploads\/2019\/06\/Bln1-300x169.jpg 300w, https:\/\/www.proholzlandwald.de\/bi\/wp-content\/uploads\/2019\/06\/Bln1-768x432.jpg 768w, https:\/\/www.proholzlandwald.de\/bi\/wp-content\/uploads\/2019\/06\/Bln1-705x397.jpg 705w, https:\/\/www.proholzlandwald.de\/bi\/wp-content\/uploads\/2019\/06\/Bln1-450x253.jpg 450w, https:\/\/www.proholzlandwald.de\/bi\/wp-content\/uploads\/2019\/06\/Bln1.jpg 1024w\" sizes=\"(max-width: 300px) 100vw, 300px\" \/> <img loading=\"lazy\" decoding=\"async\" class=\"alignnone size-medium wp-image-1896\" src=\"http:\/\/www.proholzlandwald.de\/bi\/wp-content\/uploads\/2019\/06\/Bln2-300x225.jpg\" alt=\"\" width=\"300\" height=\"225\" srcset=\"https:\/\/www.proholzlandwald.de\/bi\/wp-content\/uploads\/2019\/06\/Bln2-300x225.jpg 300w, https:\/\/www.proholzlandwald.de\/bi\/wp-content\/uploads\/2019\/06\/Bln2-768x576.jpg 768w, https:\/\/www.proholzlandwald.de\/bi\/wp-content\/uploads\/2019\/06\/Bln2-705x529.jpg 705w, https:\/\/www.proholzlandwald.de\/bi\/wp-content\/uploads\/2019\/06\/Bln2-450x338.jpg 450w, https:\/\/www.proholzlandwald.de\/bi\/wp-content\/uploads\/2019\/06\/Bln2.jpg 1024w\" sizes=\"(max-width: 300px) 100vw, 300px\" \/> <img loading=\"lazy\" decoding=\"async\" class=\"alignnone size-medium wp-image-1897\" src=\"http:\/\/www.proholzlandwald.de\/bi\/wp-content\/uploads\/2019\/06\/Bln3-300x225.jpg\" alt=\"\" width=\"300\" height=\"225\" srcset=\"https:\/\/www.proholzlandwald.de\/bi\/wp-content\/uploads\/2019\/06\/Bln3-300x225.jpg 300w, https:\/\/www.proholzlandwald.de\/bi\/wp-content\/uploads\/2019\/06\/Bln3-768x576.jpg 768w, https:\/\/www.proholzlandwald.de\/bi\/wp-content\/uploads\/2019\/06\/Bln3-705x529.jpg 705w, https:\/\/www.proholzlandwald.de\/bi\/wp-content\/uploads\/2019\/06\/Bln3-450x338.jpg 450w, https:\/\/www.proholzlandwald.de\/bi\/wp-content\/uploads\/2019\/06\/Bln3.jpg 1024w\" sizes=\"(max-width: 300px) 100vw, 300px\" \/> <img loading=\"lazy\" decoding=\"async\" class=\"alignnone size-medium wp-image-1898\" src=\"http:\/\/www.proholzlandwald.de\/bi\/wp-content\/uploads\/2019\/06\/Bln4-300x225.jpg\" alt=\"\" width=\"300\" height=\"225\" srcset=\"https:\/\/www.proholzlandwald.de\/bi\/wp-content\/uploads\/2019\/06\/Bln4-300x225.jpg 300w, https:\/\/www.proholzlandwald.de\/bi\/wp-content\/uploads\/2019\/06\/Bln4-768x576.jpg 768w, https:\/\/www.proholzlandwald.de\/bi\/wp-content\/uploads\/2019\/06\/Bln4-705x529.jpg 705w, https:\/\/www.proholzlandwald.de\/bi\/wp-content\/uploads\/2019\/06\/Bln4-450x338.jpg 450w, https:\/\/www.proholzlandwald.de\/bi\/wp-content\/uploads\/2019\/06\/Bln4.jpg 1024w\" sizes=\"(max-width: 300px) 100vw, 300px\" \/> <img loading=\"lazy\" decoding=\"async\" class=\"alignnone size-medium wp-image-1899\" src=\"http:\/\/www.proholzlandwald.de\/bi\/wp-content\/uploads\/2019\/06\/Bln5-300x225.jpg\" alt=\"\" width=\"300\" height=\"225\" srcset=\"https:\/\/www.proholzlandwald.de\/bi\/wp-content\/uploads\/2019\/06\/Bln5-300x225.jpg 300w, https:\/\/www.proholzlandwald.de\/bi\/wp-content\/uploads\/2019\/06\/Bln5-768x576.jpg 768w, https:\/\/www.proholzlandwald.de\/bi\/wp-content\/uploads\/2019\/06\/Bln5-705x529.jpg 705w, https:\/\/www.proholzlandwald.de\/bi\/wp-content\/uploads\/2019\/06\/Bln5-450x338.jpg 450w, https:\/\/www.proholzlandwald.de\/bi\/wp-content\/uploads\/2019\/06\/Bln5.jpg 1024w\" sizes=\"(max-width: 300px) 100vw, 300px\" \/> <img loading=\"lazy\" decoding=\"async\" class=\"alignnone size-medium wp-image-1900\" src=\"http:\/\/www.proholzlandwald.de\/bi\/wp-content\/uploads\/2019\/06\/Bln6-300x169.jpg\" alt=\"\" width=\"300\" height=\"169\" srcset=\"https:\/\/www.proholzlandwald.de\/bi\/wp-content\/uploads\/2019\/06\/Bln6-300x169.jpg 300w, https:\/\/www.proholzlandwald.de\/bi\/wp-content\/uploads\/2019\/06\/Bln6-768x432.jpg 768w, https:\/\/www.proholzlandwald.de\/bi\/wp-content\/uploads\/2019\/06\/Bln6-705x397.jpg 705w, https:\/\/www.proholzlandwald.de\/bi\/wp-content\/uploads\/2019\/06\/Bln6-450x253.jpg 450w, https:\/\/www.proholzlandwald.de\/bi\/wp-content\/uploads\/2019\/06\/Bln6.jpg 1024w\" sizes=\"(max-width: 300px) 100vw, 300px\" \/> <img loading=\"lazy\" decoding=\"async\" class=\"alignnone size-medium wp-image-1901\" src=\"http:\/\/www.proholzlandwald.de\/bi\/wp-content\/uploads\/2019\/06\/Bln7-300x225.jpg\" alt=\"\" width=\"300\" height=\"225\" srcset=\"https:\/\/www.proholzlandwald.de\/bi\/wp-content\/uploads\/2019\/06\/Bln7-300x225.jpg 300w, https:\/\/www.proholzlandwald.de\/bi\/wp-content\/uploads\/2019\/06\/Bln7-768x576.jpg 768w, https:\/\/www.proholzlandwald.de\/bi\/wp-content\/uploads\/2019\/06\/Bln7-705x529.jpg 705w, https:\/\/www.proholzlandwald.de\/bi\/wp-content\/uploads\/2019\/06\/Bln7-450x338.jpg 450w, https:\/\/www.proholzlandwald.de\/bi\/wp-content\/uploads\/2019\/06\/Bln7.jpg 1024w\" sizes=\"(max-width: 300px) 100vw, 300px\" \/> <img loading=\"lazy\" decoding=\"async\" class=\"alignnone size-medium wp-image-1902\" src=\"http:\/\/www.proholzlandwald.de\/bi\/wp-content\/uploads\/2019\/06\/Bln8-300x225.jpg\" alt=\"\" width=\"300\" height=\"225\" srcset=\"https:\/\/www.proholzlandwald.de\/bi\/wp-content\/uploads\/2019\/06\/Bln8-300x225.jpg 300w, https:\/\/www.proholzlandwald.de\/bi\/wp-content\/uploads\/2019\/06\/Bln8-768x576.jpg 768w, https:\/\/www.proholzlandwald.de\/bi\/wp-content\/uploads\/2019\/06\/Bln8-705x529.jpg 705w, https:\/\/www.proholzlandwald.de\/bi\/wp-content\/uploads\/2019\/06\/Bln8-450x338.jpg 450w, https:\/\/www.proholzlandwald.de\/bi\/wp-content\/uploads\/2019\/06\/Bln8.jpg 1024w\" sizes=\"(max-width: 300px) 100vw, 300px\" \/> <img loading=\"lazy\" decoding=\"async\" class=\"alignnone size-medium wp-image-1903\" src=\"http:\/\/www.proholzlandwald.de\/bi\/wp-content\/uploads\/2019\/06\/Bln9-300x225.jpg\" alt=\"\" width=\"300\" height=\"225\" srcset=\"https:\/\/www.proholzlandwald.de\/bi\/wp-content\/uploads\/2019\/06\/Bln9-300x225.jpg 300w, https:\/\/www.proholzlandwald.de\/bi\/wp-content\/uploads\/2019\/06\/Bln9-768x576.jpg 768w, https:\/\/www.proholzlandwald.de\/bi\/wp-content\/uploads\/2019\/06\/Bln9-705x529.jpg 705w, https:\/\/www.proholzlandwald.de\/bi\/wp-content\/uploads\/2019\/06\/Bln9-450x338.jpg 450w, https:\/\/www.proholzlandwald.de\/bi\/wp-content\/uploads\/2019\/06\/Bln9.jpg 1024w\" sizes=\"(max-width: 300px) 100vw, 300px\" \/> <img loading=\"lazy\" decoding=\"async\" class=\"alignnone size-medium wp-image-1904\" src=\"http:\/\/www.proholzlandwald.de\/bi\/wp-content\/uploads\/2019\/06\/Bln10-300x225.jpg\" alt=\"\" width=\"300\" height=\"225\" srcset=\"https:\/\/www.proholzlandwald.de\/bi\/wp-content\/uploads\/2019\/06\/Bln10-300x225.jpg 300w, https:\/\/www.proholzlandwald.de\/bi\/wp-content\/uploads\/2019\/06\/Bln10-768x576.jpg 768w, https:\/\/www.proholzlandwald.de\/bi\/wp-content\/uploads\/2019\/06\/Bln10-705x529.jpg 705w, https:\/\/www.proholzlandwald.de\/bi\/wp-content\/uploads\/2019\/06\/Bln10-450x338.jpg 450w, https:\/\/www.proholzlandwald.de\/bi\/wp-content\/uploads\/2019\/06\/Bln10.jpg 1024w\" sizes=\"(max-width: 300px) 100vw, 300px\" \/> <img loading=\"lazy\" decoding=\"async\" class=\"alignnone size-medium wp-image-1905\" src=\"http:\/\/www.proholzlandwald.de\/bi\/wp-content\/uploads\/2019\/06\/Bln11-300x225.jpg\" alt=\"\" width=\"300\" height=\"225\" srcset=\"https:\/\/www.proholzlandwald.de\/bi\/wp-content\/uploads\/2019\/06\/Bln11-300x225.jpg 300w, https:\/\/www.proholzlandwald.de\/bi\/wp-content\/uploads\/2019\/06\/Bln11-768x576.jpg 768w, https:\/\/www.proholzlandwald.de\/bi\/wp-content\/uploads\/2019\/06\/Bln11-705x529.jpg 705w, https:\/\/www.proholzlandwald.de\/bi\/wp-content\/uploads\/2019\/06\/Bln11-450x338.jpg 450w, https:\/\/www.proholzlandwald.de\/bi\/wp-content\/uploads\/2019\/06\/Bln11.jpg 1024w\" sizes=\"(max-width: 300px) 100vw, 300px\" \/><\/p>\n","protected":false},"excerpt":{"rendered":"<p>Mitglieder der BI proholzlandwald e.V. und der BI St. Gangloff folgten dem Aufruf des Aktionsb\u00fcndnisses pro Natur zum Schutz unsere Heimat und der VI Rettet Brandenburg und reisten nach Berlin. \u00a0 Am 23.Mai 2019 versammelten sich ca. 1500 Menschen vor dem Bundeskanzleramt, um f\u00fcr eine vern\u00fcnftige Energiewende und gegen die Zerst\u00f6rung unserer Natur- und Kultur- [&hellip;]<\/p>\n","protected":false},"author":4,"featured_media":1899,"comment_status":"open","ping_status":"open","sticky":false,"template":"","format":"standard","meta":{"footnotes":""},"categories":[98,1,8],"tags":[130,9,129,10],"yoast_head":"<!-- This site is optimized with the Yoast SEO plugin v22.3 - https:\/\/yoast.com\/wordpress\/plugins\/seo\/ -->\n<title>Holzl\u00e4nder zur Demo gegen Windr\u00e4der im Wald - ProHolzlandwald.de<\/title>\n<meta name=\"robots\" content=\"index, follow, max-snippet:-1, max-image-preview:large, max-video-preview:-1\" \/>\n<link rel=\"canonical\" href=\"https:\/\/www.proholzlandwald.de\/bi\/holzlaender-zur-demo-gegen-windraeder-im-wald\/\" \/>\n<meta property=\"og:locale\" content=\"de_DE\" \/>\n<meta property=\"og:type\" content=\"article\" \/>\n<meta property=\"og:title\" content=\"Holzl\u00e4nder zur Demo gegen Windr\u00e4der im Wald - ProHolzlandwald.de\" \/>\n<meta property=\"og:description\" content=\"Mitglieder der BI proholzlandwald e.V. und der BI St. Gangloff folgten dem Aufruf des Aktionsb\u00fcndnisses pro Natur zum Schutz unsere Heimat und der VI Rettet Brandenburg und reisten nach Berlin. \u00a0 Am 23.Mai 2019 versammelten sich ca. 1500 Menschen vor dem Bundeskanzleramt, um f\u00fcr eine vern\u00fcnftige Energiewende und gegen die Zerst\u00f6rung unserer Natur- und Kultur- [&hellip;]\" \/>\n<meta property=\"og:url\" content=\"https:\/\/www.proholzlandwald.de\/bi\/holzlaender-zur-demo-gegen-windraeder-im-wald\/\" \/>\n<meta property=\"og:site_name\" content=\"ProHolzlandwald.de\" \/>\n<meta property=\"article:published_time\" content=\"2019-06-12T15:40:39+00:00\" \/>\n<meta property=\"og:image\" content=\"https:\/\/www.proholzlandwald.de\/bi\/wp-content\/uploads\/2019\/06\/Bln5.jpg\" \/>\n\t<meta property=\"og:image:width\" content=\"1024\" \/>\n\t<meta property=\"og:image:height\" content=\"768\" \/>\n\t<meta property=\"og:image:type\" content=\"image\/jpeg\" \/>\n<meta name=\"author\" content=\"Michael Pfl\u00fcgner\" \/>\n<meta name=\"twitter:card\" content=\"summary_large_image\" \/>\n<meta name=\"twitter:label1\" content=\"Verfasst von\" \/>\n\t<meta name=\"twitter:data1\" content=\"Michael Pfl\u00fcgner\" \/>\n\t<meta name=\"twitter:label2\" content=\"Gesch\u00e4tzte Lesezeit\" \/>\n\t<meta name=\"twitter:data2\" content=\"1\u00a0Minute\" \/>\n<script type=\"application\/ld+json\" class=\"yoast-schema-graph\">{\"@context\":\"https:\/\/schema.org\",\"@graph\":[{\"@type\":\"WebPage\",\"@id\":\"https:\/\/www.proholzlandwald.de\/bi\/holzlaender-zur-demo-gegen-windraeder-im-wald\/\",\"url\":\"https:\/\/www.proholzlandwald.de\/bi\/holzlaender-zur-demo-gegen-windraeder-im-wald\/\",\"name\":\"Holzl\u00e4nder zur Demo gegen Windr\u00e4der im Wald - ProHolzlandwald.de\",\"isPartOf\":{\"@id\":\"https:\/\/www.proholzlandwald.de\/bi\/#website\"},\"primaryImageOfPage\":{\"@id\":\"https:\/\/www.proholzlandwald.de\/bi\/holzlaender-zur-demo-gegen-windraeder-im-wald\/#primaryimage\"},\"image\":{\"@id\":\"https:\/\/www.proholzlandwald.de\/bi\/holzlaender-zur-demo-gegen-windraeder-im-wald\/#primaryimage\"},\"thumbnailUrl\":\"https:\/\/www.proholzlandwald.de\/bi\/wp-content\/uploads\/2019\/06\/Bln5.jpg\",\"datePublished\":\"2019-06-12T15:40:39+00:00\",\"dateModified\":\"2019-06-12T15:40:39+00:00\",\"author\":{\"@id\":\"https:\/\/www.proholzlandwald.de\/bi\/#\/schema\/person\/cd5f9c7e94d039b01b70c54b2610c0cd\"},\"breadcrumb\":{\"@id\":\"https:\/\/www.proholzlandwald.de\/bi\/holzlaender-zur-demo-gegen-windraeder-im-wald\/#breadcrumb\"},\"inLanguage\":\"de\",\"potentialAction\":[{\"@type\":\"ReadAction\",\"target\":[\"https:\/\/www.proholzlandwald.de\/bi\/holzlaender-zur-demo-gegen-windraeder-im-wald\/\"]}]},{\"@type\":\"ImageObject\",\"inLanguage\":\"de\",\"@id\":\"https:\/\/www.proholzlandwald.de\/bi\/holzlaender-zur-demo-gegen-windraeder-im-wald\/#primaryimage\",\"url\":\"https:\/\/www.proholzlandwald.de\/bi\/wp-content\/uploads\/2019\/06\/Bln5.jpg\",\"contentUrl\":\"https:\/\/www.proholzlandwald.de\/bi\/wp-content\/uploads\/2019\/06\/Bln5.jpg\",\"width\":1024,\"height\":768},{\"@type\":\"BreadcrumbList\",\"@id\":\"https:\/\/www.proholzlandwald.de\/bi\/holzlaender-zur-demo-gegen-windraeder-im-wald\/#breadcrumb\",\"itemListElement\":[{\"@type\":\"ListItem\",\"position\":1,\"name\":\"Startseite\",\"item\":\"https:\/\/www.proholzlandwald.de\/bi\/startseite-2\/\"},{\"@type\":\"ListItem\",\"position\":2,\"name\":\"Holzl\u00e4nder zur Demo gegen Windr\u00e4der im Wald\"}]},{\"@type\":\"WebSite\",\"@id\":\"https:\/\/www.proholzlandwald.de\/bi\/#website\",\"url\":\"https:\/\/www.proholzlandwald.de\/bi\/\",\"name\":\"ProHolzlandwald.de\",\"description\":\"B\u00fcrgerinitiative ProHolzlandwald\",\"potentialAction\":[{\"@type\":\"SearchAction\",\"target\":{\"@type\":\"EntryPoint\",\"urlTemplate\":\"https:\/\/www.proholzlandwald.de\/bi\/?s={search_term_string}\"},\"query-input\":\"required name=search_term_string\"}],\"inLanguage\":\"de\"},{\"@type\":\"Person\",\"@id\":\"https:\/\/www.proholzlandwald.de\/bi\/#\/schema\/person\/cd5f9c7e94d039b01b70c54b2610c0cd\",\"name\":\"Michael Pfl\u00fcgner\",\"url\":\"https:\/\/www.proholzlandwald.de\/bi\/author\/mp\/\"}]}<\/script>\n<!-- \/ Yoast SEO plugin. -->","yoast_head_json":{"title":"Holzl\u00e4nder zur Demo gegen Windr\u00e4der im Wald - ProHolzlandwald.de","robots":{"index":"index","follow":"follow","max-snippet":"max-snippet:-1","max-image-preview":"max-image-preview:large","max-video-preview":"max-video-preview:-1"},"canonical":"https:\/\/www.proholzlandwald.de\/bi\/holzlaender-zur-demo-gegen-windraeder-im-wald\/","og_locale":"de_DE","og_type":"article","og_title":"Holzl\u00e4nder zur Demo gegen Windr\u00e4der im Wald - ProHolzlandwald.de","og_description":"Mitglieder der BI proholzlandwald e.V. und der BI St. Gangloff folgten dem Aufruf des Aktionsb\u00fcndnisses pro Natur zum Schutz unsere Heimat und der VI Rettet Brandenburg und reisten nach Berlin. \u00a0 Am 23.Mai 2019 versammelten sich ca. 1500 Menschen vor dem Bundeskanzleramt, um f\u00fcr eine vern\u00fcnftige Energiewende und gegen die Zerst\u00f6rung unserer Natur- und Kultur- [&hellip;]","og_url":"https:\/\/www.proholzlandwald.de\/bi\/holzlaender-zur-demo-gegen-windraeder-im-wald\/","og_site_name":"ProHolzlandwald.de","article_published_time":"2019-06-12T15:40:39+00:00","og_image":[{"width":1024,"height":768,"url":"https:\/\/www.proholzlandwald.de\/bi\/wp-content\/uploads\/2019\/06\/Bln5.jpg","type":"image\/jpeg"}],"author":"Michael Pfl\u00fcgner","twitter_card":"summary_large_image","twitter_misc":{"Verfasst von":"Michael Pfl\u00fcgner","Gesch\u00e4tzte Lesezeit":"1\u00a0Minute"},"schema":{"@context":"https:\/\/schema.org","@graph":[{"@type":"WebPage","@id":"https:\/\/www.proholzlandwald.de\/bi\/holzlaender-zur-demo-gegen-windraeder-im-wald\/","url":"https:\/\/www.proholzlandwald.de\/bi\/holzlaender-zur-demo-gegen-windraeder-im-wald\/","name":"Holzl\u00e4nder zur Demo gegen Windr\u00e4der im Wald - ProHolzlandwald.de","isPartOf":{"@id":"https:\/\/www.proholzlandwald.de\/bi\/#website"},"primaryImageOfPage":{"@id":"https:\/\/www.proholzlandwald.de\/bi\/holzlaender-zur-demo-gegen-windraeder-im-wald\/#primaryimage"},"image":{"@id":"https:\/\/www.proholzlandwald.de\/bi\/holzlaender-zur-demo-gegen-windraeder-im-wald\/#primaryimage"},"thumbnailUrl":"https:\/\/www.proholzlandwald.de\/bi\/wp-content\/uploads\/2019\/06\/Bln5.jpg","datePublished":"2019-06-12T15:40:39+00:00","dateModified":"2019-06-12T15:40:39+00:00","author":{"@id":"https:\/\/www.proholzlandwald.de\/bi\/#\/schema\/person\/cd5f9c7e94d039b01b70c54b2610c0cd"},"breadcrumb":{"@id":"https:\/\/www.proholzlandwald.de\/bi\/holzlaender-zur-demo-gegen-windraeder-im-wald\/#breadcrumb"},"inLanguage":"de","potentialAction":[{"@type":"ReadAction","target":["https:\/\/www.proholzlandwald.de\/bi\/holzlaender-zur-demo-gegen-windraeder-im-wald\/"]}]},{"@type":"ImageObject","inLanguage":"de","@id":"https:\/\/www.proholzlandwald.de\/bi\/holzlaender-zur-demo-gegen-windraeder-im-wald\/#primaryimage","url":"https:\/\/www.proholzlandwald.de\/bi\/wp-content\/uploads\/2019\/06\/Bln5.jpg","contentUrl":"https:\/\/www.proholzlandwald.de\/bi\/wp-content\/uploads\/2019\/06\/Bln5.jpg","width":1024,"height":768},{"@type":"BreadcrumbList","@id":"https:\/\/www.proholzlandwald.de\/bi\/holzlaender-zur-demo-gegen-windraeder-im-wald\/#breadcrumb","itemListElement":[{"@type":"ListItem","position":1,"name":"Startseite","item":"https:\/\/www.proholzlandwald.de\/bi\/startseite-2\/"},{"@type":"ListItem","position":2,"name":"Holzl\u00e4nder zur Demo gegen Windr\u00e4der im Wald"}]},{"@type":"WebSite","@id":"https:\/\/www.proholzlandwald.de\/bi\/#website","url":"https:\/\/www.proholzlandwald.de\/bi\/","name":"ProHolzlandwald.de","description":"B\u00fcrgerinitiative ProHolzlandwald","potentialAction":[{"@type":"SearchAction","target":{"@type":"EntryPoint","urlTemplate":"https:\/\/www.proholzlandwald.de\/bi\/?s={search_term_string}"},"query-input":"required name=search_term_string"}],"inLanguage":"de"},{"@type":"Person","@id":"https:\/\/www.proholzlandwald.de\/bi\/#\/schema\/person\/cd5f9c7e94d039b01b70c54b2610c0cd","name":"Michael Pfl\u00fcgner","url":"https:\/\/www.proholzlandwald.de\/bi\/author\/mp\/"}]}},"_links":{"self":[{"href":"https:\/\/www.proholzlandwald.de\/bi\/wp-json\/wp\/v2\/posts\/1893"}],"collection":[{"href":"https:\/\/www.proholzlandwald.de\/bi\/wp-json\/wp\/v2\/posts"}],"about":[{"href":"https:\/\/www.proholzlandwald.de\/bi\/wp-json\/wp\/v2\/types\/post"}],"author":[{"embeddable":true,"href":"https:\/\/www.proholzlandwald.de\/bi\/wp-json\/wp\/v2\/users\/4"}],"replies":[{"embeddable":true,"href":"https:\/\/www.proholzlandwald.de\/bi\/wp-json\/wp\/v2\/comments?post=1893"}],"version-history":[{"count":2,"href":"https:\/\/www.proholzlandwald.de\/bi\/wp-json\/wp\/v2\/posts\/1893\/revisions"}],"predecessor-version":[{"id":1913,"href":"https:\/\/www.proholzlandwald.de\/bi\/wp-json\/wp\/v2\/posts\/1893\/revisions\/1913"}],"wp:featuredmedia":[{"embeddable":true,"href":"https:\/\/www.proholzlandwald.de\/bi\/wp-json\/wp\/v2\/media\/1899"}],"wp:attachment":[{"href":"https:\/\/www.proholzlandwald.de\/bi\/wp-json\/wp\/v2\/media?parent=1893"}],"wp:term":[{"taxonomy":"category","embeddable":true,"href":"https:\/\/www.proholzlandwald.de\/bi\/wp-json\/wp\/v2\/categories?post=1893"},{"taxonomy":"post_tag","embeddable":true,"href":"https:\/\/www.proholzlandwald.de\/bi\/wp-json\/wp\/v2\/tags?post=1893"}],"curies":[{"name":"wp","href":"https:\/\/api.w.org\/{rel}","templated":true}]}}