{"id":1954,"date":"2019-11-13T09:18:15","date_gmt":"2019-11-13T08:18:15","guid":{"rendered":"http:\/\/www.proholzlandwald.de\/bi\/?p=1954"},"modified":"2019-11-13T09:26:22","modified_gmt":"2019-11-13T08:26:22","slug":"aufruf-petitionen-gegen-windkraft-im-wald-mitzeichnen","status":"publish","type":"post","link":"https:\/\/www.proholzlandwald.de\/bi\/aufruf-petitionen-gegen-windkraft-im-wald-mitzeichnen\/","title":{"rendered":"Aufruf: Petitionen gegen Windkraft im Wald mitzeichnen"},"content":{"rendered":"<p>Liebe Mitglieder Naturfreunde,<\/p>\n<p>viele fragen immer, was sie pers\u00f6nlich tun k\u00f6nnen.<\/p>\n<div><strong>Nachfolgend eine wichtiger Auruf, pers\u00f6nlich aktiv zu werden.<\/strong><\/div>\n<div>\n<div id=\"yiv8859749811\">\n<div>\n<div>\n<div id=\"yiv8859749811\">\n<div>\n<div>\n<div><\/div>\n<div class=\"yiv8859749811MsoNormal\"><strong>Auszug des Aufrufes des Th\u00fcringer Landesverbandes:<\/strong><\/div>\n<div class=\"yiv8859749811MsoNormal\">Derzeit gibt es auf der Petitionsplattform des Th\u00fcringer Landtages <b><br clear=\"none\" \/>sieben Petitionen<\/b> mit Bezug zur Windenergie. Der Vorstand des <br clear=\"none\" \/>THLEmV ruft alle Betroffenen und alle B\u00fcrger, die Bedenken zum <br clear=\"none\" \/>weiteren Ausbau der Windenergie haben, auf, die <u>nachfolgend <br clear=\"none\" \/>aufgef\u00fchrten 7 Petitionen mitzuzeichnen<\/u>.<\/div>\n<div class=\"yiv8859749811MsoNormal\"><\/div>\n<div class=\"yiv8859749811MsoNormal\">Dies kann bis zum <strong>09.12.2019<\/strong> auf der Petitionsplattform erfolgen. <br clear=\"none\" \/>Danach ber\u00e4t und entscheidet der Petitionsausschuss \u00fcber die <br clear=\"none\" \/>Petition. Wenn <strong>1.500 Mitzeichnungen (Quorum) <\/strong>erreicht werden, <br clear=\"none\" \/>findet eine \u00f6ffentliche Anh\u00f6rung zu der betreffenden Petition im <br clear=\"none\" \/>Petitionsausschuss statt. <br clear=\"none\" \/>Dies ist eine gute Gelegenheit und Chance den neu gew\u00e4hlten <br clear=\"none\" \/>Parlamentariern im Ausschuss die Argumente und Sorgen zum <br clear=\"none\" \/>weiteren Windkraftausbau vorzutragen.<\/div>\n<div class=\"yiv8859749811MsoNormal\"><\/div>\n<div class=\"yiv8859749811MsoNormal\">Nach der <strong>erstmaligen Registrierung<\/strong> auf der Petitionsplattform <br clear=\"none\" \/>k\u00f6nnen alle sieben Petitionen (und sp\u00e4ter alle weiteren) einfach <br clear=\"none\" \/>elektronisch mitgezeichnet werden.<\/div>\n<\/div>\n<div>________________________________________________<\/div>\n<pre><em>Waldschutz ist Klimaschutz<\/em>\r\n<span style=\"font-size: medium;\"><strong><a href=\"https:\/\/petitionen.thueringer-landtag.de\/petitions\/1660\" target=\"_blank\" rel=\"noopener noreferrer\" shape=\"rect\">https:\/\/petitionen.thueringer-landtag.de\/petitions\/1660<\/a><\/strong><b><br clear=\"none\" \/><\/b><\/span>\r\n<span style=\"font-size: medium;\"><em>Th\u00fcringer W\u00e4lder sch\u00fctzen \u2013 Windenergieanlagen im Wald <\/em><i><br clear=\"none\" \/><\/i><i><em>verbieten<\/em><\/i><\/span>\r\n<span style=\"font-size: medium;\"><b><i><em><a href=\"https:\/\/petitionen.thueringer-landtag.de\/petitions\/1676\" target=\"_blank\" rel=\"noopener noreferrer\" shape=\"rect\">https:\/\/petitionen.thueringer-landtag.de\/petitions\/1676<\/a><br clear=\"none\" \/><\/em><\/i><\/b><\/span>\r\nbez\u00fcglich\u00a0 Gesundheitsschutz:\r\n<em>Petition zur Vorsorge vor den Gefahren durch Infraschall <\/em><i><em>von Windenergieanlagen (WEA)<\/em><\/i>\r\n<b><i><em><a href=\"https:\/\/petitionen.thueringer-landtag.de\/petitions\/1672\" target=\"_blank\" rel=\"noopener noreferrer\" shape=\"rect\">https:\/\/petitionen.thueringer-landtag.de\/petitions\/1672<\/a><\/em><\/i><\/b><span style=\"font-size: medium;\"><em>\r\n\r\nKeine Windkraft im Wald \u2013 das Th\u00fcringer Waldgesetz \u00e4ndern<\/em><b><i><br clear=\"none\" \/><em><a href=\"https:\/\/petitionen.thueringer-landtag.de\/petitions\/1679\" target=\"_blank\" rel=\"noopener noreferrer\" shape=\"rect\">https:\/\/petitionen.thueringer-landtag.de\/petitions\/1679<\/a>\r\n<\/em><\/i><\/b><\/span>\r\n<span style=\"font-size: medium;\"><em>Verbot von Windenergieanlagen in Waldgebieten in Th\u00fcringen<\/em><b><i><br clear=\"none\" \/><em><a href=\"https:\/\/petitionen.thueringer-landtag.de\/petitions\/1665\" target=\"_blank\" rel=\"noopener noreferrer\" shape=\"rect\">https:\/\/petitionen.thueringer-landtag.de\/petitions\/1665<\/a><\/em><br clear=\"none\" \/><\/i><\/b><\/span>\r\n<span style=\"font-size: medium;\"><em>Keine Windr\u00e4der im Wald der Vorderrh\u00f6n: <\/em><i><br clear=\"none\" \/><\/i><i><em>Gegen das Windvorranggebiet W-4 Stadtlengsfeld<\/em><\/i><b><i><br clear=\"none\" \/><em><a href=\"https:\/\/petitionen.thueringer-landtag.de\/petitions\/1680\" target=\"_blank\" rel=\"noopener noreferrer\" shape=\"rect\">https:\/\/petitionen.thueringer-landtag.de\/petitions\/1680<\/a><\/em><br clear=\"none\" \/><\/i><\/b><\/span>\r\n<span style=\"font-size: medium;\">Windr\u00e4der St\u00fcrzlieder Berg<b><br clear=\"none\" \/><em><a href=\"https:\/\/petitionen.thueringer-landtag.de\/petitions\/1682\" target=\"_blank\" rel=\"noopener noreferrer\" shape=\"rect\">https:\/\/petitionen.thueringer-landtag.de\/petitions\/1682<\/a><\/em><i><br clear=\"none\" \/><\/i><\/b><\/span><\/pre>\n<\/div>\n<\/div>\n<div id=\"yiv8859749811\">\n<div>\n<div>\n<h6><span style=\"font-size: medium;\">Wir z\u00e4hlen auf\u00a0 Sie und hoffen auf viele Mitzeichnungen.<b><i><br clear=\"none\" \/><\/i><\/b><\/span><\/h6>\n<div><\/div>\n<\/div>\n<div>Im Auftrag des Vorstandes<\/div>\n<div>Michael Pfl\u00fcgner<\/div>\n<\/div>\n<\/div>\n<div><\/div>\n<div><\/div>\n<h6>Bildrechte 123rf, Dateinummer : <span id=\"imageIdText\">8158360<\/span><\/h6>\n<\/div>\n<\/div>\n<\/div>\n<\/div>\n","protected":false},"excerpt":{"rendered":"<p>Liebe Mitglieder Naturfreunde, viele fragen immer, was sie pers\u00f6nlich tun k\u00f6nnen. Nachfolgend eine wichtiger Auruf, pers\u00f6nlich aktiv zu werden. Auszug des Aufrufes des Th\u00fcringer Landesverbandes: Derzeit gibt es auf der Petitionsplattform des Th\u00fcringer Landtages sieben Petitionen mit Bezug zur Windenergie. Der Vorstand des THLEmV ruft alle Betroffenen und alle B\u00fcrger, die Bedenken zum weiteren Ausbau [&hellip;]<\/p>\n","protected":false},"author":4,"featured_media":1956,"comment_status":"open","ping_status":"open","sticky":false,"template":"","format":"standard","meta":{"footnotes":""},"categories":[1,11],"tags":[136,135,137,138],"yoast_head":"<!-- This site is optimized with the Yoast SEO plugin v22.3 - https:\/\/yoast.com\/wordpress\/plugins\/seo\/ -->\n<title>Aufruf: Petitionen gegen Windkraft im Wald mitzeichnen - ProHolzlandwald.de<\/title>\n<meta name=\"robots\" content=\"index, follow, max-snippet:-1, max-image-preview:large, max-video-preview:-1\" \/>\n<link rel=\"canonical\" href=\"https:\/\/www.proholzlandwald.de\/bi\/aufruf-petitionen-gegen-windkraft-im-wald-mitzeichnen\/\" \/>\n<meta property=\"og:locale\" content=\"de_DE\" \/>\n<meta property=\"og:type\" content=\"article\" \/>\n<meta property=\"og:title\" content=\"Aufruf: Petitionen gegen Windkraft im Wald mitzeichnen - ProHolzlandwald.de\" \/>\n<meta property=\"og:description\" content=\"Liebe Mitglieder Naturfreunde, viele fragen immer, was sie pers\u00f6nlich tun k\u00f6nnen. Nachfolgend eine wichtiger Auruf, pers\u00f6nlich aktiv zu werden. Auszug des Aufrufes des Th\u00fcringer Landesverbandes: Derzeit gibt es auf der Petitionsplattform des Th\u00fcringer Landtages sieben Petitionen mit Bezug zur Windenergie. Der Vorstand des THLEmV ruft alle Betroffenen und alle B\u00fcrger, die Bedenken zum weiteren Ausbau [&hellip;]\" \/>\n<meta property=\"og:url\" content=\"https:\/\/www.proholzlandwald.de\/bi\/aufruf-petitionen-gegen-windkraft-im-wald-mitzeichnen\/\" \/>\n<meta property=\"og:site_name\" content=\"ProHolzlandwald.de\" \/>\n<meta property=\"article:published_time\" content=\"2019-11-13T08:18:15+00:00\" \/>\n<meta property=\"article:modified_time\" content=\"2019-11-13T08:26:22+00:00\" \/>\n<meta property=\"og:image\" content=\"https:\/\/www.proholzlandwald.de\/bi\/wp-content\/uploads\/2019\/11\/Petition_81583607_s.jpg\" \/>\n\t<meta property=\"og:image:width\" content=\"918\" \/>\n\t<meta property=\"og:image:height\" content=\"521\" \/>\n\t<meta property=\"og:image:type\" content=\"image\/jpeg\" \/>\n<meta name=\"author\" content=\"Michael Pfl\u00fcgner\" \/>\n<meta name=\"twitter:card\" content=\"summary_large_image\" \/>\n<meta name=\"twitter:label1\" content=\"Verfasst von\" \/>\n\t<meta name=\"twitter:data1\" content=\"Michael Pfl\u00fcgner\" \/>\n\t<meta name=\"twitter:label2\" content=\"Gesch\u00e4tzte Lesezeit\" \/>\n\t<meta name=\"twitter:data2\" content=\"1\u00a0Minute\" \/>\n<script type=\"application\/ld+json\" class=\"yoast-schema-graph\">{\"@context\":\"https:\/\/schema.org\",\"@graph\":[{\"@type\":\"WebPage\",\"@id\":\"https:\/\/www.proholzlandwald.de\/bi\/aufruf-petitionen-gegen-windkraft-im-wald-mitzeichnen\/\",\"url\":\"https:\/\/www.proholzlandwald.de\/bi\/aufruf-petitionen-gegen-windkraft-im-wald-mitzeichnen\/\",\"name\":\"Aufruf: Petitionen gegen Windkraft im Wald mitzeichnen - ProHolzlandwald.de\",\"isPartOf\":{\"@id\":\"https:\/\/www.proholzlandwald.de\/bi\/#website\"},\"primaryImageOfPage\":{\"@id\":\"https:\/\/www.proholzlandwald.de\/bi\/aufruf-petitionen-gegen-windkraft-im-wald-mitzeichnen\/#primaryimage\"},\"image\":{\"@id\":\"https:\/\/www.proholzlandwald.de\/bi\/aufruf-petitionen-gegen-windkraft-im-wald-mitzeichnen\/#primaryimage\"},\"thumbnailUrl\":\"https:\/\/www.proholzlandwald.de\/bi\/wp-content\/uploads\/2019\/11\/Petition_81583607_s.jpg\",\"datePublished\":\"2019-11-13T08:18:15+00:00\",\"dateModified\":\"2019-11-13T08:26:22+00:00\",\"author\":{\"@id\":\"https:\/\/www.proholzlandwald.de\/bi\/#\/schema\/person\/cd5f9c7e94d039b01b70c54b2610c0cd\"},\"breadcrumb\":{\"@id\":\"https:\/\/www.proholzlandwald.de\/bi\/aufruf-petitionen-gegen-windkraft-im-wald-mitzeichnen\/#breadcrumb\"},\"inLanguage\":\"de\",\"potentialAction\":[{\"@type\":\"ReadAction\",\"target\":[\"https:\/\/www.proholzlandwald.de\/bi\/aufruf-petitionen-gegen-windkraft-im-wald-mitzeichnen\/\"]}]},{\"@type\":\"ImageObject\",\"inLanguage\":\"de\",\"@id\":\"https:\/\/www.proholzlandwald.de\/bi\/aufruf-petitionen-gegen-windkraft-im-wald-mitzeichnen\/#primaryimage\",\"url\":\"https:\/\/www.proholzlandwald.de\/bi\/wp-content\/uploads\/2019\/11\/Petition_81583607_s.jpg\",\"contentUrl\":\"https:\/\/www.proholzlandwald.de\/bi\/wp-content\/uploads\/2019\/11\/Petition_81583607_s.jpg\",\"width\":918,\"height\":521,\"caption\":\"Petition text with businessman on dark vintage background\"},{\"@type\":\"BreadcrumbList\",\"@id\":\"https:\/\/www.proholzlandwald.de\/bi\/aufruf-petitionen-gegen-windkraft-im-wald-mitzeichnen\/#breadcrumb\",\"itemListElement\":[{\"@type\":\"ListItem\",\"position\":1,\"name\":\"Startseite\",\"item\":\"https:\/\/www.proholzlandwald.de\/bi\/startseite-2\/\"},{\"@type\":\"ListItem\",\"position\":2,\"name\":\"Aufruf: Petitionen gegen Windkraft im Wald mitzeichnen\"}]},{\"@type\":\"WebSite\",\"@id\":\"https:\/\/www.proholzlandwald.de\/bi\/#website\",\"url\":\"https:\/\/www.proholzlandwald.de\/bi\/\",\"name\":\"ProHolzlandwald.de\",\"description\":\"B\u00fcrgerinitiative ProHolzlandwald\",\"potentialAction\":[{\"@type\":\"SearchAction\",\"target\":{\"@type\":\"EntryPoint\",\"urlTemplate\":\"https:\/\/www.proholzlandwald.de\/bi\/?s={search_term_string}\"},\"query-input\":\"required name=search_term_string\"}],\"inLanguage\":\"de\"},{\"@type\":\"Person\",\"@id\":\"https:\/\/www.proholzlandwald.de\/bi\/#\/schema\/person\/cd5f9c7e94d039b01b70c54b2610c0cd\",\"name\":\"Michael Pfl\u00fcgner\",\"url\":\"https:\/\/www.proholzlandwald.de\/bi\/author\/mp\/\"}]}<\/script>\n<!-- \/ Yoast SEO plugin. -->","yoast_head_json":{"title":"Aufruf: Petitionen gegen Windkraft im Wald mitzeichnen - ProHolzlandwald.de","robots":{"index":"index","follow":"follow","max-snippet":"max-snippet:-1","max-image-preview":"max-image-preview:large","max-video-preview":"max-video-preview:-1"},"canonical":"https:\/\/www.proholzlandwald.de\/bi\/aufruf-petitionen-gegen-windkraft-im-wald-mitzeichnen\/","og_locale":"de_DE","og_type":"article","og_title":"Aufruf: Petitionen gegen Windkraft im Wald mitzeichnen - ProHolzlandwald.de","og_description":"Liebe Mitglieder Naturfreunde, viele fragen immer, was sie pers\u00f6nlich tun k\u00f6nnen. Nachfolgend eine wichtiger Auruf, pers\u00f6nlich aktiv zu werden. Auszug des Aufrufes des Th\u00fcringer Landesverbandes: Derzeit gibt es auf der Petitionsplattform des Th\u00fcringer Landtages sieben Petitionen mit Bezug zur Windenergie. Der Vorstand des THLEmV ruft alle Betroffenen und alle B\u00fcrger, die Bedenken zum weiteren Ausbau [&hellip;]","og_url":"https:\/\/www.proholzlandwald.de\/bi\/aufruf-petitionen-gegen-windkraft-im-wald-mitzeichnen\/","og_site_name":"ProHolzlandwald.de","article_published_time":"2019-11-13T08:18:15+00:00","article_modified_time":"2019-11-13T08:26:22+00:00","og_image":[{"width":918,"height":521,"url":"https:\/\/www.proholzlandwald.de\/bi\/wp-content\/uploads\/2019\/11\/Petition_81583607_s.jpg","type":"image\/jpeg"}],"author":"Michael Pfl\u00fcgner","twitter_card":"summary_large_image","twitter_misc":{"Verfasst von":"Michael Pfl\u00fcgner","Gesch\u00e4tzte Lesezeit":"1\u00a0Minute"},"schema":{"@context":"https:\/\/schema.org","@graph":[{"@type":"WebPage","@id":"https:\/\/www.proholzlandwald.de\/bi\/aufruf-petitionen-gegen-windkraft-im-wald-mitzeichnen\/","url":"https:\/\/www.proholzlandwald.de\/bi\/aufruf-petitionen-gegen-windkraft-im-wald-mitzeichnen\/","name":"Aufruf: Petitionen gegen Windkraft im Wald mitzeichnen - ProHolzlandwald.de","isPartOf":{"@id":"https:\/\/www.proholzlandwald.de\/bi\/#website"},"primaryImageOfPage":{"@id":"https:\/\/www.proholzlandwald.de\/bi\/aufruf-petitionen-gegen-windkraft-im-wald-mitzeichnen\/#primaryimage"},"image":{"@id":"https:\/\/www.proholzlandwald.de\/bi\/aufruf-petitionen-gegen-windkraft-im-wald-mitzeichnen\/#primaryimage"},"thumbnailUrl":"https:\/\/www.proholzlandwald.de\/bi\/wp-content\/uploads\/2019\/11\/Petition_81583607_s.jpg","datePublished":"2019-11-13T08:18:15+00:00","dateModified":"2019-11-13T08:26:22+00:00","author":{"@id":"https:\/\/www.proholzlandwald.de\/bi\/#\/schema\/person\/cd5f9c7e94d039b01b70c54b2610c0cd"},"breadcrumb":{"@id":"https:\/\/www.proholzlandwald.de\/bi\/aufruf-petitionen-gegen-windkraft-im-wald-mitzeichnen\/#breadcrumb"},"inLanguage":"de","potentialAction":[{"@type":"ReadAction","target":["https:\/\/www.proholzlandwald.de\/bi\/aufruf-petitionen-gegen-windkraft-im-wald-mitzeichnen\/"]}]},{"@type":"ImageObject","inLanguage":"de","@id":"https:\/\/www.proholzlandwald.de\/bi\/aufruf-petitionen-gegen-windkraft-im-wald-mitzeichnen\/#primaryimage","url":"https:\/\/www.proholzlandwald.de\/bi\/wp-content\/uploads\/2019\/11\/Petition_81583607_s.jpg","contentUrl":"https:\/\/www.proholzlandwald.de\/bi\/wp-content\/uploads\/2019\/11\/Petition_81583607_s.jpg","width":918,"height":521,"caption":"Petition text with businessman on dark vintage background"},{"@type":"BreadcrumbList","@id":"https:\/\/www.proholzlandwald.de\/bi\/aufruf-petitionen-gegen-windkraft-im-wald-mitzeichnen\/#breadcrumb","itemListElement":[{"@type":"ListItem","position":1,"name":"Startseite","item":"https:\/\/www.proholzlandwald.de\/bi\/startseite-2\/"},{"@type":"ListItem","position":2,"name":"Aufruf: Petitionen gegen Windkraft im Wald mitzeichnen"}]},{"@type":"WebSite","@id":"https:\/\/www.proholzlandwald.de\/bi\/#website","url":"https:\/\/www.proholzlandwald.de\/bi\/","name":"ProHolzlandwald.de","description":"B\u00fcrgerinitiative ProHolzlandwald","potentialAction":[{"@type":"SearchAction","target":{"@type":"EntryPoint","urlTemplate":"https:\/\/www.proholzlandwald.de\/bi\/?s={search_term_string}"},"query-input":"required name=search_term_string"}],"inLanguage":"de"},{"@type":"Person","@id":"https:\/\/www.proholzlandwald.de\/bi\/#\/schema\/person\/cd5f9c7e94d039b01b70c54b2610c0cd","name":"Michael Pfl\u00fcgner","url":"https:\/\/www.proholzlandwald.de\/bi\/author\/mp\/"}]}},"_links":{"self":[{"href":"https:\/\/www.proholzlandwald.de\/bi\/wp-json\/wp\/v2\/posts\/1954"}],"collection":[{"href":"https:\/\/www.proholzlandwald.de\/bi\/wp-json\/wp\/v2\/posts"}],"about":[{"href":"https:\/\/www.proholzlandwald.de\/bi\/wp-json\/wp\/v2\/types\/post"}],"author":[{"embeddable":true,"href":"https:\/\/www.proholzlandwald.de\/bi\/wp-json\/wp\/v2\/users\/4"}],"replies":[{"embeddable":true,"href":"https:\/\/www.proholzlandwald.de\/bi\/wp-json\/wp\/v2\/comments?post=1954"}],"version-history":[{"count":10,"href":"https:\/\/www.proholzlandwald.de\/bi\/wp-json\/wp\/v2\/posts\/1954\/revisions"}],"predecessor-version":[{"id":1967,"href":"https:\/\/www.proholzlandwald.de\/bi\/wp-json\/wp\/v2\/posts\/1954\/revisions\/1967"}],"wp:featuredmedia":[{"embeddable":true,"href":"https:\/\/www.proholzlandwald.de\/bi\/wp-json\/wp\/v2\/media\/1956"}],"wp:attachment":[{"href":"https:\/\/www.proholzlandwald.de\/bi\/wp-json\/wp\/v2\/media?parent=1954"}],"wp:term":[{"taxonomy":"category","embeddable":true,"href":"https:\/\/www.proholzlandwald.de\/bi\/wp-json\/wp\/v2\/categories?post=1954"},{"taxonomy":"post_tag","embeddable":true,"href":"https:\/\/www.proholzlandwald.de\/bi\/wp-json\/wp\/v2\/tags?post=1954"}],"curies":[{"name":"wp","href":"https:\/\/api.w.org\/{rel}","templated":true}]}}