{"id":2027,"date":"2020-11-26T10:13:57","date_gmt":"2020-11-26T09:13:57","guid":{"rendered":"http:\/\/www.proholzlandwald.de\/bi\/?p=2027"},"modified":"2020-11-26T10:13:57","modified_gmt":"2020-11-26T09:13:57","slug":"unser-verein-wird-mit-dem-umweltpreis-des-shk-ausgezeichnet","status":"publish","type":"post","link":"https:\/\/www.proholzlandwald.de\/bi\/unser-verein-wird-mit-dem-umweltpreis-des-shk-ausgezeichnet\/","title":{"rendered":"Unser Verein wird mit dem Umweltpreis des SHK ausgezeichnet"},"content":{"rendered":"<p>Mitte November wurde unser Verein mit dem <strong>Umweltpreis des Saale-Holzland-Kreises 2020<\/strong> ausgezeichnet. Peter Schweiger und Elke Pirl durften auf dem Landratsamt von Landrat Andreas Heller und Umweltamtsleiter Roy Tr\u00f6bst die <strong>Urkunde und einen Bildband \u00fcber 25 Jahre Saale-Holzlandkreis<\/strong> in Empfang nehmen.<\/p>\n<p><img loading=\"lazy\" decoding=\"async\" class=\"size-medium wp-image-2030 aligncenter\" src=\"http:\/\/www.proholzlandwald.de\/bi\/wp-content\/uploads\/2020\/11\/Bildband-SHK-2020-300x225.jpg\" alt=\"\" width=\"300\" height=\"225\" srcset=\"https:\/\/www.proholzlandwald.de\/bi\/wp-content\/uploads\/2020\/11\/Bildband-SHK-2020-300x225.jpg 300w, https:\/\/www.proholzlandwald.de\/bi\/wp-content\/uploads\/2020\/11\/Bildband-SHK-2020-768x576.jpg 768w, https:\/\/www.proholzlandwald.de\/bi\/wp-content\/uploads\/2020\/11\/Bildband-SHK-2020-705x529.jpg 705w, https:\/\/www.proholzlandwald.de\/bi\/wp-content\/uploads\/2020\/11\/Bildband-SHK-2020-450x338.jpg 450w, https:\/\/www.proholzlandwald.de\/bi\/wp-content\/uploads\/2020\/11\/Bildband-SHK-2020.jpg 1024w\" sizes=\"(max-width: 300px) 100vw, 300px\" \/><\/p>\n<p><img loading=\"lazy\" decoding=\"async\" class=\"size-medium wp-image-2032 aligncenter\" src=\"http:\/\/www.proholzlandwald.de\/bi\/wp-content\/uploads\/2020\/11\/Urkunde-225x300.jpg\" alt=\"Urkunde Umweltpreis\" width=\"225\" height=\"300\" srcset=\"https:\/\/www.proholzlandwald.de\/bi\/wp-content\/uploads\/2020\/11\/Urkunde-225x300.jpg 225w, https:\/\/www.proholzlandwald.de\/bi\/wp-content\/uploads\/2020\/11\/Urkunde-773x1030.jpg 773w, https:\/\/www.proholzlandwald.de\/bi\/wp-content\/uploads\/2020\/11\/Urkunde-768x1024.jpg 768w, https:\/\/www.proholzlandwald.de\/bi\/wp-content\/uploads\/2020\/11\/Urkunde-529x705.jpg 529w, https:\/\/www.proholzlandwald.de\/bi\/wp-content\/uploads\/2020\/11\/Urkunde-450x600.jpg 450w, https:\/\/www.proholzlandwald.de\/bi\/wp-content\/uploads\/2020\/11\/Urkunde.jpg 1024w\" sizes=\"(max-width: 225px) 100vw, 225px\" \/><\/p>\n<p>Der Preis <strong>w\u00fcrdigt unsere herausragenden Bem\u00fchungen und Aktivit\u00e4ten auf dem Gebiet des Umwelt- und Naturschutzes.<\/strong><\/p>\n<p>Darauf k\u00f6nnen wir als Verein sehr stolz sein. <strong>Viele Mitglieder haben die j\u00e4hrlichen Projekte aktiv unterst\u00fctzt!<\/strong><\/p>\n<p>Zur Erinnerung:<\/p>\n<p><strong>seit 2015<\/strong> haben wir uns aktiv <strong>f\u00fcr den<\/strong> <strong>Schutz unseres Holzlandwaldes eingesetzt<\/strong>, <strong>Nistk\u00e4sten platziert<\/strong> und gepflegt, <strong>Flederm\u00e4use gez\u00e4hlt<\/strong>, <strong>Baumpatenschaften<\/strong> \u00fcbernommen, <strong>B\u00e4ume auf Borkenk\u00e4ferfl\u00e4chen gepflanzt,<\/strong> eine<strong> Schwalbenpf\u00fctze angelegt<\/strong>, einen <strong>Nistkasten im Kirchturm<\/strong> platziert, <strong>B\u00e4nke aufgestellt<\/strong>, <strong>Wandertafel und WanderRouten<\/strong> \u00a0im Ort geschaffen, einen alternativen Vorschlag zur <strong>Waldschonenden Trassenf\u00fchrung des S\u00fcd-Ost-Links<\/strong> durch den Holzlandwald unterbreitet, enge Kontakte zur DBU und den zust\u00e4ndigen F\u00f6rstern gepflegt.<\/p>\n<p>Zum Schutz des Holzlandwaldes geh\u00f6rt auch <strong>unser Einsatz gegen eine Zerst\u00f6rung des Waldes durch Windenergieanlagen.<\/strong> \u00a0Hier haben wir Teilerfolge erreicht, und hoffen, dass sich auch die Politik von unseren Argumenten \u00fcberzeugen l\u00e4\u00dft, und durch eine \u00c4nderung des Waldgesetzes den Bau von Windenergieanlagen in W\u00e4ldern untersagt. Dann w\u00e4re der Umwelt am besten geholfen!<\/p>\n<p>Der <strong>Preis ist mit EUR 800,00 dotiert und flie\u00dft in unsere n\u00e4chsten Projekte mit ein.<\/strong><\/p>\n<p>Elke Pirl<\/p>\n<p>Vorstandsmitglied der B\u00fcrgerinitiative proholzlandwald e.V.<\/p>\n<p><a href=\"http:\/\/www.proholzlandwald.de\/bi\/wp-content\/uploads\/2020\/11\/Anschreiben-Vorschlag-F\u00f6rderpreis-Umwelt-2020-final.pdf\">Anschreiben Vorschlag F\u00f6rderpreis Umwelt 2020 final<\/a><\/p>\n<p>&nbsp;<\/p>\n","protected":false},"excerpt":{"rendered":"<p>Mitte November wurde unser Verein mit dem Umweltpreis des Saale-Holzland-Kreises 2020 ausgezeichnet. Peter Schweiger und Elke Pirl durften auf dem Landratsamt von Landrat Andreas Heller und Umweltamtsleiter Roy Tr\u00f6bst die Urkunde und einen Bildband \u00fcber 25 Jahre Saale-Holzlandkreis in Empfang nehmen. Der Preis w\u00fcrdigt unsere herausragenden Bem\u00fchungen und Aktivit\u00e4ten auf dem Gebiet des Umwelt- und [&hellip;]<\/p>\n","protected":false},"author":4,"featured_media":2032,"comment_status":"open","ping_status":"open","sticky":false,"template":"","format":"standard","meta":{"footnotes":""},"categories":[98,1,11],"tags":[10,157],"yoast_head":"<!-- This site is optimized with the Yoast SEO plugin v22.3 - https:\/\/yoast.com\/wordpress\/plugins\/seo\/ -->\n<title>Unser Verein wird mit dem Umweltpreis des SHK ausgezeichnet - ProHolzlandwald.de<\/title>\n<meta name=\"robots\" content=\"index, follow, max-snippet:-1, max-image-preview:large, max-video-preview:-1\" \/>\n<link rel=\"canonical\" href=\"https:\/\/www.proholzlandwald.de\/bi\/unser-verein-wird-mit-dem-umweltpreis-des-shk-ausgezeichnet\/\" \/>\n<meta property=\"og:locale\" content=\"de_DE\" \/>\n<meta property=\"og:type\" content=\"article\" \/>\n<meta property=\"og:title\" content=\"Unser Verein wird mit dem Umweltpreis des SHK ausgezeichnet - ProHolzlandwald.de\" \/>\n<meta property=\"og:description\" content=\"Mitte November wurde unser Verein mit dem Umweltpreis des Saale-Holzland-Kreises 2020 ausgezeichnet. Peter Schweiger und Elke Pirl durften auf dem Landratsamt von Landrat Andreas Heller und Umweltamtsleiter Roy Tr\u00f6bst die Urkunde und einen Bildband \u00fcber 25 Jahre Saale-Holzlandkreis in Empfang nehmen. Der Preis w\u00fcrdigt unsere herausragenden Bem\u00fchungen und Aktivit\u00e4ten auf dem Gebiet des Umwelt- und [&hellip;]\" \/>\n<meta property=\"og:url\" content=\"https:\/\/www.proholzlandwald.de\/bi\/unser-verein-wird-mit-dem-umweltpreis-des-shk-ausgezeichnet\/\" \/>\n<meta property=\"og:site_name\" content=\"ProHolzlandwald.de\" \/>\n<meta property=\"article:published_time\" content=\"2020-11-26T09:13:57+00:00\" \/>\n<meta property=\"og:image\" content=\"https:\/\/www.proholzlandwald.de\/bi\/wp-content\/uploads\/2020\/11\/Urkunde.jpg\" \/>\n\t<meta property=\"og:image:width\" content=\"1024\" \/>\n\t<meta property=\"og:image:height\" content=\"1365\" \/>\n\t<meta property=\"og:image:type\" content=\"image\/jpeg\" \/>\n<meta name=\"author\" content=\"Michael Pfl\u00fcgner\" \/>\n<meta name=\"twitter:card\" content=\"summary_large_image\" \/>\n<meta name=\"twitter:label1\" content=\"Verfasst von\" \/>\n\t<meta name=\"twitter:data1\" content=\"Michael Pfl\u00fcgner\" \/>\n\t<meta name=\"twitter:label2\" content=\"Gesch\u00e4tzte Lesezeit\" \/>\n\t<meta name=\"twitter:data2\" content=\"1\u00a0Minute\" \/>\n<script type=\"application\/ld+json\" class=\"yoast-schema-graph\">{\"@context\":\"https:\/\/schema.org\",\"@graph\":[{\"@type\":\"WebPage\",\"@id\":\"https:\/\/www.proholzlandwald.de\/bi\/unser-verein-wird-mit-dem-umweltpreis-des-shk-ausgezeichnet\/\",\"url\":\"https:\/\/www.proholzlandwald.de\/bi\/unser-verein-wird-mit-dem-umweltpreis-des-shk-ausgezeichnet\/\",\"name\":\"Unser Verein wird mit dem Umweltpreis des SHK ausgezeichnet - ProHolzlandwald.de\",\"isPartOf\":{\"@id\":\"https:\/\/www.proholzlandwald.de\/bi\/#website\"},\"primaryImageOfPage\":{\"@id\":\"https:\/\/www.proholzlandwald.de\/bi\/unser-verein-wird-mit-dem-umweltpreis-des-shk-ausgezeichnet\/#primaryimage\"},\"image\":{\"@id\":\"https:\/\/www.proholzlandwald.de\/bi\/unser-verein-wird-mit-dem-umweltpreis-des-shk-ausgezeichnet\/#primaryimage\"},\"thumbnailUrl\":\"https:\/\/www.proholzlandwald.de\/bi\/wp-content\/uploads\/2020\/11\/Urkunde.jpg\",\"datePublished\":\"2020-11-26T09:13:57+00:00\",\"dateModified\":\"2020-11-26T09:13:57+00:00\",\"author\":{\"@id\":\"https:\/\/www.proholzlandwald.de\/bi\/#\/schema\/person\/cd5f9c7e94d039b01b70c54b2610c0cd\"},\"breadcrumb\":{\"@id\":\"https:\/\/www.proholzlandwald.de\/bi\/unser-verein-wird-mit-dem-umweltpreis-des-shk-ausgezeichnet\/#breadcrumb\"},\"inLanguage\":\"de\",\"potentialAction\":[{\"@type\":\"ReadAction\",\"target\":[\"https:\/\/www.proholzlandwald.de\/bi\/unser-verein-wird-mit-dem-umweltpreis-des-shk-ausgezeichnet\/\"]}]},{\"@type\":\"ImageObject\",\"inLanguage\":\"de\",\"@id\":\"https:\/\/www.proholzlandwald.de\/bi\/unser-verein-wird-mit-dem-umweltpreis-des-shk-ausgezeichnet\/#primaryimage\",\"url\":\"https:\/\/www.proholzlandwald.de\/bi\/wp-content\/uploads\/2020\/11\/Urkunde.jpg\",\"contentUrl\":\"https:\/\/www.proholzlandwald.de\/bi\/wp-content\/uploads\/2020\/11\/Urkunde.jpg\",\"width\":1024,\"height\":1365,\"caption\":\"Urkunde Umweltpreis\"},{\"@type\":\"BreadcrumbList\",\"@id\":\"https:\/\/www.proholzlandwald.de\/bi\/unser-verein-wird-mit-dem-umweltpreis-des-shk-ausgezeichnet\/#breadcrumb\",\"itemListElement\":[{\"@type\":\"ListItem\",\"position\":1,\"name\":\"Startseite\",\"item\":\"https:\/\/www.proholzlandwald.de\/bi\/startseite-2\/\"},{\"@type\":\"ListItem\",\"position\":2,\"name\":\"Unser Verein wird mit dem Umweltpreis des SHK ausgezeichnet\"}]},{\"@type\":\"WebSite\",\"@id\":\"https:\/\/www.proholzlandwald.de\/bi\/#website\",\"url\":\"https:\/\/www.proholzlandwald.de\/bi\/\",\"name\":\"ProHolzlandwald.de\",\"description\":\"B\u00fcrgerinitiative ProHolzlandwald\",\"potentialAction\":[{\"@type\":\"SearchAction\",\"target\":{\"@type\":\"EntryPoint\",\"urlTemplate\":\"https:\/\/www.proholzlandwald.de\/bi\/?s={search_term_string}\"},\"query-input\":\"required name=search_term_string\"}],\"inLanguage\":\"de\"},{\"@type\":\"Person\",\"@id\":\"https:\/\/www.proholzlandwald.de\/bi\/#\/schema\/person\/cd5f9c7e94d039b01b70c54b2610c0cd\",\"name\":\"Michael Pfl\u00fcgner\",\"url\":\"https:\/\/www.proholzlandwald.de\/bi\/author\/mp\/\"}]}<\/script>\n<!-- \/ Yoast SEO plugin. -->","yoast_head_json":{"title":"Unser Verein wird mit dem Umweltpreis des SHK ausgezeichnet - ProHolzlandwald.de","robots":{"index":"index","follow":"follow","max-snippet":"max-snippet:-1","max-image-preview":"max-image-preview:large","max-video-preview":"max-video-preview:-1"},"canonical":"https:\/\/www.proholzlandwald.de\/bi\/unser-verein-wird-mit-dem-umweltpreis-des-shk-ausgezeichnet\/","og_locale":"de_DE","og_type":"article","og_title":"Unser Verein wird mit dem Umweltpreis des SHK ausgezeichnet - ProHolzlandwald.de","og_description":"Mitte November wurde unser Verein mit dem Umweltpreis des Saale-Holzland-Kreises 2020 ausgezeichnet. Peter Schweiger und Elke Pirl durften auf dem Landratsamt von Landrat Andreas Heller und Umweltamtsleiter Roy Tr\u00f6bst die Urkunde und einen Bildband \u00fcber 25 Jahre Saale-Holzlandkreis in Empfang nehmen. Der Preis w\u00fcrdigt unsere herausragenden Bem\u00fchungen und Aktivit\u00e4ten auf dem Gebiet des Umwelt- und [&hellip;]","og_url":"https:\/\/www.proholzlandwald.de\/bi\/unser-verein-wird-mit-dem-umweltpreis-des-shk-ausgezeichnet\/","og_site_name":"ProHolzlandwald.de","article_published_time":"2020-11-26T09:13:57+00:00","og_image":[{"width":1024,"height":1365,"url":"https:\/\/www.proholzlandwald.de\/bi\/wp-content\/uploads\/2020\/11\/Urkunde.jpg","type":"image\/jpeg"}],"author":"Michael Pfl\u00fcgner","twitter_card":"summary_large_image","twitter_misc":{"Verfasst von":"Michael Pfl\u00fcgner","Gesch\u00e4tzte Lesezeit":"1\u00a0Minute"},"schema":{"@context":"https:\/\/schema.org","@graph":[{"@type":"WebPage","@id":"https:\/\/www.proholzlandwald.de\/bi\/unser-verein-wird-mit-dem-umweltpreis-des-shk-ausgezeichnet\/","url":"https:\/\/www.proholzlandwald.de\/bi\/unser-verein-wird-mit-dem-umweltpreis-des-shk-ausgezeichnet\/","name":"Unser Verein wird mit dem Umweltpreis des SHK ausgezeichnet - ProHolzlandwald.de","isPartOf":{"@id":"https:\/\/www.proholzlandwald.de\/bi\/#website"},"primaryImageOfPage":{"@id":"https:\/\/www.proholzlandwald.de\/bi\/unser-verein-wird-mit-dem-umweltpreis-des-shk-ausgezeichnet\/#primaryimage"},"image":{"@id":"https:\/\/www.proholzlandwald.de\/bi\/unser-verein-wird-mit-dem-umweltpreis-des-shk-ausgezeichnet\/#primaryimage"},"thumbnailUrl":"https:\/\/www.proholzlandwald.de\/bi\/wp-content\/uploads\/2020\/11\/Urkunde.jpg","datePublished":"2020-11-26T09:13:57+00:00","dateModified":"2020-11-26T09:13:57+00:00","author":{"@id":"https:\/\/www.proholzlandwald.de\/bi\/#\/schema\/person\/cd5f9c7e94d039b01b70c54b2610c0cd"},"breadcrumb":{"@id":"https:\/\/www.proholzlandwald.de\/bi\/unser-verein-wird-mit-dem-umweltpreis-des-shk-ausgezeichnet\/#breadcrumb"},"inLanguage":"de","potentialAction":[{"@type":"ReadAction","target":["https:\/\/www.proholzlandwald.de\/bi\/unser-verein-wird-mit-dem-umweltpreis-des-shk-ausgezeichnet\/"]}]},{"@type":"ImageObject","inLanguage":"de","@id":"https:\/\/www.proholzlandwald.de\/bi\/unser-verein-wird-mit-dem-umweltpreis-des-shk-ausgezeichnet\/#primaryimage","url":"https:\/\/www.proholzlandwald.de\/bi\/wp-content\/uploads\/2020\/11\/Urkunde.jpg","contentUrl":"https:\/\/www.proholzlandwald.de\/bi\/wp-content\/uploads\/2020\/11\/Urkunde.jpg","width":1024,"height":1365,"caption":"Urkunde Umweltpreis"},{"@type":"BreadcrumbList","@id":"https:\/\/www.proholzlandwald.de\/bi\/unser-verein-wird-mit-dem-umweltpreis-des-shk-ausgezeichnet\/#breadcrumb","itemListElement":[{"@type":"ListItem","position":1,"name":"Startseite","item":"https:\/\/www.proholzlandwald.de\/bi\/startseite-2\/"},{"@type":"ListItem","position":2,"name":"Unser Verein wird mit dem Umweltpreis des SHK ausgezeichnet"}]},{"@type":"WebSite","@id":"https:\/\/www.proholzlandwald.de\/bi\/#website","url":"https:\/\/www.proholzlandwald.de\/bi\/","name":"ProHolzlandwald.de","description":"B\u00fcrgerinitiative ProHolzlandwald","potentialAction":[{"@type":"SearchAction","target":{"@type":"EntryPoint","urlTemplate":"https:\/\/www.proholzlandwald.de\/bi\/?s={search_term_string}"},"query-input":"required name=search_term_string"}],"inLanguage":"de"},{"@type":"Person","@id":"https:\/\/www.proholzlandwald.de\/bi\/#\/schema\/person\/cd5f9c7e94d039b01b70c54b2610c0cd","name":"Michael Pfl\u00fcgner","url":"https:\/\/www.proholzlandwald.de\/bi\/author\/mp\/"}]}},"_links":{"self":[{"href":"https:\/\/www.proholzlandwald.de\/bi\/wp-json\/wp\/v2\/posts\/2027"}],"collection":[{"href":"https:\/\/www.proholzlandwald.de\/bi\/wp-json\/wp\/v2\/posts"}],"about":[{"href":"https:\/\/www.proholzlandwald.de\/bi\/wp-json\/wp\/v2\/types\/post"}],"author":[{"embeddable":true,"href":"https:\/\/www.proholzlandwald.de\/bi\/wp-json\/wp\/v2\/users\/4"}],"replies":[{"embeddable":true,"href":"https:\/\/www.proholzlandwald.de\/bi\/wp-json\/wp\/v2\/comments?post=2027"}],"version-history":[{"count":2,"href":"https:\/\/www.proholzlandwald.de\/bi\/wp-json\/wp\/v2\/posts\/2027\/revisions"}],"predecessor-version":[{"id":2034,"href":"https:\/\/www.proholzlandwald.de\/bi\/wp-json\/wp\/v2\/posts\/2027\/revisions\/2034"}],"wp:featuredmedia":[{"embeddable":true,"href":"https:\/\/www.proholzlandwald.de\/bi\/wp-json\/wp\/v2\/media\/2032"}],"wp:attachment":[{"href":"https:\/\/www.proholzlandwald.de\/bi\/wp-json\/wp\/v2\/media?parent=2027"}],"wp:term":[{"taxonomy":"category","embeddable":true,"href":"https:\/\/www.proholzlandwald.de\/bi\/wp-json\/wp\/v2\/categories?post=2027"},{"taxonomy":"post_tag","embeddable":true,"href":"https:\/\/www.proholzlandwald.de\/bi\/wp-json\/wp\/v2\/tags?post=2027"}],"curies":[{"name":"wp","href":"https:\/\/api.w.org\/{rel}","templated":true}]}}