{"id":2052,"date":"2021-07-18T21:43:56","date_gmt":"2021-07-18T19:43:56","guid":{"rendered":"http:\/\/www.proholzlandwald.de\/bi\/?p=2052"},"modified":"2021-07-18T21:43:56","modified_gmt":"2021-07-18T19:43:56","slug":"neue-eu-waldstrategie-wir-sehen-darin-keinen-platz-fuer-windraeder-im-wald","status":"publish","type":"post","link":"https:\/\/www.proholzlandwald.de\/bi\/neue-eu-waldstrategie-wir-sehen-darin-keinen-platz-fuer-windraeder-im-wald\/","title":{"rendered":"Neue EU-Waldstrategie &#8211; wir sehen darin keinen Platz f\u00fcr Windr\u00e4der im Wald"},"content":{"rendered":"<p>Die <strong>Europ\u00e4ische Kommission<\/strong> hat am 16.7.2021 die <a href=\"https:\/\/ec.europa.eu\/info\/files\/communication-new-eu-forest-strategy-2030\"> neue EU-Waldstrategie f\u00fcr 2030<\/a> vorgestellt. Sie tr\u00e4gt bei zu <a href=\"https:\/\/ec.europa.eu\/germany\/news\/20210714-eu-green-deal_de\"> den Vorschl\u00e4gen von dieser Woche<\/a>, mit denen die Treibhausgasemissionen bis 2030 um mindestens 55 Prozent reduziert werden sollen, unter anderem, indem der Abbau von CO<sub>2<\/sub> durch nat\u00fcrliche Senken beschleunigt wird.<\/p>\n<p>EU-Kommissionvizepr\u00e4sident Frans Timmermans sagte: <strong>\u201eW\u00e4lder beherbergen einen Gro\u00dfteil der biologischen Vielfalt auf der Welt<\/strong>. Damit unser Wasser sauber ist und unsere B\u00f6den fruchtbar bleiben, <strong>brauchen wir gesunde W\u00e4lder<\/strong>. Europas W\u00e4lder sind in Gefahr. Deshalb setzen wir uns daf\u00fcr ein, sie zu sch\u00fctzen und wiederherzustellen, die Waldbewirtschaftung zu verbessern und F\u00f6rsterinnen und F\u00f6rster sowie Waldbewirtschafterinnen und -bewirtschafter zu unterst\u00fctzen.\u201c<\/p>\n<p><strong>Wir finden &#8211; eine klare Ansage an das Verbot f\u00fcr Windr\u00e4der im Wald!<\/strong><\/p>\n<p><strong><img loading=\"lazy\" decoding=\"async\" class=\"alignnone size-medium wp-image-1156\" src=\"http:\/\/www.proholzlandwald.de\/bi\/wp-content\/uploads\/2016\/09\/P1130171-300x225.jpg\" alt=\"\" width=\"300\" height=\"225\" srcset=\"https:\/\/www.proholzlandwald.de\/bi\/wp-content\/uploads\/2016\/09\/P1130171-300x225.jpg 300w, https:\/\/www.proholzlandwald.de\/bi\/wp-content\/uploads\/2016\/09\/P1130171-768x576.jpg 768w, https:\/\/www.proholzlandwald.de\/bi\/wp-content\/uploads\/2016\/09\/P1130171-1030x773.jpg 1030w, https:\/\/www.proholzlandwald.de\/bi\/wp-content\/uploads\/2016\/09\/P1130171.jpg 1500w, https:\/\/www.proholzlandwald.de\/bi\/wp-content\/uploads\/2016\/09\/P1130171-705x529.jpg 705w, https:\/\/www.proholzlandwald.de\/bi\/wp-content\/uploads\/2016\/09\/P1130171-450x338.jpg 450w\" sizes=\"(max-width: 300px) 100vw, 300px\" \/><\/strong><\/p>\n<p>So soll es bleiben!<\/p>\n<p>Der Vorstand<\/p>\n<p>&nbsp;<\/p>\n","protected":false},"excerpt":{"rendered":"<p>Die Europ\u00e4ische Kommission hat am 16.7.2021 die neue EU-Waldstrategie f\u00fcr 2030 vorgestellt. Sie tr\u00e4gt bei zu den Vorschl\u00e4gen von dieser Woche, mit denen die Treibhausgasemissionen bis 2030 um mindestens 55 Prozent reduziert werden sollen, unter anderem, indem der Abbau von CO2 durch nat\u00fcrliche Senken beschleunigt wird. EU-Kommissionvizepr\u00e4sident Frans Timmermans sagte: \u201eW\u00e4lder beherbergen einen Gro\u00dfteil der [&hellip;]<\/p>\n","protected":false},"author":4,"featured_media":1156,"comment_status":"open","ping_status":"open","sticky":false,"template":"","format":"standard","meta":{"footnotes":""},"categories":[1,11],"tags":[162],"yoast_head":"<!-- This site is optimized with the Yoast SEO plugin v22.3 - https:\/\/yoast.com\/wordpress\/plugins\/seo\/ -->\n<title>Neue EU-Waldstrategie - wir sehen darin keinen Platz f\u00fcr Windr\u00e4der im Wald - ProHolzlandwald.de<\/title>\n<meta name=\"robots\" content=\"index, follow, max-snippet:-1, max-image-preview:large, max-video-preview:-1\" \/>\n<link rel=\"canonical\" href=\"https:\/\/www.proholzlandwald.de\/bi\/neue-eu-waldstrategie-wir-sehen-darin-keinen-platz-fuer-windraeder-im-wald\/\" \/>\n<meta property=\"og:locale\" content=\"de_DE\" \/>\n<meta property=\"og:type\" content=\"article\" \/>\n<meta property=\"og:title\" content=\"Neue EU-Waldstrategie - wir sehen darin keinen Platz f\u00fcr Windr\u00e4der im Wald - ProHolzlandwald.de\" \/>\n<meta property=\"og:description\" content=\"Die Europ\u00e4ische Kommission hat am 16.7.2021 die neue EU-Waldstrategie f\u00fcr 2030 vorgestellt. Sie tr\u00e4gt bei zu den Vorschl\u00e4gen von dieser Woche, mit denen die Treibhausgasemissionen bis 2030 um mindestens 55 Prozent reduziert werden sollen, unter anderem, indem der Abbau von CO2 durch nat\u00fcrliche Senken beschleunigt wird. EU-Kommissionvizepr\u00e4sident Frans Timmermans sagte: \u201eW\u00e4lder beherbergen einen Gro\u00dfteil der [&hellip;]\" \/>\n<meta property=\"og:url\" content=\"https:\/\/www.proholzlandwald.de\/bi\/neue-eu-waldstrategie-wir-sehen-darin-keinen-platz-fuer-windraeder-im-wald\/\" \/>\n<meta property=\"og:site_name\" content=\"ProHolzlandwald.de\" \/>\n<meta property=\"article:published_time\" content=\"2021-07-18T19:43:56+00:00\" \/>\n<meta property=\"og:image\" content=\"https:\/\/www.proholzlandwald.de\/bi\/wp-content\/uploads\/2016\/09\/P1130171.jpg\" \/>\n\t<meta property=\"og:image:width\" content=\"1500\" \/>\n\t<meta property=\"og:image:height\" content=\"1125\" \/>\n\t<meta property=\"og:image:type\" content=\"image\/jpeg\" \/>\n<meta name=\"author\" content=\"Michael Pfl\u00fcgner\" \/>\n<meta name=\"twitter:card\" content=\"summary_large_image\" \/>\n<meta name=\"twitter:label1\" content=\"Verfasst von\" \/>\n\t<meta name=\"twitter:data1\" content=\"Michael Pfl\u00fcgner\" \/>\n\t<meta name=\"twitter:label2\" content=\"Gesch\u00e4tzte Lesezeit\" \/>\n\t<meta name=\"twitter:data2\" content=\"1\u00a0Minute\" \/>\n<script type=\"application\/ld+json\" class=\"yoast-schema-graph\">{\"@context\":\"https:\/\/schema.org\",\"@graph\":[{\"@type\":\"WebPage\",\"@id\":\"https:\/\/www.proholzlandwald.de\/bi\/neue-eu-waldstrategie-wir-sehen-darin-keinen-platz-fuer-windraeder-im-wald\/\",\"url\":\"https:\/\/www.proholzlandwald.de\/bi\/neue-eu-waldstrategie-wir-sehen-darin-keinen-platz-fuer-windraeder-im-wald\/\",\"name\":\"Neue EU-Waldstrategie - wir sehen darin keinen Platz f\u00fcr Windr\u00e4der im Wald - ProHolzlandwald.de\",\"isPartOf\":{\"@id\":\"https:\/\/www.proholzlandwald.de\/bi\/#website\"},\"primaryImageOfPage\":{\"@id\":\"https:\/\/www.proholzlandwald.de\/bi\/neue-eu-waldstrategie-wir-sehen-darin-keinen-platz-fuer-windraeder-im-wald\/#primaryimage\"},\"image\":{\"@id\":\"https:\/\/www.proholzlandwald.de\/bi\/neue-eu-waldstrategie-wir-sehen-darin-keinen-platz-fuer-windraeder-im-wald\/#primaryimage\"},\"thumbnailUrl\":\"https:\/\/www.proholzlandwald.de\/bi\/wp-content\/uploads\/2016\/09\/P1130171.jpg\",\"datePublished\":\"2021-07-18T19:43:56+00:00\",\"dateModified\":\"2021-07-18T19:43:56+00:00\",\"author\":{\"@id\":\"https:\/\/www.proholzlandwald.de\/bi\/#\/schema\/person\/cd5f9c7e94d039b01b70c54b2610c0cd\"},\"breadcrumb\":{\"@id\":\"https:\/\/www.proholzlandwald.de\/bi\/neue-eu-waldstrategie-wir-sehen-darin-keinen-platz-fuer-windraeder-im-wald\/#breadcrumb\"},\"inLanguage\":\"de\",\"potentialAction\":[{\"@type\":\"ReadAction\",\"target\":[\"https:\/\/www.proholzlandwald.de\/bi\/neue-eu-waldstrategie-wir-sehen-darin-keinen-platz-fuer-windraeder-im-wald\/\"]}]},{\"@type\":\"ImageObject\",\"inLanguage\":\"de\",\"@id\":\"https:\/\/www.proholzlandwald.de\/bi\/neue-eu-waldstrategie-wir-sehen-darin-keinen-platz-fuer-windraeder-im-wald\/#primaryimage\",\"url\":\"https:\/\/www.proholzlandwald.de\/bi\/wp-content\/uploads\/2016\/09\/P1130171.jpg\",\"contentUrl\":\"https:\/\/www.proholzlandwald.de\/bi\/wp-content\/uploads\/2016\/09\/P1130171.jpg\",\"width\":1500,\"height\":1125},{\"@type\":\"BreadcrumbList\",\"@id\":\"https:\/\/www.proholzlandwald.de\/bi\/neue-eu-waldstrategie-wir-sehen-darin-keinen-platz-fuer-windraeder-im-wald\/#breadcrumb\",\"itemListElement\":[{\"@type\":\"ListItem\",\"position\":1,\"name\":\"Startseite\",\"item\":\"https:\/\/www.proholzlandwald.de\/bi\/startseite-2\/\"},{\"@type\":\"ListItem\",\"position\":2,\"name\":\"Neue EU-Waldstrategie &#8211; wir sehen darin keinen Platz f\u00fcr Windr\u00e4der im Wald\"}]},{\"@type\":\"WebSite\",\"@id\":\"https:\/\/www.proholzlandwald.de\/bi\/#website\",\"url\":\"https:\/\/www.proholzlandwald.de\/bi\/\",\"name\":\"ProHolzlandwald.de\",\"description\":\"B\u00fcrgerinitiative ProHolzlandwald\",\"potentialAction\":[{\"@type\":\"SearchAction\",\"target\":{\"@type\":\"EntryPoint\",\"urlTemplate\":\"https:\/\/www.proholzlandwald.de\/bi\/?s={search_term_string}\"},\"query-input\":\"required name=search_term_string\"}],\"inLanguage\":\"de\"},{\"@type\":\"Person\",\"@id\":\"https:\/\/www.proholzlandwald.de\/bi\/#\/schema\/person\/cd5f9c7e94d039b01b70c54b2610c0cd\",\"name\":\"Michael Pfl\u00fcgner\",\"url\":\"https:\/\/www.proholzlandwald.de\/bi\/author\/mp\/\"}]}<\/script>\n<!-- \/ Yoast SEO plugin. -->","yoast_head_json":{"title":"Neue EU-Waldstrategie - wir sehen darin keinen Platz f\u00fcr Windr\u00e4der im Wald - ProHolzlandwald.de","robots":{"index":"index","follow":"follow","max-snippet":"max-snippet:-1","max-image-preview":"max-image-preview:large","max-video-preview":"max-video-preview:-1"},"canonical":"https:\/\/www.proholzlandwald.de\/bi\/neue-eu-waldstrategie-wir-sehen-darin-keinen-platz-fuer-windraeder-im-wald\/","og_locale":"de_DE","og_type":"article","og_title":"Neue EU-Waldstrategie - wir sehen darin keinen Platz f\u00fcr Windr\u00e4der im Wald - ProHolzlandwald.de","og_description":"Die Europ\u00e4ische Kommission hat am 16.7.2021 die neue EU-Waldstrategie f\u00fcr 2030 vorgestellt. Sie tr\u00e4gt bei zu den Vorschl\u00e4gen von dieser Woche, mit denen die Treibhausgasemissionen bis 2030 um mindestens 55 Prozent reduziert werden sollen, unter anderem, indem der Abbau von CO2 durch nat\u00fcrliche Senken beschleunigt wird. EU-Kommissionvizepr\u00e4sident Frans Timmermans sagte: \u201eW\u00e4lder beherbergen einen Gro\u00dfteil der [&hellip;]","og_url":"https:\/\/www.proholzlandwald.de\/bi\/neue-eu-waldstrategie-wir-sehen-darin-keinen-platz-fuer-windraeder-im-wald\/","og_site_name":"ProHolzlandwald.de","article_published_time":"2021-07-18T19:43:56+00:00","og_image":[{"width":1500,"height":1125,"url":"https:\/\/www.proholzlandwald.de\/bi\/wp-content\/uploads\/2016\/09\/P1130171.jpg","type":"image\/jpeg"}],"author":"Michael Pfl\u00fcgner","twitter_card":"summary_large_image","twitter_misc":{"Verfasst von":"Michael Pfl\u00fcgner","Gesch\u00e4tzte Lesezeit":"1\u00a0Minute"},"schema":{"@context":"https:\/\/schema.org","@graph":[{"@type":"WebPage","@id":"https:\/\/www.proholzlandwald.de\/bi\/neue-eu-waldstrategie-wir-sehen-darin-keinen-platz-fuer-windraeder-im-wald\/","url":"https:\/\/www.proholzlandwald.de\/bi\/neue-eu-waldstrategie-wir-sehen-darin-keinen-platz-fuer-windraeder-im-wald\/","name":"Neue EU-Waldstrategie - wir sehen darin keinen Platz f\u00fcr Windr\u00e4der im Wald - ProHolzlandwald.de","isPartOf":{"@id":"https:\/\/www.proholzlandwald.de\/bi\/#website"},"primaryImageOfPage":{"@id":"https:\/\/www.proholzlandwald.de\/bi\/neue-eu-waldstrategie-wir-sehen-darin-keinen-platz-fuer-windraeder-im-wald\/#primaryimage"},"image":{"@id":"https:\/\/www.proholzlandwald.de\/bi\/neue-eu-waldstrategie-wir-sehen-darin-keinen-platz-fuer-windraeder-im-wald\/#primaryimage"},"thumbnailUrl":"https:\/\/www.proholzlandwald.de\/bi\/wp-content\/uploads\/2016\/09\/P1130171.jpg","datePublished":"2021-07-18T19:43:56+00:00","dateModified":"2021-07-18T19:43:56+00:00","author":{"@id":"https:\/\/www.proholzlandwald.de\/bi\/#\/schema\/person\/cd5f9c7e94d039b01b70c54b2610c0cd"},"breadcrumb":{"@id":"https:\/\/www.proholzlandwald.de\/bi\/neue-eu-waldstrategie-wir-sehen-darin-keinen-platz-fuer-windraeder-im-wald\/#breadcrumb"},"inLanguage":"de","potentialAction":[{"@type":"ReadAction","target":["https:\/\/www.proholzlandwald.de\/bi\/neue-eu-waldstrategie-wir-sehen-darin-keinen-platz-fuer-windraeder-im-wald\/"]}]},{"@type":"ImageObject","inLanguage":"de","@id":"https:\/\/www.proholzlandwald.de\/bi\/neue-eu-waldstrategie-wir-sehen-darin-keinen-platz-fuer-windraeder-im-wald\/#primaryimage","url":"https:\/\/www.proholzlandwald.de\/bi\/wp-content\/uploads\/2016\/09\/P1130171.jpg","contentUrl":"https:\/\/www.proholzlandwald.de\/bi\/wp-content\/uploads\/2016\/09\/P1130171.jpg","width":1500,"height":1125},{"@type":"BreadcrumbList","@id":"https:\/\/www.proholzlandwald.de\/bi\/neue-eu-waldstrategie-wir-sehen-darin-keinen-platz-fuer-windraeder-im-wald\/#breadcrumb","itemListElement":[{"@type":"ListItem","position":1,"name":"Startseite","item":"https:\/\/www.proholzlandwald.de\/bi\/startseite-2\/"},{"@type":"ListItem","position":2,"name":"Neue EU-Waldstrategie &#8211; wir sehen darin keinen Platz f\u00fcr Windr\u00e4der im Wald"}]},{"@type":"WebSite","@id":"https:\/\/www.proholzlandwald.de\/bi\/#website","url":"https:\/\/www.proholzlandwald.de\/bi\/","name":"ProHolzlandwald.de","description":"B\u00fcrgerinitiative ProHolzlandwald","potentialAction":[{"@type":"SearchAction","target":{"@type":"EntryPoint","urlTemplate":"https:\/\/www.proholzlandwald.de\/bi\/?s={search_term_string}"},"query-input":"required name=search_term_string"}],"inLanguage":"de"},{"@type":"Person","@id":"https:\/\/www.proholzlandwald.de\/bi\/#\/schema\/person\/cd5f9c7e94d039b01b70c54b2610c0cd","name":"Michael Pfl\u00fcgner","url":"https:\/\/www.proholzlandwald.de\/bi\/author\/mp\/"}]}},"_links":{"self":[{"href":"https:\/\/www.proholzlandwald.de\/bi\/wp-json\/wp\/v2\/posts\/2052"}],"collection":[{"href":"https:\/\/www.proholzlandwald.de\/bi\/wp-json\/wp\/v2\/posts"}],"about":[{"href":"https:\/\/www.proholzlandwald.de\/bi\/wp-json\/wp\/v2\/types\/post"}],"author":[{"embeddable":true,"href":"https:\/\/www.proholzlandwald.de\/bi\/wp-json\/wp\/v2\/users\/4"}],"replies":[{"embeddable":true,"href":"https:\/\/www.proholzlandwald.de\/bi\/wp-json\/wp\/v2\/comments?post=2052"}],"version-history":[{"count":4,"href":"https:\/\/www.proholzlandwald.de\/bi\/wp-json\/wp\/v2\/posts\/2052\/revisions"}],"predecessor-version":[{"id":2056,"href":"https:\/\/www.proholzlandwald.de\/bi\/wp-json\/wp\/v2\/posts\/2052\/revisions\/2056"}],"wp:featuredmedia":[{"embeddable":true,"href":"https:\/\/www.proholzlandwald.de\/bi\/wp-json\/wp\/v2\/media\/1156"}],"wp:attachment":[{"href":"https:\/\/www.proholzlandwald.de\/bi\/wp-json\/wp\/v2\/media?parent=2052"}],"wp:term":[{"taxonomy":"category","embeddable":true,"href":"https:\/\/www.proholzlandwald.de\/bi\/wp-json\/wp\/v2\/categories?post=2052"},{"taxonomy":"post_tag","embeddable":true,"href":"https:\/\/www.proholzlandwald.de\/bi\/wp-json\/wp\/v2\/tags?post=2052"}],"curies":[{"name":"wp","href":"https:\/\/api.w.org\/{rel}","templated":true}]}}