{"id":2058,"date":"2021-12-14T17:26:21","date_gmt":"2021-12-14T16:26:21","guid":{"rendered":"http:\/\/www.proholzlandwald.de\/bi\/?p=2058"},"modified":"2021-12-14T17:26:21","modified_gmt":"2021-12-14T16:26:21","slug":"frohe-und-gesunde-weihnachten","status":"publish","type":"post","link":"https:\/\/www.proholzlandwald.de\/bi\/frohe-und-gesunde-weihnachten\/","title":{"rendered":"Frohe und gesunde Weihnachten"},"content":{"rendered":"<p>Liebe Mitglieder und Freunde unseres Vereins,<\/p>\n<p>wir w\u00fcnschen Ihnen und Ihren Familien <strong>Gesundheit und frohe erholsame Feiertage<\/strong>.<\/p>\n<p>Vielen <strong>DANK<\/strong> allen, die uns die <strong>Treue halten<\/strong> und unseren <strong>Verein unterst\u00fctzen<\/strong>.<\/p>\n<p>Es gilt <strong>wachsam zu bleiben<\/strong>. Das <strong>Geraer Landgericht<\/strong> hat den <strong>Ostth\u00fcringer Regionalplan gekippt-<\/strong> damit w\u00e4re <strong>Windrad- Wildwuchs wieder m\u00f6glich<\/strong>! Wir werden dagegen halten.<\/p>\n<p><img loading=\"lazy\" decoding=\"async\" class=\"alignnone size-medium wp-image-2059\" src=\"http:\/\/www.proholzlandwald.de\/bi\/wp-content\/uploads\/2021\/12\/Advent-300x211.jpg\" alt=\"\" width=\"300\" height=\"211\" srcset=\"https:\/\/www.proholzlandwald.de\/bi\/wp-content\/uploads\/2021\/12\/Advent-300x211.jpg 300w, https:\/\/www.proholzlandwald.de\/bi\/wp-content\/uploads\/2021\/12\/Advent-768x539.jpg 768w, https:\/\/www.proholzlandwald.de\/bi\/wp-content\/uploads\/2021\/12\/Advent-705x495.jpg 705w, https:\/\/www.proholzlandwald.de\/bi\/wp-content\/uploads\/2021\/12\/Advent-450x316.jpg 450w, https:\/\/www.proholzlandwald.de\/bi\/wp-content\/uploads\/2021\/12\/Advent.jpg 1024w\" sizes=\"(max-width: 300px) 100vw, 300px\" \/><\/p>\n<p>Im Auftrag des Vorstandes<\/p>\n<p>Michael Pfl\u00fcgner<\/p>\n","protected":false},"excerpt":{"rendered":"<p>Liebe Mitglieder und Freunde unseres Vereins, wir w\u00fcnschen Ihnen und Ihren Familien Gesundheit und frohe erholsame Feiertage. Vielen DANK allen, die uns die Treue halten und unseren Verein unterst\u00fctzen. Es gilt wachsam zu bleiben. Das Geraer Landgericht hat den Ostth\u00fcringer Regionalplan gekippt- damit w\u00e4re Windrad- Wildwuchs wieder m\u00f6glich! Wir werden dagegen halten. Im Auftrag des [&hellip;]<\/p>\n","protected":false},"author":4,"featured_media":2059,"comment_status":"open","ping_status":"open","sticky":false,"template":"","format":"standard","meta":{"footnotes":""},"categories":[1],"tags":[127,163],"yoast_head":"<!-- This site is optimized with the Yoast SEO plugin v22.3 - https:\/\/yoast.com\/wordpress\/plugins\/seo\/ -->\n<title>Frohe und gesunde Weihnachten - ProHolzlandwald.de<\/title>\n<meta name=\"robots\" content=\"index, follow, max-snippet:-1, max-image-preview:large, max-video-preview:-1\" \/>\n<link rel=\"canonical\" href=\"https:\/\/www.proholzlandwald.de\/bi\/frohe-und-gesunde-weihnachten\/\" \/>\n<meta property=\"og:locale\" content=\"de_DE\" \/>\n<meta property=\"og:type\" content=\"article\" \/>\n<meta property=\"og:title\" content=\"Frohe und gesunde Weihnachten - ProHolzlandwald.de\" \/>\n<meta property=\"og:description\" content=\"Liebe Mitglieder und Freunde unseres Vereins, wir w\u00fcnschen Ihnen und Ihren Familien Gesundheit und frohe erholsame Feiertage. Vielen DANK allen, die uns die Treue halten und unseren Verein unterst\u00fctzen. Es gilt wachsam zu bleiben. Das Geraer Landgericht hat den Ostth\u00fcringer Regionalplan gekippt- damit w\u00e4re Windrad- Wildwuchs wieder m\u00f6glich! Wir werden dagegen halten. Im Auftrag des [&hellip;]\" \/>\n<meta property=\"og:url\" content=\"https:\/\/www.proholzlandwald.de\/bi\/frohe-und-gesunde-weihnachten\/\" \/>\n<meta property=\"og:site_name\" content=\"ProHolzlandwald.de\" \/>\n<meta property=\"article:published_time\" content=\"2021-12-14T16:26:21+00:00\" \/>\n<meta property=\"og:image\" content=\"https:\/\/www.proholzlandwald.de\/bi\/wp-content\/uploads\/2021\/12\/Advent.jpg\" \/>\n\t<meta property=\"og:image:width\" content=\"1024\" \/>\n\t<meta property=\"og:image:height\" content=\"719\" \/>\n\t<meta property=\"og:image:type\" content=\"image\/jpeg\" \/>\n<meta name=\"author\" content=\"Michael Pfl\u00fcgner\" \/>\n<meta name=\"twitter:card\" content=\"summary_large_image\" \/>\n<meta name=\"twitter:label1\" content=\"Verfasst von\" \/>\n\t<meta name=\"twitter:data1\" content=\"Michael Pfl\u00fcgner\" \/>\n<script type=\"application\/ld+json\" class=\"yoast-schema-graph\">{\"@context\":\"https:\/\/schema.org\",\"@graph\":[{\"@type\":\"WebPage\",\"@id\":\"https:\/\/www.proholzlandwald.de\/bi\/frohe-und-gesunde-weihnachten\/\",\"url\":\"https:\/\/www.proholzlandwald.de\/bi\/frohe-und-gesunde-weihnachten\/\",\"name\":\"Frohe und gesunde Weihnachten - ProHolzlandwald.de\",\"isPartOf\":{\"@id\":\"https:\/\/www.proholzlandwald.de\/bi\/#website\"},\"primaryImageOfPage\":{\"@id\":\"https:\/\/www.proholzlandwald.de\/bi\/frohe-und-gesunde-weihnachten\/#primaryimage\"},\"image\":{\"@id\":\"https:\/\/www.proholzlandwald.de\/bi\/frohe-und-gesunde-weihnachten\/#primaryimage\"},\"thumbnailUrl\":\"https:\/\/www.proholzlandwald.de\/bi\/wp-content\/uploads\/2021\/12\/Advent.jpg\",\"datePublished\":\"2021-12-14T16:26:21+00:00\",\"dateModified\":\"2021-12-14T16:26:21+00:00\",\"author\":{\"@id\":\"https:\/\/www.proholzlandwald.de\/bi\/#\/schema\/person\/cd5f9c7e94d039b01b70c54b2610c0cd\"},\"breadcrumb\":{\"@id\":\"https:\/\/www.proholzlandwald.de\/bi\/frohe-und-gesunde-weihnachten\/#breadcrumb\"},\"inLanguage\":\"de\",\"potentialAction\":[{\"@type\":\"ReadAction\",\"target\":[\"https:\/\/www.proholzlandwald.de\/bi\/frohe-und-gesunde-weihnachten\/\"]}]},{\"@type\":\"ImageObject\",\"inLanguage\":\"de\",\"@id\":\"https:\/\/www.proholzlandwald.de\/bi\/frohe-und-gesunde-weihnachten\/#primaryimage\",\"url\":\"https:\/\/www.proholzlandwald.de\/bi\/wp-content\/uploads\/2021\/12\/Advent.jpg\",\"contentUrl\":\"https:\/\/www.proholzlandwald.de\/bi\/wp-content\/uploads\/2021\/12\/Advent.jpg\",\"width\":1024,\"height\":719},{\"@type\":\"BreadcrumbList\",\"@id\":\"https:\/\/www.proholzlandwald.de\/bi\/frohe-und-gesunde-weihnachten\/#breadcrumb\",\"itemListElement\":[{\"@type\":\"ListItem\",\"position\":1,\"name\":\"Startseite\",\"item\":\"https:\/\/www.proholzlandwald.de\/bi\/startseite-2\/\"},{\"@type\":\"ListItem\",\"position\":2,\"name\":\"Frohe und gesunde Weihnachten\"}]},{\"@type\":\"WebSite\",\"@id\":\"https:\/\/www.proholzlandwald.de\/bi\/#website\",\"url\":\"https:\/\/www.proholzlandwald.de\/bi\/\",\"name\":\"ProHolzlandwald.de\",\"description\":\"B\u00fcrgerinitiative ProHolzlandwald\",\"potentialAction\":[{\"@type\":\"SearchAction\",\"target\":{\"@type\":\"EntryPoint\",\"urlTemplate\":\"https:\/\/www.proholzlandwald.de\/bi\/?s={search_term_string}\"},\"query-input\":\"required name=search_term_string\"}],\"inLanguage\":\"de\"},{\"@type\":\"Person\",\"@id\":\"https:\/\/www.proholzlandwald.de\/bi\/#\/schema\/person\/cd5f9c7e94d039b01b70c54b2610c0cd\",\"name\":\"Michael Pfl\u00fcgner\",\"url\":\"https:\/\/www.proholzlandwald.de\/bi\/author\/mp\/\"}]}<\/script>\n<!-- \/ Yoast SEO plugin. -->","yoast_head_json":{"title":"Frohe und gesunde Weihnachten - ProHolzlandwald.de","robots":{"index":"index","follow":"follow","max-snippet":"max-snippet:-1","max-image-preview":"max-image-preview:large","max-video-preview":"max-video-preview:-1"},"canonical":"https:\/\/www.proholzlandwald.de\/bi\/frohe-und-gesunde-weihnachten\/","og_locale":"de_DE","og_type":"article","og_title":"Frohe und gesunde Weihnachten - ProHolzlandwald.de","og_description":"Liebe Mitglieder und Freunde unseres Vereins, wir w\u00fcnschen Ihnen und Ihren Familien Gesundheit und frohe erholsame Feiertage. Vielen DANK allen, die uns die Treue halten und unseren Verein unterst\u00fctzen. Es gilt wachsam zu bleiben. Das Geraer Landgericht hat den Ostth\u00fcringer Regionalplan gekippt- damit w\u00e4re Windrad- Wildwuchs wieder m\u00f6glich! Wir werden dagegen halten. Im Auftrag des [&hellip;]","og_url":"https:\/\/www.proholzlandwald.de\/bi\/frohe-und-gesunde-weihnachten\/","og_site_name":"ProHolzlandwald.de","article_published_time":"2021-12-14T16:26:21+00:00","og_image":[{"width":1024,"height":719,"url":"https:\/\/www.proholzlandwald.de\/bi\/wp-content\/uploads\/2021\/12\/Advent.jpg","type":"image\/jpeg"}],"author":"Michael Pfl\u00fcgner","twitter_card":"summary_large_image","twitter_misc":{"Verfasst von":"Michael Pfl\u00fcgner"},"schema":{"@context":"https:\/\/schema.org","@graph":[{"@type":"WebPage","@id":"https:\/\/www.proholzlandwald.de\/bi\/frohe-und-gesunde-weihnachten\/","url":"https:\/\/www.proholzlandwald.de\/bi\/frohe-und-gesunde-weihnachten\/","name":"Frohe und gesunde Weihnachten - ProHolzlandwald.de","isPartOf":{"@id":"https:\/\/www.proholzlandwald.de\/bi\/#website"},"primaryImageOfPage":{"@id":"https:\/\/www.proholzlandwald.de\/bi\/frohe-und-gesunde-weihnachten\/#primaryimage"},"image":{"@id":"https:\/\/www.proholzlandwald.de\/bi\/frohe-und-gesunde-weihnachten\/#primaryimage"},"thumbnailUrl":"https:\/\/www.proholzlandwald.de\/bi\/wp-content\/uploads\/2021\/12\/Advent.jpg","datePublished":"2021-12-14T16:26:21+00:00","dateModified":"2021-12-14T16:26:21+00:00","author":{"@id":"https:\/\/www.proholzlandwald.de\/bi\/#\/schema\/person\/cd5f9c7e94d039b01b70c54b2610c0cd"},"breadcrumb":{"@id":"https:\/\/www.proholzlandwald.de\/bi\/frohe-und-gesunde-weihnachten\/#breadcrumb"},"inLanguage":"de","potentialAction":[{"@type":"ReadAction","target":["https:\/\/www.proholzlandwald.de\/bi\/frohe-und-gesunde-weihnachten\/"]}]},{"@type":"ImageObject","inLanguage":"de","@id":"https:\/\/www.proholzlandwald.de\/bi\/frohe-und-gesunde-weihnachten\/#primaryimage","url":"https:\/\/www.proholzlandwald.de\/bi\/wp-content\/uploads\/2021\/12\/Advent.jpg","contentUrl":"https:\/\/www.proholzlandwald.de\/bi\/wp-content\/uploads\/2021\/12\/Advent.jpg","width":1024,"height":719},{"@type":"BreadcrumbList","@id":"https:\/\/www.proholzlandwald.de\/bi\/frohe-und-gesunde-weihnachten\/#breadcrumb","itemListElement":[{"@type":"ListItem","position":1,"name":"Startseite","item":"https:\/\/www.proholzlandwald.de\/bi\/startseite-2\/"},{"@type":"ListItem","position":2,"name":"Frohe und gesunde Weihnachten"}]},{"@type":"WebSite","@id":"https:\/\/www.proholzlandwald.de\/bi\/#website","url":"https:\/\/www.proholzlandwald.de\/bi\/","name":"ProHolzlandwald.de","description":"B\u00fcrgerinitiative ProHolzlandwald","potentialAction":[{"@type":"SearchAction","target":{"@type":"EntryPoint","urlTemplate":"https:\/\/www.proholzlandwald.de\/bi\/?s={search_term_string}"},"query-input":"required name=search_term_string"}],"inLanguage":"de"},{"@type":"Person","@id":"https:\/\/www.proholzlandwald.de\/bi\/#\/schema\/person\/cd5f9c7e94d039b01b70c54b2610c0cd","name":"Michael Pfl\u00fcgner","url":"https:\/\/www.proholzlandwald.de\/bi\/author\/mp\/"}]}},"_links":{"self":[{"href":"https:\/\/www.proholzlandwald.de\/bi\/wp-json\/wp\/v2\/posts\/2058"}],"collection":[{"href":"https:\/\/www.proholzlandwald.de\/bi\/wp-json\/wp\/v2\/posts"}],"about":[{"href":"https:\/\/www.proholzlandwald.de\/bi\/wp-json\/wp\/v2\/types\/post"}],"author":[{"embeddable":true,"href":"https:\/\/www.proholzlandwald.de\/bi\/wp-json\/wp\/v2\/users\/4"}],"replies":[{"embeddable":true,"href":"https:\/\/www.proholzlandwald.de\/bi\/wp-json\/wp\/v2\/comments?post=2058"}],"version-history":[{"count":2,"href":"https:\/\/www.proholzlandwald.de\/bi\/wp-json\/wp\/v2\/posts\/2058\/revisions"}],"predecessor-version":[{"id":2061,"href":"https:\/\/www.proholzlandwald.de\/bi\/wp-json\/wp\/v2\/posts\/2058\/revisions\/2061"}],"wp:featuredmedia":[{"embeddable":true,"href":"https:\/\/www.proholzlandwald.de\/bi\/wp-json\/wp\/v2\/media\/2059"}],"wp:attachment":[{"href":"https:\/\/www.proholzlandwald.de\/bi\/wp-json\/wp\/v2\/media?parent=2058"}],"wp:term":[{"taxonomy":"category","embeddable":true,"href":"https:\/\/www.proholzlandwald.de\/bi\/wp-json\/wp\/v2\/categories?post=2058"},{"taxonomy":"post_tag","embeddable":true,"href":"https:\/\/www.proholzlandwald.de\/bi\/wp-json\/wp\/v2\/tags?post=2058"}],"curies":[{"name":"wp","href":"https:\/\/api.w.org\/{rel}","templated":true}]}}