{"id":210,"date":"2015-06-18T14:44:33","date_gmt":"2015-06-18T12:44:33","guid":{"rendered":"http:\/\/proholzlandwald.dev\/?p=210"},"modified":"2019-04-30T21:26:54","modified_gmt":"2019-04-30T19:26:54","slug":"sommerfest-der-bi","status":"publish","type":"post","link":"https:\/\/www.proholzlandwald.de\/bi\/sommerfest-der-bi\/","title":{"rendered":"Sommerfest der BI"},"content":{"rendered":"<p>Bereits 5 Monate besteht die BI und hat am 18. 6. in den Kanonengarten Tautenhain zum Sommerfest eingeladen.<br \/>\nBei Th\u00fcringer Rostbratwurst, selbst gebackenem Kuchen und Bier gab es regen Gedankenaustausch.<br \/>\nFrau Pirl \u00fcbergab der Stellvertreterin des Landrates Frau Klotz die Zuarbeit der B\u00fcrgerinitiative zur Neugestaltung des Regionalplanes Osth\u00fcringen.<br \/>\nMit Versen \u00fcber den Wald \u00fcberraschte Dr. Unger die \u00fcber 100 Teilnehmer (es waren schon mal viel mehr !) aus Tautenhain und Umgebung.<br \/>\nHerr Peter rief alle auf, nicht locker zu lassen und dankte den Initiatoren. Keiner der Aktivisten betreibe diese ehrenamtliche Arbeit aus Eigennutz, stellte er klar und forderte zu mehr Mitarbeit auf.<br \/>\nUnser Vorsitzender Dr. Illian sprach \u00fcber das Windsymposium am 16.6. im Erfurter Landtag (an anderer Stelle sp\u00e4ter mehr).<\/p>\n\n<style type=\"text\/css\" data-created_by=\"avia_inline_auto\" id=\"style-css-av-9udvm-eb74ad6aecdfc994cd07c2e6d1f46a10\">\n#top .avia-gallery.av-9udvm-eb74ad6aecdfc994cd07c2e6d1f46a10 .avia-gallery-thumb a{\nwidth:20%;\n}\n<\/style>\n<div  class='avia-gallery av-9udvm-eb74ad6aecdfc994cd07c2e6d1f46a10 avia_animate_when_visible  avia-builder-el-0  avia-builder-el-no-sibling  avia_lazyload av-slideshow-ui av-loop-manual-endless av-control-hidden av-navigate-arrows av-navigate-dots hover-effect av-control-hidden avia-gallery-animate avia-gallery-1'  itemprop=\"image\" itemscope=\"itemscope\" itemtype=\"https:\/\/schema.org\/ImageObject\" ><meta itemprop=\"contentURL\" content=\"https:\/\/www.proholzlandwald.de\/bi\/sommerfest-der-bi\/\"><a class='avia-gallery-big fakeLightbox lightbox avia-gallery-big-crop-thumb ' href=\"https:\/\/www.proholzlandwald.de\/bi\/wp-content\/uploads\/2016\/02\/DeckblttZuarbeitRegionalplan.jpg\" data-srcset=\"https:\/\/www.proholzlandwald.de\/bi\/wp-content\/uploads\/2016\/02\/DeckblttZuarbeitRegionalplan.jpg 420w, https:\/\/www.proholzlandwald.de\/bi\/wp-content\/uploads\/2016\/02\/DeckblttZuarbeitRegionalplan-220x300.jpg 220w\" data-sizes=\"(max-width: 420px) 100vw, 420px\"  data-onclick='1' title='DeckblttZuarbeitRegionalplan' ><span class='avia-gallery-big-inner'  itemprop=\"thumbnailUrl\" ><img decoding=\"async\" fetchpriority=\"high\" class=\"wp-image-211 avia-img-lazy-loading-not-211\"  width=\"420\" height=\"400\" src=\"https:\/\/www.proholzlandwald.de\/bi\/wp-content\/uploads\/2016\/02\/DeckblttZuarbeitRegionalplan-420x400.jpg\" title='DeckblttZuarbeitRegionalplan' alt='' \/><\/span><\/a><div class='avia-gallery-thumb'><a href=\"https:\/\/www.proholzlandwald.de\/bi\/wp-content\/uploads\/2016\/02\/DeckblttZuarbeitRegionalplan.jpg\" data-srcset=\"https:\/\/www.proholzlandwald.de\/bi\/wp-content\/uploads\/2016\/02\/DeckblttZuarbeitRegionalplan.jpg 420w, https:\/\/www.proholzlandwald.de\/bi\/wp-content\/uploads\/2016\/02\/DeckblttZuarbeitRegionalplan-220x300.jpg 220w\" data-sizes=\"(max-width: 420px) 100vw, 420px\" data-rel='gallery-1' data-prev-img='https:\/\/www.proholzlandwald.de\/bi\/wp-content\/uploads\/2016\/02\/DeckblttZuarbeitRegionalplan-420x400.jpg' class='first_thumb lightbox ' data-onclick='1' title='DeckblttZuarbeitRegionalplan'  itemprop=\"thumbnailUrl\"  ><img decoding=\"async\" fetchpriority=\"high\" class=\"wp-image-211 avia-img-lazy-loading-not-211\"   src=\"https:\/\/www.proholzlandwald.de\/bi\/wp-content\/uploads\/2016\/02\/DeckblttZuarbeitRegionalplan-420x400.jpg\" width=\"420\" height=\"400\"  title='DeckblttZuarbeitRegionalplan' alt='' \/><div class='big-prev-fake'><img decoding=\"async\" loading=\"lazy\" class=\"wp-image-211 avia-img-lazy-loading-211\"  width=\"420\" height=\"400\" src=\"https:\/\/www.proholzlandwald.de\/bi\/wp-content\/uploads\/2016\/02\/DeckblttZuarbeitRegionalplan-420x400.jpg\" title='DeckblttZuarbeitRegionalplan' alt='' \/><\/div><\/a><a href=\"https:\/\/www.proholzlandwald.de\/bi\/wp-content\/uploads\/2016\/02\/IMG_1030.jpg\" data-srcset=\"https:\/\/www.proholzlandwald.de\/bi\/wp-content\/uploads\/2016\/02\/IMG_1030.jpg 1024w, https:\/\/www.proholzlandwald.de\/bi\/wp-content\/uploads\/2016\/02\/IMG_1030-300x224.jpg 300w, https:\/\/www.proholzlandwald.de\/bi\/wp-content\/uploads\/2016\/02\/IMG_1030-768x574.jpg 768w, https:\/\/www.proholzlandwald.de\/bi\/wp-content\/uploads\/2016\/02\/IMG_1030-705x527.jpg 705w, https:\/\/www.proholzlandwald.de\/bi\/wp-content\/uploads\/2016\/02\/IMG_1030-450x336.jpg 450w\" data-sizes=\"(max-width: 1024px) 100vw, 1024px\" data-rel='gallery-1' data-prev-img='https:\/\/www.proholzlandwald.de\/bi\/wp-content\/uploads\/2016\/02\/IMG_1030-495x400.jpg' class='lightbox ' data-onclick='2' title='IMG_1030'  itemprop=\"thumbnailUrl\"  ><img decoding=\"async\" fetchpriority=\"high\" class=\"wp-image-212 avia-img-lazy-loading-not-212\"   src=\"https:\/\/www.proholzlandwald.de\/bi\/wp-content\/uploads\/2016\/02\/IMG_1030-495x400.jpg\" width=\"495\" height=\"400\"  title='IMG_1030' alt='' srcset=\"https:\/\/www.proholzlandwald.de\/bi\/wp-content\/uploads\/2016\/02\/IMG_1030-495x400.jpg 495w, https:\/\/www.proholzlandwald.de\/bi\/wp-content\/uploads\/2016\/02\/IMG_1030-845x684.jpg 845w\" sizes=\"(max-width: 495px) 100vw, 495px\" \/><div class='big-prev-fake'><img decoding=\"async\" loading=\"lazy\" class=\"wp-image-212 avia-img-lazy-loading-212\"  width=\"495\" height=\"400\" src=\"https:\/\/www.proholzlandwald.de\/bi\/wp-content\/uploads\/2016\/02\/IMG_1030-495x400.jpg\" title='IMG_1030' alt='' srcset=\"https:\/\/www.proholzlandwald.de\/bi\/wp-content\/uploads\/2016\/02\/IMG_1030-495x400.jpg 495w, https:\/\/www.proholzlandwald.de\/bi\/wp-content\/uploads\/2016\/02\/IMG_1030-845x684.jpg 845w\" sizes=\"(max-width: 495px) 100vw, 495px\" \/><\/div><\/a><a href=\"https:\/\/www.proholzlandwald.de\/bi\/wp-content\/uploads\/2016\/02\/IMG_1034.jpg\" data-srcset=\"https:\/\/www.proholzlandwald.de\/bi\/wp-content\/uploads\/2016\/02\/IMG_1034.jpg 1024w, https:\/\/www.proholzlandwald.de\/bi\/wp-content\/uploads\/2016\/02\/IMG_1034-300x224.jpg 300w, https:\/\/www.proholzlandwald.de\/bi\/wp-content\/uploads\/2016\/02\/IMG_1034-768x574.jpg 768w, https:\/\/www.proholzlandwald.de\/bi\/wp-content\/uploads\/2016\/02\/IMG_1034-705x527.jpg 705w, https:\/\/www.proholzlandwald.de\/bi\/wp-content\/uploads\/2016\/02\/IMG_1034-450x336.jpg 450w\" data-sizes=\"(max-width: 1024px) 100vw, 1024px\" data-rel='gallery-1' data-prev-img='https:\/\/www.proholzlandwald.de\/bi\/wp-content\/uploads\/2016\/02\/IMG_1034-495x400.jpg' class='lightbox ' data-onclick='3' title='IMG_1034'  itemprop=\"thumbnailUrl\"  ><img decoding=\"async\" fetchpriority=\"high\" class=\"wp-image-213 avia-img-lazy-loading-not-213\"   src=\"https:\/\/www.proholzlandwald.de\/bi\/wp-content\/uploads\/2016\/02\/IMG_1034-495x400.jpg\" width=\"495\" height=\"400\"  title='IMG_1034' alt='' srcset=\"https:\/\/www.proholzlandwald.de\/bi\/wp-content\/uploads\/2016\/02\/IMG_1034-495x400.jpg 495w, https:\/\/www.proholzlandwald.de\/bi\/wp-content\/uploads\/2016\/02\/IMG_1034-845x684.jpg 845w\" sizes=\"(max-width: 495px) 100vw, 495px\" \/><div class='big-prev-fake'><img decoding=\"async\" loading=\"lazy\" class=\"wp-image-213 avia-img-lazy-loading-213\"  width=\"495\" height=\"400\" src=\"https:\/\/www.proholzlandwald.de\/bi\/wp-content\/uploads\/2016\/02\/IMG_1034-495x400.jpg\" title='IMG_1034' alt='' srcset=\"https:\/\/www.proholzlandwald.de\/bi\/wp-content\/uploads\/2016\/02\/IMG_1034-495x400.jpg 495w, https:\/\/www.proholzlandwald.de\/bi\/wp-content\/uploads\/2016\/02\/IMG_1034-845x684.jpg 845w\" sizes=\"(max-width: 495px) 100vw, 495px\" \/><\/div><\/a><a href=\"https:\/\/www.proholzlandwald.de\/bi\/wp-content\/uploads\/2016\/02\/IMG_1036_1438768633.jpg\" data-srcset=\"https:\/\/www.proholzlandwald.de\/bi\/wp-content\/uploads\/2016\/02\/IMG_1036_1438768633.jpg 448w, https:\/\/www.proholzlandwald.de\/bi\/wp-content\/uploads\/2016\/02\/IMG_1036_1438768633-300x224.jpg 300w\" data-sizes=\"(max-width: 448px) 100vw, 448px\" data-rel='gallery-1' data-prev-img='https:\/\/www.proholzlandwald.de\/bi\/wp-content\/uploads\/2016\/02\/IMG_1036_1438768633.jpg' class='lightbox ' data-onclick='4' title='IMG_1036_1438768633'  itemprop=\"thumbnailUrl\"  ><img decoding=\"async\" fetchpriority=\"high\" class=\"wp-image-214 avia-img-lazy-loading-not-214\"   src=\"https:\/\/www.proholzlandwald.de\/bi\/wp-content\/uploads\/2016\/02\/IMG_1036_1438768633.jpg\" width=\"448\" height=\"335\"  title='IMG_1036_1438768633' alt='' srcset=\"https:\/\/www.proholzlandwald.de\/bi\/wp-content\/uploads\/2016\/02\/IMG_1036_1438768633.jpg 448w, https:\/\/www.proholzlandwald.de\/bi\/wp-content\/uploads\/2016\/02\/IMG_1036_1438768633-300x224.jpg 300w\" sizes=\"(max-width: 448px) 100vw, 448px\" \/><div class='big-prev-fake'><img decoding=\"async\" loading=\"lazy\" class=\"wp-image-214 avia-img-lazy-loading-214\"  width=\"448\" height=\"335\" src=\"https:\/\/www.proholzlandwald.de\/bi\/wp-content\/uploads\/2016\/02\/IMG_1036_1438768633.jpg\" title='IMG_1036_1438768633' alt='' srcset=\"https:\/\/www.proholzlandwald.de\/bi\/wp-content\/uploads\/2016\/02\/IMG_1036_1438768633.jpg 448w, https:\/\/www.proholzlandwald.de\/bi\/wp-content\/uploads\/2016\/02\/IMG_1036_1438768633-300x224.jpg 300w\" sizes=\"(max-width: 448px) 100vw, 448px\" \/><\/div><\/a><a href=\"https:\/\/www.proholzlandwald.de\/bi\/wp-content\/uploads\/2016\/02\/IMG_1036-1030x769.jpg\" data-srcset=\"https:\/\/www.proholzlandwald.de\/bi\/wp-content\/uploads\/2016\/02\/IMG_1036-1030x769.jpg 1030w, https:\/\/www.proholzlandwald.de\/bi\/wp-content\/uploads\/2016\/02\/IMG_1036-300x224.jpg 300w, https:\/\/www.proholzlandwald.de\/bi\/wp-content\/uploads\/2016\/02\/IMG_1036-768x574.jpg 768w, https:\/\/www.proholzlandwald.de\/bi\/wp-content\/uploads\/2016\/02\/IMG_1036-1500x1120.jpg 1500w, https:\/\/www.proholzlandwald.de\/bi\/wp-content\/uploads\/2016\/02\/IMG_1036-705x527.jpg 705w, https:\/\/www.proholzlandwald.de\/bi\/wp-content\/uploads\/2016\/02\/IMG_1036-450x336.jpg 450w\" data-sizes=\"(max-width: 1030px) 100vw, 1030px\" data-rel='gallery-1' data-prev-img='https:\/\/www.proholzlandwald.de\/bi\/wp-content\/uploads\/2016\/02\/IMG_1036-495x400.jpg' class='lightbox ' data-onclick='5' title='IMG_1036'  itemprop=\"thumbnailUrl\"  ><img decoding=\"async\" fetchpriority=\"high\" class=\"wp-image-215 avia-img-lazy-loading-not-215\"   src=\"https:\/\/www.proholzlandwald.de\/bi\/wp-content\/uploads\/2016\/02\/IMG_1036-495x400.jpg\" width=\"495\" height=\"400\"  title='IMG_1036' alt='' srcset=\"https:\/\/www.proholzlandwald.de\/bi\/wp-content\/uploads\/2016\/02\/IMG_1036-495x400.jpg 495w, https:\/\/www.proholzlandwald.de\/bi\/wp-content\/uploads\/2016\/02\/IMG_1036-845x684.jpg 845w\" sizes=\"(max-width: 495px) 100vw, 495px\" \/><div class='big-prev-fake'><img decoding=\"async\" loading=\"lazy\" class=\"wp-image-215 avia-img-lazy-loading-215\"  width=\"495\" height=\"400\" src=\"https:\/\/www.proholzlandwald.de\/bi\/wp-content\/uploads\/2016\/02\/IMG_1036-495x400.jpg\" title='IMG_1036' alt='' srcset=\"https:\/\/www.proholzlandwald.de\/bi\/wp-content\/uploads\/2016\/02\/IMG_1036-495x400.jpg 495w, https:\/\/www.proholzlandwald.de\/bi\/wp-content\/uploads\/2016\/02\/IMG_1036-845x684.jpg 845w\" sizes=\"(max-width: 495px) 100vw, 495px\" \/><\/div><\/a><a href=\"https:\/\/www.proholzlandwald.de\/bi\/wp-content\/uploads\/2016\/02\/IMG_1042.jpg\" data-srcset=\"https:\/\/www.proholzlandwald.de\/bi\/wp-content\/uploads\/2016\/02\/IMG_1042.jpg 1024w, https:\/\/www.proholzlandwald.de\/bi\/wp-content\/uploads\/2016\/02\/IMG_1042-300x224.jpg 300w, https:\/\/www.proholzlandwald.de\/bi\/wp-content\/uploads\/2016\/02\/IMG_1042-768x574.jpg 768w, https:\/\/www.proholzlandwald.de\/bi\/wp-content\/uploads\/2016\/02\/IMG_1042-705x527.jpg 705w, https:\/\/www.proholzlandwald.de\/bi\/wp-content\/uploads\/2016\/02\/IMG_1042-450x336.jpg 450w\" data-sizes=\"(max-width: 1024px) 100vw, 1024px\" data-rel='gallery-1' data-prev-img='https:\/\/www.proholzlandwald.de\/bi\/wp-content\/uploads\/2016\/02\/IMG_1042-495x400.jpg' class='first_thumb lightbox ' data-onclick='6' title='IMG_1042'  itemprop=\"thumbnailUrl\"  ><img decoding=\"async\" fetchpriority=\"high\" class=\"wp-image-216 avia-img-lazy-loading-not-216\"   src=\"https:\/\/www.proholzlandwald.de\/bi\/wp-content\/uploads\/2016\/02\/IMG_1042-495x400.jpg\" width=\"495\" height=\"400\"  title='IMG_1042' alt='' srcset=\"https:\/\/www.proholzlandwald.de\/bi\/wp-content\/uploads\/2016\/02\/IMG_1042-495x400.jpg 495w, https:\/\/www.proholzlandwald.de\/bi\/wp-content\/uploads\/2016\/02\/IMG_1042-845x684.jpg 845w\" sizes=\"(max-width: 495px) 100vw, 495px\" \/><div class='big-prev-fake'><img decoding=\"async\" loading=\"lazy\" class=\"wp-image-216 avia-img-lazy-loading-216\"  width=\"495\" height=\"400\" src=\"https:\/\/www.proholzlandwald.de\/bi\/wp-content\/uploads\/2016\/02\/IMG_1042-495x400.jpg\" title='IMG_1042' alt='' srcset=\"https:\/\/www.proholzlandwald.de\/bi\/wp-content\/uploads\/2016\/02\/IMG_1042-495x400.jpg 495w, https:\/\/www.proholzlandwald.de\/bi\/wp-content\/uploads\/2016\/02\/IMG_1042-845x684.jpg 845w\" sizes=\"(max-width: 495px) 100vw, 495px\" \/><\/div><\/a><a href=\"https:\/\/www.proholzlandwald.de\/bi\/wp-content\/uploads\/2016\/02\/IMG_1043.jpg\" data-srcset=\"https:\/\/www.proholzlandwald.de\/bi\/wp-content\/uploads\/2016\/02\/IMG_1043.jpg 1024w, https:\/\/www.proholzlandwald.de\/bi\/wp-content\/uploads\/2016\/02\/IMG_1043-300x224.jpg 300w, https:\/\/www.proholzlandwald.de\/bi\/wp-content\/uploads\/2016\/02\/IMG_1043-768x574.jpg 768w, https:\/\/www.proholzlandwald.de\/bi\/wp-content\/uploads\/2016\/02\/IMG_1043-705x527.jpg 705w, https:\/\/www.proholzlandwald.de\/bi\/wp-content\/uploads\/2016\/02\/IMG_1043-450x336.jpg 450w\" data-sizes=\"(max-width: 1024px) 100vw, 1024px\" data-rel='gallery-1' data-prev-img='https:\/\/www.proholzlandwald.de\/bi\/wp-content\/uploads\/2016\/02\/IMG_1043-495x400.jpg' class='lightbox ' data-onclick='7' title='IMG_1043'  itemprop=\"thumbnailUrl\"  ><img decoding=\"async\" fetchpriority=\"high\" class=\"wp-image-217 avia-img-lazy-loading-not-217\"   src=\"https:\/\/www.proholzlandwald.de\/bi\/wp-content\/uploads\/2016\/02\/IMG_1043-495x400.jpg\" width=\"495\" height=\"400\"  title='IMG_1043' alt='' srcset=\"https:\/\/www.proholzlandwald.de\/bi\/wp-content\/uploads\/2016\/02\/IMG_1043-495x400.jpg 495w, https:\/\/www.proholzlandwald.de\/bi\/wp-content\/uploads\/2016\/02\/IMG_1043-845x684.jpg 845w\" sizes=\"(max-width: 495px) 100vw, 495px\" \/><div class='big-prev-fake'><img decoding=\"async\" loading=\"lazy\" class=\"wp-image-217 avia-img-lazy-loading-217\"  width=\"495\" height=\"400\" src=\"https:\/\/www.proholzlandwald.de\/bi\/wp-content\/uploads\/2016\/02\/IMG_1043-495x400.jpg\" title='IMG_1043' alt='' srcset=\"https:\/\/www.proholzlandwald.de\/bi\/wp-content\/uploads\/2016\/02\/IMG_1043-495x400.jpg 495w, https:\/\/www.proholzlandwald.de\/bi\/wp-content\/uploads\/2016\/02\/IMG_1043-845x684.jpg 845w\" sizes=\"(max-width: 495px) 100vw, 495px\" \/><\/div><\/a><a href=\"https:\/\/www.proholzlandwald.de\/bi\/wp-content\/uploads\/2016\/02\/IMG_1044.jpg\" data-srcset=\"https:\/\/www.proholzlandwald.de\/bi\/wp-content\/uploads\/2016\/02\/IMG_1044.jpg 1024w, https:\/\/www.proholzlandwald.de\/bi\/wp-content\/uploads\/2016\/02\/IMG_1044-300x224.jpg 300w, https:\/\/www.proholzlandwald.de\/bi\/wp-content\/uploads\/2016\/02\/IMG_1044-768x574.jpg 768w, https:\/\/www.proholzlandwald.de\/bi\/wp-content\/uploads\/2016\/02\/IMG_1044-705x527.jpg 705w, https:\/\/www.proholzlandwald.de\/bi\/wp-content\/uploads\/2016\/02\/IMG_1044-450x336.jpg 450w\" data-sizes=\"(max-width: 1024px) 100vw, 1024px\" data-rel='gallery-1' data-prev-img='https:\/\/www.proholzlandwald.de\/bi\/wp-content\/uploads\/2016\/02\/IMG_1044-495x400.jpg' class='lightbox ' data-onclick='8' title='IMG_1044'  itemprop=\"thumbnailUrl\"  ><img decoding=\"async\" fetchpriority=\"high\" class=\"wp-image-218 avia-img-lazy-loading-not-218\"   src=\"https:\/\/www.proholzlandwald.de\/bi\/wp-content\/uploads\/2016\/02\/IMG_1044-495x400.jpg\" width=\"495\" height=\"400\"  title='IMG_1044' alt='' srcset=\"https:\/\/www.proholzlandwald.de\/bi\/wp-content\/uploads\/2016\/02\/IMG_1044-495x400.jpg 495w, https:\/\/www.proholzlandwald.de\/bi\/wp-content\/uploads\/2016\/02\/IMG_1044-845x684.jpg 845w\" sizes=\"(max-width: 495px) 100vw, 495px\" \/><div class='big-prev-fake'><img decoding=\"async\" loading=\"lazy\" class=\"wp-image-218 avia-img-lazy-loading-218\"  width=\"495\" height=\"400\" src=\"https:\/\/www.proholzlandwald.de\/bi\/wp-content\/uploads\/2016\/02\/IMG_1044-495x400.jpg\" title='IMG_1044' alt='' srcset=\"https:\/\/www.proholzlandwald.de\/bi\/wp-content\/uploads\/2016\/02\/IMG_1044-495x400.jpg 495w, https:\/\/www.proholzlandwald.de\/bi\/wp-content\/uploads\/2016\/02\/IMG_1044-845x684.jpg 845w\" sizes=\"(max-width: 495px) 100vw, 495px\" \/><\/div><\/a><a href=\"https:\/\/www.proholzlandwald.de\/bi\/wp-content\/uploads\/2016\/02\/IMG_1051.jpg\" data-srcset=\"https:\/\/www.proholzlandwald.de\/bi\/wp-content\/uploads\/2016\/02\/IMG_1051.jpg 1024w, https:\/\/www.proholzlandwald.de\/bi\/wp-content\/uploads\/2016\/02\/IMG_1051-300x224.jpg 300w, https:\/\/www.proholzlandwald.de\/bi\/wp-content\/uploads\/2016\/02\/IMG_1051-768x574.jpg 768w, https:\/\/www.proholzlandwald.de\/bi\/wp-content\/uploads\/2016\/02\/IMG_1051-705x527.jpg 705w, https:\/\/www.proholzlandwald.de\/bi\/wp-content\/uploads\/2016\/02\/IMG_1051-450x336.jpg 450w\" data-sizes=\"(max-width: 1024px) 100vw, 1024px\" data-rel='gallery-1' data-prev-img='https:\/\/www.proholzlandwald.de\/bi\/wp-content\/uploads\/2016\/02\/IMG_1051-495x400.jpg' class='lightbox ' data-onclick='9' title='IMG_1051'  itemprop=\"thumbnailUrl\"  ><img decoding=\"async\" fetchpriority=\"high\" class=\"wp-image-219 avia-img-lazy-loading-not-219\"   src=\"https:\/\/www.proholzlandwald.de\/bi\/wp-content\/uploads\/2016\/02\/IMG_1051-495x400.jpg\" width=\"495\" height=\"400\"  title='IMG_1051' alt='' srcset=\"https:\/\/www.proholzlandwald.de\/bi\/wp-content\/uploads\/2016\/02\/IMG_1051-495x400.jpg 495w, https:\/\/www.proholzlandwald.de\/bi\/wp-content\/uploads\/2016\/02\/IMG_1051-845x684.jpg 845w\" sizes=\"(max-width: 495px) 100vw, 495px\" \/><div class='big-prev-fake'><img decoding=\"async\" loading=\"lazy\" class=\"wp-image-219 avia-img-lazy-loading-219\"  width=\"495\" height=\"400\" src=\"https:\/\/www.proholzlandwald.de\/bi\/wp-content\/uploads\/2016\/02\/IMG_1051-495x400.jpg\" title='IMG_1051' alt='' srcset=\"https:\/\/www.proholzlandwald.de\/bi\/wp-content\/uploads\/2016\/02\/IMG_1051-495x400.jpg 495w, https:\/\/www.proholzlandwald.de\/bi\/wp-content\/uploads\/2016\/02\/IMG_1051-845x684.jpg 845w\" sizes=\"(max-width: 495px) 100vw, 495px\" \/><\/div><\/a><\/div><\/div>\n","protected":false},"excerpt":{"rendered":"<p>Bereits 5 Monate besteht die BI und hat am 18. 6. in den Kanonengarten Tautenhain zum Sommerfest eingeladen. Bei Th\u00fcringer Rostbratwurst, selbst gebackenem Kuchen und Bier gab es regen Gedankenaustausch. Frau Pirl \u00fcbergab der Stellvertreterin des Landrates Frau Klotz die Zuarbeit der B\u00fcrgerinitiative zur Neugestaltung des Regionalplanes Osth\u00fcringen. Mit Versen \u00fcber den Wald \u00fcberraschte Dr. [&hellip;]<\/p>\n","protected":false},"author":1,"featured_media":212,"comment_status":"open","ping_status":"open","sticky":false,"template":"","format":"standard","meta":{"footnotes":""},"categories":[19],"tags":[4,10,33,5],"yoast_head":"<!-- This site is optimized with the Yoast SEO plugin v22.3 - https:\/\/yoast.com\/wordpress\/plugins\/seo\/ -->\n<title>Sommerfest der BI - ProHolzlandwald.de<\/title>\n<meta name=\"robots\" content=\"index, follow, max-snippet:-1, max-image-preview:large, max-video-preview:-1\" \/>\n<link rel=\"canonical\" href=\"https:\/\/www.proholzlandwald.de\/bi\/sommerfest-der-bi\/\" \/>\n<meta property=\"og:locale\" content=\"de_DE\" \/>\n<meta property=\"og:type\" content=\"article\" \/>\n<meta property=\"og:title\" content=\"Sommerfest der BI - ProHolzlandwald.de\" \/>\n<meta property=\"og:description\" content=\"Bereits 5 Monate besteht die BI und hat am 18. 6. in den Kanonengarten Tautenhain zum Sommerfest eingeladen. Bei Th\u00fcringer Rostbratwurst, selbst gebackenem Kuchen und Bier gab es regen Gedankenaustausch. Frau Pirl \u00fcbergab der Stellvertreterin des Landrates Frau Klotz die Zuarbeit der B\u00fcrgerinitiative zur Neugestaltung des Regionalplanes Osth\u00fcringen. Mit Versen \u00fcber den Wald \u00fcberraschte Dr. [&hellip;]\" \/>\n<meta property=\"og:url\" content=\"https:\/\/www.proholzlandwald.de\/bi\/sommerfest-der-bi\/\" \/>\n<meta property=\"og:site_name\" content=\"ProHolzlandwald.de\" \/>\n<meta property=\"article:published_time\" content=\"2015-06-18T12:44:33+00:00\" \/>\n<meta property=\"article:modified_time\" content=\"2019-04-30T19:26:54+00:00\" \/>\n<meta property=\"og:image\" content=\"https:\/\/www.proholzlandwald.de\/bi\/wp-content\/uploads\/2016\/02\/IMG_1030.jpg\" \/>\n\t<meta property=\"og:image:width\" content=\"1024\" \/>\n\t<meta property=\"og:image:height\" content=\"765\" \/>\n\t<meta property=\"og:image:type\" content=\"image\/jpeg\" \/>\n<meta name=\"author\" content=\"admin\" \/>\n<meta name=\"twitter:card\" content=\"summary_large_image\" \/>\n<meta name=\"twitter:label1\" content=\"Verfasst von\" \/>\n\t<meta name=\"twitter:data1\" content=\"admin\" \/>\n\t<meta name=\"twitter:label2\" content=\"Gesch\u00e4tzte Lesezeit\" \/>\n\t<meta name=\"twitter:data2\" content=\"1\u00a0Minute\" \/>\n<script type=\"application\/ld+json\" class=\"yoast-schema-graph\">{\"@context\":\"https:\/\/schema.org\",\"@graph\":[{\"@type\":\"WebPage\",\"@id\":\"https:\/\/www.proholzlandwald.de\/bi\/sommerfest-der-bi\/\",\"url\":\"https:\/\/www.proholzlandwald.de\/bi\/sommerfest-der-bi\/\",\"name\":\"Sommerfest der BI - ProHolzlandwald.de\",\"isPartOf\":{\"@id\":\"https:\/\/www.proholzlandwald.de\/bi\/#website\"},\"primaryImageOfPage\":{\"@id\":\"https:\/\/www.proholzlandwald.de\/bi\/sommerfest-der-bi\/#primaryimage\"},\"image\":{\"@id\":\"https:\/\/www.proholzlandwald.de\/bi\/sommerfest-der-bi\/#primaryimage\"},\"thumbnailUrl\":\"https:\/\/www.proholzlandwald.de\/bi\/wp-content\/uploads\/2016\/02\/IMG_1030.jpg\",\"datePublished\":\"2015-06-18T12:44:33+00:00\",\"dateModified\":\"2019-04-30T19:26:54+00:00\",\"author\":{\"@id\":\"https:\/\/www.proholzlandwald.de\/bi\/#\/schema\/person\/e78e481a473a9189188bc2141b1c09d6\"},\"breadcrumb\":{\"@id\":\"https:\/\/www.proholzlandwald.de\/bi\/sommerfest-der-bi\/#breadcrumb\"},\"inLanguage\":\"de\",\"potentialAction\":[{\"@type\":\"ReadAction\",\"target\":[\"https:\/\/www.proholzlandwald.de\/bi\/sommerfest-der-bi\/\"]}]},{\"@type\":\"ImageObject\",\"inLanguage\":\"de\",\"@id\":\"https:\/\/www.proholzlandwald.de\/bi\/sommerfest-der-bi\/#primaryimage\",\"url\":\"https:\/\/www.proholzlandwald.de\/bi\/wp-content\/uploads\/2016\/02\/IMG_1030.jpg\",\"contentUrl\":\"https:\/\/www.proholzlandwald.de\/bi\/wp-content\/uploads\/2016\/02\/IMG_1030.jpg\",\"width\":1024,\"height\":765},{\"@type\":\"BreadcrumbList\",\"@id\":\"https:\/\/www.proholzlandwald.de\/bi\/sommerfest-der-bi\/#breadcrumb\",\"itemListElement\":[{\"@type\":\"ListItem\",\"position\":1,\"name\":\"Startseite\",\"item\":\"https:\/\/www.proholzlandwald.de\/bi\/startseite-2\/\"},{\"@type\":\"ListItem\",\"position\":2,\"name\":\"Sommerfest der BI\"}]},{\"@type\":\"WebSite\",\"@id\":\"https:\/\/www.proholzlandwald.de\/bi\/#website\",\"url\":\"https:\/\/www.proholzlandwald.de\/bi\/\",\"name\":\"ProHolzlandwald.de\",\"description\":\"B\u00fcrgerinitiative ProHolzlandwald\",\"potentialAction\":[{\"@type\":\"SearchAction\",\"target\":{\"@type\":\"EntryPoint\",\"urlTemplate\":\"https:\/\/www.proholzlandwald.de\/bi\/?s={search_term_string}\"},\"query-input\":\"required name=search_term_string\"}],\"inLanguage\":\"de\"},{\"@type\":\"Person\",\"@id\":\"https:\/\/www.proholzlandwald.de\/bi\/#\/schema\/person\/e78e481a473a9189188bc2141b1c09d6\",\"name\":\"admin\",\"url\":\"https:\/\/www.proholzlandwald.de\/bi\/author\/admin\/\"}]}<\/script>\n<!-- \/ Yoast SEO plugin. -->","yoast_head_json":{"title":"Sommerfest der BI - ProHolzlandwald.de","robots":{"index":"index","follow":"follow","max-snippet":"max-snippet:-1","max-image-preview":"max-image-preview:large","max-video-preview":"max-video-preview:-1"},"canonical":"https:\/\/www.proholzlandwald.de\/bi\/sommerfest-der-bi\/","og_locale":"de_DE","og_type":"article","og_title":"Sommerfest der BI - ProHolzlandwald.de","og_description":"Bereits 5 Monate besteht die BI und hat am 18. 6. in den Kanonengarten Tautenhain zum Sommerfest eingeladen. Bei Th\u00fcringer Rostbratwurst, selbst gebackenem Kuchen und Bier gab es regen Gedankenaustausch. Frau Pirl \u00fcbergab der Stellvertreterin des Landrates Frau Klotz die Zuarbeit der B\u00fcrgerinitiative zur Neugestaltung des Regionalplanes Osth\u00fcringen. Mit Versen \u00fcber den Wald \u00fcberraschte Dr. [&hellip;]","og_url":"https:\/\/www.proholzlandwald.de\/bi\/sommerfest-der-bi\/","og_site_name":"ProHolzlandwald.de","article_published_time":"2015-06-18T12:44:33+00:00","article_modified_time":"2019-04-30T19:26:54+00:00","og_image":[{"width":1024,"height":765,"url":"https:\/\/www.proholzlandwald.de\/bi\/wp-content\/uploads\/2016\/02\/IMG_1030.jpg","type":"image\/jpeg"}],"author":"admin","twitter_card":"summary_large_image","twitter_misc":{"Verfasst von":"admin","Gesch\u00e4tzte Lesezeit":"1\u00a0Minute"},"schema":{"@context":"https:\/\/schema.org","@graph":[{"@type":"WebPage","@id":"https:\/\/www.proholzlandwald.de\/bi\/sommerfest-der-bi\/","url":"https:\/\/www.proholzlandwald.de\/bi\/sommerfest-der-bi\/","name":"Sommerfest der BI - ProHolzlandwald.de","isPartOf":{"@id":"https:\/\/www.proholzlandwald.de\/bi\/#website"},"primaryImageOfPage":{"@id":"https:\/\/www.proholzlandwald.de\/bi\/sommerfest-der-bi\/#primaryimage"},"image":{"@id":"https:\/\/www.proholzlandwald.de\/bi\/sommerfest-der-bi\/#primaryimage"},"thumbnailUrl":"https:\/\/www.proholzlandwald.de\/bi\/wp-content\/uploads\/2016\/02\/IMG_1030.jpg","datePublished":"2015-06-18T12:44:33+00:00","dateModified":"2019-04-30T19:26:54+00:00","author":{"@id":"https:\/\/www.proholzlandwald.de\/bi\/#\/schema\/person\/e78e481a473a9189188bc2141b1c09d6"},"breadcrumb":{"@id":"https:\/\/www.proholzlandwald.de\/bi\/sommerfest-der-bi\/#breadcrumb"},"inLanguage":"de","potentialAction":[{"@type":"ReadAction","target":["https:\/\/www.proholzlandwald.de\/bi\/sommerfest-der-bi\/"]}]},{"@type":"ImageObject","inLanguage":"de","@id":"https:\/\/www.proholzlandwald.de\/bi\/sommerfest-der-bi\/#primaryimage","url":"https:\/\/www.proholzlandwald.de\/bi\/wp-content\/uploads\/2016\/02\/IMG_1030.jpg","contentUrl":"https:\/\/www.proholzlandwald.de\/bi\/wp-content\/uploads\/2016\/02\/IMG_1030.jpg","width":1024,"height":765},{"@type":"BreadcrumbList","@id":"https:\/\/www.proholzlandwald.de\/bi\/sommerfest-der-bi\/#breadcrumb","itemListElement":[{"@type":"ListItem","position":1,"name":"Startseite","item":"https:\/\/www.proholzlandwald.de\/bi\/startseite-2\/"},{"@type":"ListItem","position":2,"name":"Sommerfest der BI"}]},{"@type":"WebSite","@id":"https:\/\/www.proholzlandwald.de\/bi\/#website","url":"https:\/\/www.proholzlandwald.de\/bi\/","name":"ProHolzlandwald.de","description":"B\u00fcrgerinitiative ProHolzlandwald","potentialAction":[{"@type":"SearchAction","target":{"@type":"EntryPoint","urlTemplate":"https:\/\/www.proholzlandwald.de\/bi\/?s={search_term_string}"},"query-input":"required name=search_term_string"}],"inLanguage":"de"},{"@type":"Person","@id":"https:\/\/www.proholzlandwald.de\/bi\/#\/schema\/person\/e78e481a473a9189188bc2141b1c09d6","name":"admin","url":"https:\/\/www.proholzlandwald.de\/bi\/author\/admin\/"}]}},"_links":{"self":[{"href":"https:\/\/www.proholzlandwald.de\/bi\/wp-json\/wp\/v2\/posts\/210"}],"collection":[{"href":"https:\/\/www.proholzlandwald.de\/bi\/wp-json\/wp\/v2\/posts"}],"about":[{"href":"https:\/\/www.proholzlandwald.de\/bi\/wp-json\/wp\/v2\/types\/post"}],"author":[{"embeddable":true,"href":"https:\/\/www.proholzlandwald.de\/bi\/wp-json\/wp\/v2\/users\/1"}],"replies":[{"embeddable":true,"href":"https:\/\/www.proholzlandwald.de\/bi\/wp-json\/wp\/v2\/comments?post=210"}],"version-history":[{"count":3,"href":"https:\/\/www.proholzlandwald.de\/bi\/wp-json\/wp\/v2\/posts\/210\/revisions"}],"predecessor-version":[{"id":2252,"href":"https:\/\/www.proholzlandwald.de\/bi\/wp-json\/wp\/v2\/posts\/210\/revisions\/2252"}],"wp:featuredmedia":[{"embeddable":true,"href":"https:\/\/www.proholzlandwald.de\/bi\/wp-json\/wp\/v2\/media\/212"}],"wp:attachment":[{"href":"https:\/\/www.proholzlandwald.de\/bi\/wp-json\/wp\/v2\/media?parent=210"}],"wp:term":[{"taxonomy":"category","embeddable":true,"href":"https:\/\/www.proholzlandwald.de\/bi\/wp-json\/wp\/v2\/categories?post=210"},{"taxonomy":"post_tag","embeddable":true,"href":"https:\/\/www.proholzlandwald.de\/bi\/wp-json\/wp\/v2\/tags?post=210"}],"curies":[{"name":"wp","href":"https:\/\/api.w.org\/{rel}","templated":true}]}}