{"id":2358,"date":"2024-01-23T15:40:31","date_gmt":"2024-01-23T14:40:31","guid":{"rendered":"https:\/\/www.proholzlandwald.de\/bi\/?p=2358"},"modified":"2024-01-23T15:45:57","modified_gmt":"2024-01-23T14:45:57","slug":"wandertafeln-bei-berthas-ruh-und-im-himmelsgrund","status":"publish","type":"post","link":"https:\/\/www.proholzlandwald.de\/bi\/wandertafeln-bei-berthas-ruh-und-im-himmelsgrund\/","title":{"rendered":"Wandertafeln bei Berthas Ruh und im Himmelsgrund"},"content":{"rendered":"<p>Projekt Nr.2 unserer <strong>&#8220;Tafelrunde&#8221;<\/strong> &#8211; eine kleine engagierte Gruppe unseres Vereins wurde 2023 umgesetzt.<\/p>\n<p>Einheimische und G\u00e4ste Tautenhains k\u00f6nnen sich \u00fcber die <strong>Geschichte um die alte Bertha<\/strong> informieren und <strong>den Mythos um den Sinketeich<\/strong> erfahren. Die<strong> kleine Wanderrunde beginnt gegen\u00fcber der Kanone-<\/strong> die Schautafel und unsere Prospekte zeigen den Weg.<\/p>\n<p>Sowohl \u00fcber einen QR-Code vor Ort als auch direkt auf den beiden Seiten <a href=\"https:\/\/www.proholzlandwald.de\/bi\/wandertafeln\/berthas-ruh\/\">&#8220;Berthas Ruh&#8221;<\/a> und <a href=\"https:\/\/www.proholzlandwald.de\/bi\/wandertafeln\/im-himmelsgrund\/\">&#8220;Im Himmelsgrund&#8221;<\/a> k\u00f6nnt ihr <strong>2 Lieder<\/strong> der Tautenhainer Folkloregruppe und des M\u00e4nnerchors &#8220;Hilaritas&#8221; <strong>lauschen<\/strong>.<\/p>\n<p>Viel Spa\u00df beim Erkunden unserer sch\u00f6nen Umgebung.<\/p>\n<p><img loading=\"lazy\" decoding=\"async\" class=\"alignnone size-medium wp-image-2349\" src=\"http:\/\/www.proholzlandwald.de\/bi\/wp-content\/uploads\/2024\/01\/d-169x300.jpg\" alt=\"\" width=\"169\" height=\"300\" srcset=\"https:\/\/www.proholzlandwald.de\/bi\/wp-content\/uploads\/2024\/01\/d-169x300.jpg 169w, https:\/\/www.proholzlandwald.de\/bi\/wp-content\/uploads\/2024\/01\/d-580x1030.jpg 580w, https:\/\/www.proholzlandwald.de\/bi\/wp-content\/uploads\/2024\/01\/d-768x1365.jpg 768w, https:\/\/www.proholzlandwald.de\/bi\/wp-content\/uploads\/2024\/01\/d-864x1536.jpg 864w, https:\/\/www.proholzlandwald.de\/bi\/wp-content\/uploads\/2024\/01\/d-844x1500.jpg 844w, https:\/\/www.proholzlandwald.de\/bi\/wp-content\/uploads\/2024\/01\/d-397x705.jpg 397w, https:\/\/www.proholzlandwald.de\/bi\/wp-content\/uploads\/2024\/01\/d.jpg 1024w\" sizes=\"(max-width: 169px) 100vw, 169px\" \/> <img loading=\"lazy\" decoding=\"async\" class=\"alignnone size-medium wp-image-2350\" src=\"http:\/\/www.proholzlandwald.de\/bi\/wp-content\/uploads\/2024\/01\/e-169x300.jpg\" alt=\"\" width=\"169\" height=\"300\" srcset=\"https:\/\/www.proholzlandwald.de\/bi\/wp-content\/uploads\/2024\/01\/e-169x300.jpg 169w, https:\/\/www.proholzlandwald.de\/bi\/wp-content\/uploads\/2024\/01\/e-580x1030.jpg 580w, https:\/\/www.proholzlandwald.de\/bi\/wp-content\/uploads\/2024\/01\/e-768x1365.jpg 768w, https:\/\/www.proholzlandwald.de\/bi\/wp-content\/uploads\/2024\/01\/e-864x1536.jpg 864w, https:\/\/www.proholzlandwald.de\/bi\/wp-content\/uploads\/2024\/01\/e-844x1500.jpg 844w, https:\/\/www.proholzlandwald.de\/bi\/wp-content\/uploads\/2024\/01\/e-397x705.jpg 397w, https:\/\/www.proholzlandwald.de\/bi\/wp-content\/uploads\/2024\/01\/e.jpg 1024w\" sizes=\"(max-width: 169px) 100vw, 169px\" \/> <img loading=\"lazy\" decoding=\"async\" class=\"alignnone size-medium wp-image-2347\" src=\"http:\/\/www.proholzlandwald.de\/bi\/wp-content\/uploads\/2024\/01\/b-135x300.jpg\" alt=\"\" width=\"135\" height=\"300\" srcset=\"https:\/\/www.proholzlandwald.de\/bi\/wp-content\/uploads\/2024\/01\/b-135x300.jpg 135w, https:\/\/www.proholzlandwald.de\/bi\/wp-content\/uploads\/2024\/01\/b-464x1030.jpg 464w, https:\/\/www.proholzlandwald.de\/bi\/wp-content\/uploads\/2024\/01\/b-768x1706.jpg 768w, https:\/\/www.proholzlandwald.de\/bi\/wp-content\/uploads\/2024\/01\/b-692x1536.jpg 692w, https:\/\/www.proholzlandwald.de\/bi\/wp-content\/uploads\/2024\/01\/b-922x2048.jpg 922w, https:\/\/www.proholzlandwald.de\/bi\/wp-content\/uploads\/2024\/01\/b-675x1500.jpg 675w, https:\/\/www.proholzlandwald.de\/bi\/wp-content\/uploads\/2024\/01\/b-317x705.jpg 317w, https:\/\/www.proholzlandwald.de\/bi\/wp-content\/uploads\/2024\/01\/b.jpg 1024w\" sizes=\"(max-width: 135px) 100vw, 135px\" \/> <img loading=\"lazy\" decoding=\"async\" class=\"alignnone wp-image-2345\" src=\"http:\/\/www.proholzlandwald.de\/bi\/wp-content\/uploads\/2024\/01\/g-300x225.jpg\" alt=\"\" width=\"399\" height=\"299\" srcset=\"https:\/\/www.proholzlandwald.de\/bi\/wp-content\/uploads\/2024\/01\/g-300x225.jpg 300w, https:\/\/www.proholzlandwald.de\/bi\/wp-content\/uploads\/2024\/01\/g-768x576.jpg 768w, https:\/\/www.proholzlandwald.de\/bi\/wp-content\/uploads\/2024\/01\/g-705x529.jpg 705w, https:\/\/www.proholzlandwald.de\/bi\/wp-content\/uploads\/2024\/01\/g.jpg 1024w\" sizes=\"(max-width: 399px) 100vw, 399px\" \/><\/p>\n","protected":false},"excerpt":{"rendered":"<p>Projekt Nr.2 unserer &#8220;Tafelrunde&#8221; &#8211; eine kleine engagierte Gruppe unseres Vereins wurde 2023 umgesetzt. Einheimische und G\u00e4ste Tautenhains k\u00f6nnen sich \u00fcber die Geschichte um die alte Bertha informieren und den Mythos um den Sinketeich erfahren. Die kleine Wanderrunde beginnt gegen\u00fcber der Kanone- die Schautafel und unsere Prospekte zeigen den Weg. Sowohl \u00fcber einen QR-Code vor [&hellip;]<\/p>\n","protected":false},"author":4,"featured_media":2345,"comment_status":"open","ping_status":"open","sticky":false,"template":"","format":"standard","meta":{"footnotes":""},"categories":[1],"tags":[175,5,101],"yoast_head":"<!-- This site is optimized with the Yoast SEO plugin v22.3 - https:\/\/yoast.com\/wordpress\/plugins\/seo\/ -->\n<title>Wandertafeln bei Berthas Ruh und im Himmelsgrund - ProHolzlandwald.de<\/title>\n<meta name=\"robots\" content=\"index, follow, max-snippet:-1, max-image-preview:large, max-video-preview:-1\" \/>\n<link rel=\"canonical\" href=\"https:\/\/www.proholzlandwald.de\/bi\/wandertafeln-bei-berthas-ruh-und-im-himmelsgrund\/\" \/>\n<meta property=\"og:locale\" content=\"de_DE\" \/>\n<meta property=\"og:type\" content=\"article\" \/>\n<meta property=\"og:title\" content=\"Wandertafeln bei Berthas Ruh und im Himmelsgrund - ProHolzlandwald.de\" \/>\n<meta property=\"og:description\" content=\"Projekt Nr.2 unserer &#8220;Tafelrunde&#8221; &#8211; eine kleine engagierte Gruppe unseres Vereins wurde 2023 umgesetzt. Einheimische und G\u00e4ste Tautenhains k\u00f6nnen sich \u00fcber die Geschichte um die alte Bertha informieren und den Mythos um den Sinketeich erfahren. Die kleine Wanderrunde beginnt gegen\u00fcber der Kanone- die Schautafel und unsere Prospekte zeigen den Weg. Sowohl \u00fcber einen QR-Code vor [&hellip;]\" \/>\n<meta property=\"og:url\" content=\"https:\/\/www.proholzlandwald.de\/bi\/wandertafeln-bei-berthas-ruh-und-im-himmelsgrund\/\" \/>\n<meta property=\"og:site_name\" content=\"ProHolzlandwald.de\" \/>\n<meta property=\"article:published_time\" content=\"2024-01-23T14:40:31+00:00\" \/>\n<meta property=\"article:modified_time\" content=\"2024-01-23T14:45:57+00:00\" \/>\n<meta property=\"og:image\" content=\"http:\/\/www.proholzlandwald.de\/bi\/wp-content\/uploads\/2024\/01\/g.jpg\" \/>\n\t<meta property=\"og:image:width\" content=\"1024\" \/>\n\t<meta property=\"og:image:height\" content=\"768\" \/>\n\t<meta property=\"og:image:type\" content=\"image\/jpeg\" \/>\n<meta name=\"author\" content=\"Michael Pfl\u00fcgner\" \/>\n<meta name=\"twitter:card\" content=\"summary_large_image\" \/>\n<meta name=\"twitter:label1\" content=\"Verfasst von\" \/>\n\t<meta name=\"twitter:data1\" content=\"Michael Pfl\u00fcgner\" \/>\n\t<meta name=\"twitter:label2\" content=\"Gesch\u00e4tzte Lesezeit\" \/>\n\t<meta name=\"twitter:data2\" content=\"2\u00a0Minuten\" \/>\n<script type=\"application\/ld+json\" class=\"yoast-schema-graph\">{\"@context\":\"https:\/\/schema.org\",\"@graph\":[{\"@type\":\"WebPage\",\"@id\":\"https:\/\/www.proholzlandwald.de\/bi\/wandertafeln-bei-berthas-ruh-und-im-himmelsgrund\/\",\"url\":\"https:\/\/www.proholzlandwald.de\/bi\/wandertafeln-bei-berthas-ruh-und-im-himmelsgrund\/\",\"name\":\"Wandertafeln bei Berthas Ruh und im Himmelsgrund - ProHolzlandwald.de\",\"isPartOf\":{\"@id\":\"https:\/\/www.proholzlandwald.de\/bi\/#website\"},\"primaryImageOfPage\":{\"@id\":\"https:\/\/www.proholzlandwald.de\/bi\/wandertafeln-bei-berthas-ruh-und-im-himmelsgrund\/#primaryimage\"},\"image\":{\"@id\":\"https:\/\/www.proholzlandwald.de\/bi\/wandertafeln-bei-berthas-ruh-und-im-himmelsgrund\/#primaryimage\"},\"thumbnailUrl\":\"https:\/\/www.proholzlandwald.de\/bi\/wp-content\/uploads\/2024\/01\/g.jpg\",\"datePublished\":\"2024-01-23T14:40:31+00:00\",\"dateModified\":\"2024-01-23T14:45:57+00:00\",\"author\":{\"@id\":\"https:\/\/www.proholzlandwald.de\/bi\/#\/schema\/person\/cd5f9c7e94d039b01b70c54b2610c0cd\"},\"breadcrumb\":{\"@id\":\"https:\/\/www.proholzlandwald.de\/bi\/wandertafeln-bei-berthas-ruh-und-im-himmelsgrund\/#breadcrumb\"},\"inLanguage\":\"de\",\"potentialAction\":[{\"@type\":\"ReadAction\",\"target\":[\"https:\/\/www.proholzlandwald.de\/bi\/wandertafeln-bei-berthas-ruh-und-im-himmelsgrund\/\"]}]},{\"@type\":\"ImageObject\",\"inLanguage\":\"de\",\"@id\":\"https:\/\/www.proholzlandwald.de\/bi\/wandertafeln-bei-berthas-ruh-und-im-himmelsgrund\/#primaryimage\",\"url\":\"https:\/\/www.proholzlandwald.de\/bi\/wp-content\/uploads\/2024\/01\/g.jpg\",\"contentUrl\":\"https:\/\/www.proholzlandwald.de\/bi\/wp-content\/uploads\/2024\/01\/g.jpg\",\"width\":1024,\"height\":768},{\"@type\":\"BreadcrumbList\",\"@id\":\"https:\/\/www.proholzlandwald.de\/bi\/wandertafeln-bei-berthas-ruh-und-im-himmelsgrund\/#breadcrumb\",\"itemListElement\":[{\"@type\":\"ListItem\",\"position\":1,\"name\":\"Startseite\",\"item\":\"https:\/\/www.proholzlandwald.de\/bi\/startseite-2\/\"},{\"@type\":\"ListItem\",\"position\":2,\"name\":\"Wandertafeln bei Berthas Ruh und im Himmelsgrund\"}]},{\"@type\":\"WebSite\",\"@id\":\"https:\/\/www.proholzlandwald.de\/bi\/#website\",\"url\":\"https:\/\/www.proholzlandwald.de\/bi\/\",\"name\":\"ProHolzlandwald.de\",\"description\":\"B\u00fcrgerinitiative ProHolzlandwald\",\"potentialAction\":[{\"@type\":\"SearchAction\",\"target\":{\"@type\":\"EntryPoint\",\"urlTemplate\":\"https:\/\/www.proholzlandwald.de\/bi\/?s={search_term_string}\"},\"query-input\":\"required name=search_term_string\"}],\"inLanguage\":\"de\"},{\"@type\":\"Person\",\"@id\":\"https:\/\/www.proholzlandwald.de\/bi\/#\/schema\/person\/cd5f9c7e94d039b01b70c54b2610c0cd\",\"name\":\"Michael Pfl\u00fcgner\",\"url\":\"https:\/\/www.proholzlandwald.de\/bi\/author\/mp\/\"}]}<\/script>\n<!-- \/ Yoast SEO plugin. -->","yoast_head_json":{"title":"Wandertafeln bei Berthas Ruh und im Himmelsgrund - ProHolzlandwald.de","robots":{"index":"index","follow":"follow","max-snippet":"max-snippet:-1","max-image-preview":"max-image-preview:large","max-video-preview":"max-video-preview:-1"},"canonical":"https:\/\/www.proholzlandwald.de\/bi\/wandertafeln-bei-berthas-ruh-und-im-himmelsgrund\/","og_locale":"de_DE","og_type":"article","og_title":"Wandertafeln bei Berthas Ruh und im Himmelsgrund - ProHolzlandwald.de","og_description":"Projekt Nr.2 unserer &#8220;Tafelrunde&#8221; &#8211; eine kleine engagierte Gruppe unseres Vereins wurde 2023 umgesetzt. Einheimische und G\u00e4ste Tautenhains k\u00f6nnen sich \u00fcber die Geschichte um die alte Bertha informieren und den Mythos um den Sinketeich erfahren. Die kleine Wanderrunde beginnt gegen\u00fcber der Kanone- die Schautafel und unsere Prospekte zeigen den Weg. Sowohl \u00fcber einen QR-Code vor [&hellip;]","og_url":"https:\/\/www.proholzlandwald.de\/bi\/wandertafeln-bei-berthas-ruh-und-im-himmelsgrund\/","og_site_name":"ProHolzlandwald.de","article_published_time":"2024-01-23T14:40:31+00:00","article_modified_time":"2024-01-23T14:45:57+00:00","og_image":[{"width":1024,"height":768,"url":"http:\/\/www.proholzlandwald.de\/bi\/wp-content\/uploads\/2024\/01\/g.jpg","type":"image\/jpeg"}],"author":"Michael Pfl\u00fcgner","twitter_card":"summary_large_image","twitter_misc":{"Verfasst von":"Michael Pfl\u00fcgner","Gesch\u00e4tzte Lesezeit":"2\u00a0Minuten"},"schema":{"@context":"https:\/\/schema.org","@graph":[{"@type":"WebPage","@id":"https:\/\/www.proholzlandwald.de\/bi\/wandertafeln-bei-berthas-ruh-und-im-himmelsgrund\/","url":"https:\/\/www.proholzlandwald.de\/bi\/wandertafeln-bei-berthas-ruh-und-im-himmelsgrund\/","name":"Wandertafeln bei Berthas Ruh und im Himmelsgrund - ProHolzlandwald.de","isPartOf":{"@id":"https:\/\/www.proholzlandwald.de\/bi\/#website"},"primaryImageOfPage":{"@id":"https:\/\/www.proholzlandwald.de\/bi\/wandertafeln-bei-berthas-ruh-und-im-himmelsgrund\/#primaryimage"},"image":{"@id":"https:\/\/www.proholzlandwald.de\/bi\/wandertafeln-bei-berthas-ruh-und-im-himmelsgrund\/#primaryimage"},"thumbnailUrl":"https:\/\/www.proholzlandwald.de\/bi\/wp-content\/uploads\/2024\/01\/g.jpg","datePublished":"2024-01-23T14:40:31+00:00","dateModified":"2024-01-23T14:45:57+00:00","author":{"@id":"https:\/\/www.proholzlandwald.de\/bi\/#\/schema\/person\/cd5f9c7e94d039b01b70c54b2610c0cd"},"breadcrumb":{"@id":"https:\/\/www.proholzlandwald.de\/bi\/wandertafeln-bei-berthas-ruh-und-im-himmelsgrund\/#breadcrumb"},"inLanguage":"de","potentialAction":[{"@type":"ReadAction","target":["https:\/\/www.proholzlandwald.de\/bi\/wandertafeln-bei-berthas-ruh-und-im-himmelsgrund\/"]}]},{"@type":"ImageObject","inLanguage":"de","@id":"https:\/\/www.proholzlandwald.de\/bi\/wandertafeln-bei-berthas-ruh-und-im-himmelsgrund\/#primaryimage","url":"https:\/\/www.proholzlandwald.de\/bi\/wp-content\/uploads\/2024\/01\/g.jpg","contentUrl":"https:\/\/www.proholzlandwald.de\/bi\/wp-content\/uploads\/2024\/01\/g.jpg","width":1024,"height":768},{"@type":"BreadcrumbList","@id":"https:\/\/www.proholzlandwald.de\/bi\/wandertafeln-bei-berthas-ruh-und-im-himmelsgrund\/#breadcrumb","itemListElement":[{"@type":"ListItem","position":1,"name":"Startseite","item":"https:\/\/www.proholzlandwald.de\/bi\/startseite-2\/"},{"@type":"ListItem","position":2,"name":"Wandertafeln bei Berthas Ruh und im Himmelsgrund"}]},{"@type":"WebSite","@id":"https:\/\/www.proholzlandwald.de\/bi\/#website","url":"https:\/\/www.proholzlandwald.de\/bi\/","name":"ProHolzlandwald.de","description":"B\u00fcrgerinitiative ProHolzlandwald","potentialAction":[{"@type":"SearchAction","target":{"@type":"EntryPoint","urlTemplate":"https:\/\/www.proholzlandwald.de\/bi\/?s={search_term_string}"},"query-input":"required name=search_term_string"}],"inLanguage":"de"},{"@type":"Person","@id":"https:\/\/www.proholzlandwald.de\/bi\/#\/schema\/person\/cd5f9c7e94d039b01b70c54b2610c0cd","name":"Michael Pfl\u00fcgner","url":"https:\/\/www.proholzlandwald.de\/bi\/author\/mp\/"}]}},"_links":{"self":[{"href":"https:\/\/www.proholzlandwald.de\/bi\/wp-json\/wp\/v2\/posts\/2358"}],"collection":[{"href":"https:\/\/www.proholzlandwald.de\/bi\/wp-json\/wp\/v2\/posts"}],"about":[{"href":"https:\/\/www.proholzlandwald.de\/bi\/wp-json\/wp\/v2\/types\/post"}],"author":[{"embeddable":true,"href":"https:\/\/www.proholzlandwald.de\/bi\/wp-json\/wp\/v2\/users\/4"}],"replies":[{"embeddable":true,"href":"https:\/\/www.proholzlandwald.de\/bi\/wp-json\/wp\/v2\/comments?post=2358"}],"version-history":[{"count":4,"href":"https:\/\/www.proholzlandwald.de\/bi\/wp-json\/wp\/v2\/posts\/2358\/revisions"}],"predecessor-version":[{"id":2360,"href":"https:\/\/www.proholzlandwald.de\/bi\/wp-json\/wp\/v2\/posts\/2358\/revisions\/2360"}],"wp:featuredmedia":[{"embeddable":true,"href":"https:\/\/www.proholzlandwald.de\/bi\/wp-json\/wp\/v2\/media\/2345"}],"wp:attachment":[{"href":"https:\/\/www.proholzlandwald.de\/bi\/wp-json\/wp\/v2\/media?parent=2358"}],"wp:term":[{"taxonomy":"category","embeddable":true,"href":"https:\/\/www.proholzlandwald.de\/bi\/wp-json\/wp\/v2\/categories?post=2358"},{"taxonomy":"post_tag","embeddable":true,"href":"https:\/\/www.proholzlandwald.de\/bi\/wp-json\/wp\/v2\/tags?post=2358"}],"curies":[{"name":"wp","href":"https:\/\/api.w.org\/{rel}","templated":true}]}}