{"id":2499,"date":"2024-07-25T19:31:02","date_gmt":"2024-07-25T17:31:02","guid":{"rendered":"https:\/\/www.proholzlandwald.de\/bi\/?p=2499"},"modified":"2024-08-12T01:00:30","modified_gmt":"2024-08-11T23:00:30","slug":"stromtrasse-wird-unseren-holzlandwald-zerschneiden","status":"publish","type":"post","link":"https:\/\/www.proholzlandwald.de\/bi\/stromtrasse-wird-unseren-holzlandwald-zerschneiden\/","title":{"rendered":"Stromtrasse wird unseren Holzlandwald zerschneiden"},"content":{"rendered":"<p><strong>Strom von Nord nach S\u00fcd zu transportieren,<\/strong> ist ein Vorrangziel\u00a0 der sogenannten Energiewende.<\/p>\n<p>Mit dem <strong>Vorhaben &#8220;S\u00fcdOstLink&#8221;<\/strong> wird eine<strong> Gleichstromtrasse<\/strong> auch durch das Holzland, <strong>nord-\u00f6stlich und \u00f6stlich von Tautenhain <\/strong>gebaut werden-wohl \u00f6konomisch- aber schon gar nicht \u00f6kologisch.<\/p>\n<p><strong>Alte Baumbest\u00e4nde werden<\/strong> &#8211; so unser Eindruck- rein aus \u00f6konomischen Gr\u00fcnden <strong>vernichtet.<\/strong><\/p>\n<p>Gegen den Raubbau an unserer Natur k\u00e4mpft <strong>unsere BI<\/strong><strong> gemeinsam mit den BI Hermsdorf und St. Gangloff<\/strong>\u00a0 bereits seit 5 Jahren mit <strong>Alternativvorschl\u00e4gen.<\/strong><\/p>\n<p>Nun gab es einen <strong>Vorort-Termin mit der OTZ. <\/strong><\/p>\n<p>Wie der<strong> Stand der Dinge<\/strong> ist, lest ihr im beigef\u00fcgten Artikel.<\/p>\n<p><a href=\"https:\/\/www.otz.de\/lokales\/saale-holzland-kreis\/article406781544\/stromtrasse-im-wald-geplant-zur-not-ketten-wir-uns-an.html\">https:\/\/www.otz.de\/lokales\/saale-holzland-kreis\/article406781544\/stromtrasse-im-wald-geplant-zur-not-ketten-wir-uns-an.html<\/a><\/p>\n<p>&nbsp;<\/p>\n<p>Wir werden demn\u00e4chst\u00a0 zus\u00e4tzlich unseren Vorschlag sowie die geplante und nun wieder ver\u00e4nderte Trassenf\u00fchrung aus der <strong>Planung von &#8220;50Hz&#8221;<\/strong> hier gegen\u00fcberstellen.<\/p>\n<p>Denn:\u00a0<strong> Anfang 2025 k\u00f6nnte mit den Bauarbeiten begonnen<\/strong> und die ersten, <strong>mehrere hundert Jahre alten Buchen, der S\u00e4ge zum Opfer fallen<\/strong>.<\/p>\n<p>&nbsp;<\/p>\n<p>Auf den Link klicken, um den Artikel zu lesen:<\/p>\n<p><a href=\"http:\/\/www.proholzlandwald.de\/bi\/wp-content\/uploads\/2024\/07\/13.07.2024-OTZ-SHK-Zur-Not-ketten-wir-uns-an.pdf\">13.07.2024 OTZ SHK Zur Not ketten wir uns an<\/a><\/p>\n<p>&nbsp;<\/p>\n<p><img loading=\"lazy\" decoding=\"async\" class=\"alignnone size-full wp-image-2501\" src=\"http:\/\/www.proholzlandwald.de\/bi\/wp-content\/uploads\/2024\/07\/OTZ-Artikel-zur-Not-ketten-wir-uns-an.jpg\" alt=\"\" width=\"1508\" height=\"1169\" srcset=\"https:\/\/www.proholzlandwald.de\/bi\/wp-content\/uploads\/2024\/07\/OTZ-Artikel-zur-Not-ketten-wir-uns-an.jpg 1508w, https:\/\/www.proholzlandwald.de\/bi\/wp-content\/uploads\/2024\/07\/OTZ-Artikel-zur-Not-ketten-wir-uns-an-300x233.jpg 300w, https:\/\/www.proholzlandwald.de\/bi\/wp-content\/uploads\/2024\/07\/OTZ-Artikel-zur-Not-ketten-wir-uns-an-1030x798.jpg 1030w, https:\/\/www.proholzlandwald.de\/bi\/wp-content\/uploads\/2024\/07\/OTZ-Artikel-zur-Not-ketten-wir-uns-an-768x595.jpg 768w, https:\/\/www.proholzlandwald.de\/bi\/wp-content\/uploads\/2024\/07\/OTZ-Artikel-zur-Not-ketten-wir-uns-an-1500x1163.jpg 1500w, https:\/\/www.proholzlandwald.de\/bi\/wp-content\/uploads\/2024\/07\/OTZ-Artikel-zur-Not-ketten-wir-uns-an-705x547.jpg 705w\" sizes=\"(max-width: 1508px) 100vw, 1508px\" \/><\/p>\n<p>&nbsp;<\/p>\n<p>Quelle und Rechte an Bild und Text:<\/p>\n<p>OTZ\/Funke Mediengruppe<\/p>\n<p>Frau Luise Giggel<\/p>\n","protected":false},"excerpt":{"rendered":"<p>Strom von Nord nach S\u00fcd zu transportieren, ist ein Vorrangziel\u00a0 der sogenannten Energiewende. Mit dem Vorhaben &#8220;S\u00fcdOstLink&#8221; wird eine Gleichstromtrasse auch durch das Holzland, nord-\u00f6stlich und \u00f6stlich von Tautenhain gebaut werden-wohl \u00f6konomisch- aber schon gar nicht \u00f6kologisch. Alte Baumbest\u00e4nde werden &#8211; so unser Eindruck- rein aus \u00f6konomischen Gr\u00fcnden vernichtet. Gegen den Raubbau an unserer Natur [&hellip;]<\/p>\n","protected":false},"author":4,"featured_media":2502,"comment_status":"open","ping_status":"open","sticky":false,"template":"","format":"standard","meta":{"footnotes":""},"categories":[1,11],"tags":[],"yoast_head":"<!-- This site is optimized with the Yoast SEO plugin v22.3 - https:\/\/yoast.com\/wordpress\/plugins\/seo\/ -->\n<title>Stromtrasse wird unseren Holzlandwald zerschneiden - ProHolzlandwald.de<\/title>\n<meta name=\"robots\" content=\"index, follow, max-snippet:-1, max-image-preview:large, max-video-preview:-1\" \/>\n<link rel=\"canonical\" href=\"https:\/\/www.proholzlandwald.de\/bi\/stromtrasse-wird-unseren-holzlandwald-zerschneiden\/\" \/>\n<meta property=\"og:locale\" content=\"de_DE\" \/>\n<meta property=\"og:type\" content=\"article\" \/>\n<meta property=\"og:title\" content=\"Stromtrasse wird unseren Holzlandwald zerschneiden - ProHolzlandwald.de\" \/>\n<meta property=\"og:description\" content=\"Strom von Nord nach S\u00fcd zu transportieren, ist ein Vorrangziel\u00a0 der sogenannten Energiewende. Mit dem Vorhaben &#8220;S\u00fcdOstLink&#8221; wird eine Gleichstromtrasse auch durch das Holzland, nord-\u00f6stlich und \u00f6stlich von Tautenhain gebaut werden-wohl \u00f6konomisch- aber schon gar nicht \u00f6kologisch. Alte Baumbest\u00e4nde werden &#8211; so unser Eindruck- rein aus \u00f6konomischen Gr\u00fcnden vernichtet. Gegen den Raubbau an unserer Natur [&hellip;]\" \/>\n<meta property=\"og:url\" content=\"https:\/\/www.proholzlandwald.de\/bi\/stromtrasse-wird-unseren-holzlandwald-zerschneiden\/\" \/>\n<meta property=\"og:site_name\" content=\"ProHolzlandwald.de\" \/>\n<meta property=\"article:published_time\" content=\"2024-07-25T17:31:02+00:00\" \/>\n<meta property=\"article:modified_time\" content=\"2024-08-11T23:00:30+00:00\" \/>\n<meta property=\"og:image\" content=\"http:\/\/www.proholzlandwald.de\/bi\/wp-content\/uploads\/2024\/07\/SuedOstLink-Bild-OTZ.jpg\" \/>\n\t<meta property=\"og:image:width\" content=\"844\" \/>\n\t<meta property=\"og:image:height\" content=\"519\" \/>\n\t<meta property=\"og:image:type\" content=\"image\/jpeg\" \/>\n<meta name=\"author\" content=\"Michael Pfl\u00fcgner\" \/>\n<meta name=\"twitter:card\" content=\"summary_large_image\" \/>\n<meta name=\"twitter:label1\" content=\"Verfasst von\" \/>\n\t<meta name=\"twitter:data1\" content=\"Michael Pfl\u00fcgner\" \/>\n<script type=\"application\/ld+json\" class=\"yoast-schema-graph\">{\"@context\":\"https:\/\/schema.org\",\"@graph\":[{\"@type\":\"WebPage\",\"@id\":\"https:\/\/www.proholzlandwald.de\/bi\/stromtrasse-wird-unseren-holzlandwald-zerschneiden\/\",\"url\":\"https:\/\/www.proholzlandwald.de\/bi\/stromtrasse-wird-unseren-holzlandwald-zerschneiden\/\",\"name\":\"Stromtrasse wird unseren Holzlandwald zerschneiden - ProHolzlandwald.de\",\"isPartOf\":{\"@id\":\"https:\/\/www.proholzlandwald.de\/bi\/#website\"},\"primaryImageOfPage\":{\"@id\":\"https:\/\/www.proholzlandwald.de\/bi\/stromtrasse-wird-unseren-holzlandwald-zerschneiden\/#primaryimage\"},\"image\":{\"@id\":\"https:\/\/www.proholzlandwald.de\/bi\/stromtrasse-wird-unseren-holzlandwald-zerschneiden\/#primaryimage\"},\"thumbnailUrl\":\"https:\/\/www.proholzlandwald.de\/bi\/wp-content\/uploads\/2024\/07\/SuedOstLink-Bild-OTZ.jpg\",\"datePublished\":\"2024-07-25T17:31:02+00:00\",\"dateModified\":\"2024-08-11T23:00:30+00:00\",\"author\":{\"@id\":\"https:\/\/www.proholzlandwald.de\/bi\/#\/schema\/person\/cd5f9c7e94d039b01b70c54b2610c0cd\"},\"breadcrumb\":{\"@id\":\"https:\/\/www.proholzlandwald.de\/bi\/stromtrasse-wird-unseren-holzlandwald-zerschneiden\/#breadcrumb\"},\"inLanguage\":\"de\",\"potentialAction\":[{\"@type\":\"ReadAction\",\"target\":[\"https:\/\/www.proholzlandwald.de\/bi\/stromtrasse-wird-unseren-holzlandwald-zerschneiden\/\"]}]},{\"@type\":\"ImageObject\",\"inLanguage\":\"de\",\"@id\":\"https:\/\/www.proholzlandwald.de\/bi\/stromtrasse-wird-unseren-holzlandwald-zerschneiden\/#primaryimage\",\"url\":\"https:\/\/www.proholzlandwald.de\/bi\/wp-content\/uploads\/2024\/07\/SuedOstLink-Bild-OTZ.jpg\",\"contentUrl\":\"https:\/\/www.proholzlandwald.de\/bi\/wp-content\/uploads\/2024\/07\/SuedOstLink-Bild-OTZ.jpg\",\"width\":844,\"height\":519,\"caption\":\"zur Not ketten wir uns an\"},{\"@type\":\"BreadcrumbList\",\"@id\":\"https:\/\/www.proholzlandwald.de\/bi\/stromtrasse-wird-unseren-holzlandwald-zerschneiden\/#breadcrumb\",\"itemListElement\":[{\"@type\":\"ListItem\",\"position\":1,\"name\":\"Startseite\",\"item\":\"https:\/\/www.proholzlandwald.de\/bi\/startseite-2\/\"},{\"@type\":\"ListItem\",\"position\":2,\"name\":\"Stromtrasse wird unseren Holzlandwald zerschneiden\"}]},{\"@type\":\"WebSite\",\"@id\":\"https:\/\/www.proholzlandwald.de\/bi\/#website\",\"url\":\"https:\/\/www.proholzlandwald.de\/bi\/\",\"name\":\"ProHolzlandwald.de\",\"description\":\"B\u00fcrgerinitiative ProHolzlandwald\",\"potentialAction\":[{\"@type\":\"SearchAction\",\"target\":{\"@type\":\"EntryPoint\",\"urlTemplate\":\"https:\/\/www.proholzlandwald.de\/bi\/?s={search_term_string}\"},\"query-input\":\"required name=search_term_string\"}],\"inLanguage\":\"de\"},{\"@type\":\"Person\",\"@id\":\"https:\/\/www.proholzlandwald.de\/bi\/#\/schema\/person\/cd5f9c7e94d039b01b70c54b2610c0cd\",\"name\":\"Michael Pfl\u00fcgner\",\"url\":\"https:\/\/www.proholzlandwald.de\/bi\/author\/mp\/\"}]}<\/script>\n<!-- \/ Yoast SEO plugin. -->","yoast_head_json":{"title":"Stromtrasse wird unseren Holzlandwald zerschneiden - ProHolzlandwald.de","robots":{"index":"index","follow":"follow","max-snippet":"max-snippet:-1","max-image-preview":"max-image-preview:large","max-video-preview":"max-video-preview:-1"},"canonical":"https:\/\/www.proholzlandwald.de\/bi\/stromtrasse-wird-unseren-holzlandwald-zerschneiden\/","og_locale":"de_DE","og_type":"article","og_title":"Stromtrasse wird unseren Holzlandwald zerschneiden - ProHolzlandwald.de","og_description":"Strom von Nord nach S\u00fcd zu transportieren, ist ein Vorrangziel\u00a0 der sogenannten Energiewende. Mit dem Vorhaben &#8220;S\u00fcdOstLink&#8221; wird eine Gleichstromtrasse auch durch das Holzland, nord-\u00f6stlich und \u00f6stlich von Tautenhain gebaut werden-wohl \u00f6konomisch- aber schon gar nicht \u00f6kologisch. Alte Baumbest\u00e4nde werden &#8211; so unser Eindruck- rein aus \u00f6konomischen Gr\u00fcnden vernichtet. Gegen den Raubbau an unserer Natur [&hellip;]","og_url":"https:\/\/www.proholzlandwald.de\/bi\/stromtrasse-wird-unseren-holzlandwald-zerschneiden\/","og_site_name":"ProHolzlandwald.de","article_published_time":"2024-07-25T17:31:02+00:00","article_modified_time":"2024-08-11T23:00:30+00:00","og_image":[{"width":844,"height":519,"url":"http:\/\/www.proholzlandwald.de\/bi\/wp-content\/uploads\/2024\/07\/SuedOstLink-Bild-OTZ.jpg","type":"image\/jpeg"}],"author":"Michael Pfl\u00fcgner","twitter_card":"summary_large_image","twitter_misc":{"Verfasst von":"Michael Pfl\u00fcgner"},"schema":{"@context":"https:\/\/schema.org","@graph":[{"@type":"WebPage","@id":"https:\/\/www.proholzlandwald.de\/bi\/stromtrasse-wird-unseren-holzlandwald-zerschneiden\/","url":"https:\/\/www.proholzlandwald.de\/bi\/stromtrasse-wird-unseren-holzlandwald-zerschneiden\/","name":"Stromtrasse wird unseren Holzlandwald zerschneiden - ProHolzlandwald.de","isPartOf":{"@id":"https:\/\/www.proholzlandwald.de\/bi\/#website"},"primaryImageOfPage":{"@id":"https:\/\/www.proholzlandwald.de\/bi\/stromtrasse-wird-unseren-holzlandwald-zerschneiden\/#primaryimage"},"image":{"@id":"https:\/\/www.proholzlandwald.de\/bi\/stromtrasse-wird-unseren-holzlandwald-zerschneiden\/#primaryimage"},"thumbnailUrl":"https:\/\/www.proholzlandwald.de\/bi\/wp-content\/uploads\/2024\/07\/SuedOstLink-Bild-OTZ.jpg","datePublished":"2024-07-25T17:31:02+00:00","dateModified":"2024-08-11T23:00:30+00:00","author":{"@id":"https:\/\/www.proholzlandwald.de\/bi\/#\/schema\/person\/cd5f9c7e94d039b01b70c54b2610c0cd"},"breadcrumb":{"@id":"https:\/\/www.proholzlandwald.de\/bi\/stromtrasse-wird-unseren-holzlandwald-zerschneiden\/#breadcrumb"},"inLanguage":"de","potentialAction":[{"@type":"ReadAction","target":["https:\/\/www.proholzlandwald.de\/bi\/stromtrasse-wird-unseren-holzlandwald-zerschneiden\/"]}]},{"@type":"ImageObject","inLanguage":"de","@id":"https:\/\/www.proholzlandwald.de\/bi\/stromtrasse-wird-unseren-holzlandwald-zerschneiden\/#primaryimage","url":"https:\/\/www.proholzlandwald.de\/bi\/wp-content\/uploads\/2024\/07\/SuedOstLink-Bild-OTZ.jpg","contentUrl":"https:\/\/www.proholzlandwald.de\/bi\/wp-content\/uploads\/2024\/07\/SuedOstLink-Bild-OTZ.jpg","width":844,"height":519,"caption":"zur Not ketten wir uns an"},{"@type":"BreadcrumbList","@id":"https:\/\/www.proholzlandwald.de\/bi\/stromtrasse-wird-unseren-holzlandwald-zerschneiden\/#breadcrumb","itemListElement":[{"@type":"ListItem","position":1,"name":"Startseite","item":"https:\/\/www.proholzlandwald.de\/bi\/startseite-2\/"},{"@type":"ListItem","position":2,"name":"Stromtrasse wird unseren Holzlandwald zerschneiden"}]},{"@type":"WebSite","@id":"https:\/\/www.proholzlandwald.de\/bi\/#website","url":"https:\/\/www.proholzlandwald.de\/bi\/","name":"ProHolzlandwald.de","description":"B\u00fcrgerinitiative ProHolzlandwald","potentialAction":[{"@type":"SearchAction","target":{"@type":"EntryPoint","urlTemplate":"https:\/\/www.proholzlandwald.de\/bi\/?s={search_term_string}"},"query-input":"required name=search_term_string"}],"inLanguage":"de"},{"@type":"Person","@id":"https:\/\/www.proholzlandwald.de\/bi\/#\/schema\/person\/cd5f9c7e94d039b01b70c54b2610c0cd","name":"Michael Pfl\u00fcgner","url":"https:\/\/www.proholzlandwald.de\/bi\/author\/mp\/"}]}},"_links":{"self":[{"href":"https:\/\/www.proholzlandwald.de\/bi\/wp-json\/wp\/v2\/posts\/2499"}],"collection":[{"href":"https:\/\/www.proholzlandwald.de\/bi\/wp-json\/wp\/v2\/posts"}],"about":[{"href":"https:\/\/www.proholzlandwald.de\/bi\/wp-json\/wp\/v2\/types\/post"}],"author":[{"embeddable":true,"href":"https:\/\/www.proholzlandwald.de\/bi\/wp-json\/wp\/v2\/users\/4"}],"replies":[{"embeddable":true,"href":"https:\/\/www.proholzlandwald.de\/bi\/wp-json\/wp\/v2\/comments?post=2499"}],"version-history":[{"count":6,"href":"https:\/\/www.proholzlandwald.de\/bi\/wp-json\/wp\/v2\/posts\/2499\/revisions"}],"predecessor-version":[{"id":2589,"href":"https:\/\/www.proholzlandwald.de\/bi\/wp-json\/wp\/v2\/posts\/2499\/revisions\/2589"}],"wp:featuredmedia":[{"embeddable":true,"href":"https:\/\/www.proholzlandwald.de\/bi\/wp-json\/wp\/v2\/media\/2502"}],"wp:attachment":[{"href":"https:\/\/www.proholzlandwald.de\/bi\/wp-json\/wp\/v2\/media?parent=2499"}],"wp:term":[{"taxonomy":"category","embeddable":true,"href":"https:\/\/www.proholzlandwald.de\/bi\/wp-json\/wp\/v2\/categories?post=2499"},{"taxonomy":"post_tag","embeddable":true,"href":"https:\/\/www.proholzlandwald.de\/bi\/wp-json\/wp\/v2\/tags?post=2499"}],"curies":[{"name":"wp","href":"https:\/\/api.w.org\/{rel}","templated":true}]}}