{"id":259,"date":"2015-09-24T19:58:59","date_gmt":"2015-09-24T17:58:59","guid":{"rendered":"http:\/\/proholzlandwald.dev\/?p=259"},"modified":"2016-02-07T23:22:56","modified_gmt":"2016-02-07T22:22:56","slug":"informationsaustausch-haselbachrueckersdorf","status":"publish","type":"post","link":"https:\/\/www.proholzlandwald.de\/bi\/informationsaustausch-haselbachrueckersdorf\/","title":{"rendered":"Informationsaustausch Haselbach\/R\u00fcckersdorf"},"content":{"rendered":"<p>Dr. Illian wies auf die nachteiligen Folgen der Errichtung einer WKA am Beispiel des Holzlandwaldes und Umgebung Tautenhain hin, bef\u00fcrwortete klare, gesetzlich geregelte Mindestabst\u00e4nde (10H-Formel) und stellte m\u00f6gliche Beeintr\u00e4chtigungen f\u00fcr Mensch, Tier und Pflanze am Beispiel des Infraschalls dar. Landr\u00e4tin Martina Schweinsburg hat sich dem im Wesentlichen angeschlossen, stellte klar, dass sie nicht von vorn herein gegen Windkraft ist, aber Windkraft mit \u201cAugenma\u00df\u201d verwirklicht werden m\u00fcsse, wobei die energiepolitischen Ziele der derzeitigen Landesregierung zu einseitig und zu Lasten der Menschen durchgesetzt w\u00fcrden. Die Veranstaltung war ein Heimspiel f\u00fcr Windkraftgegner, zumindest hat sich von Seiten der Bef\u00fcrworter und der Landeigent\u00fcmer nur eine Gegenstimme zu Wort gemeldet.<\/p>\n","protected":false},"excerpt":{"rendered":"<p>Dr. Illian wies auf die nachteiligen Folgen der Errichtung einer WKA am Beispiel des Holzlandwaldes und Umgebung Tautenhain hin, bef\u00fcrwortete klare, gesetzlich geregelte Mindestabst\u00e4nde (10H-Formel) und stellte m\u00f6gliche Beeintr\u00e4chtigungen f\u00fcr Mensch, Tier und Pflanze am Beispiel des Infraschalls dar. Landr\u00e4tin Martina Schweinsburg hat sich dem im Wesentlichen angeschlossen, stellte klar, dass sie nicht von vorn [&hellip;]<\/p>\n","protected":false},"author":1,"featured_media":488,"comment_status":"open","ping_status":"open","sticky":false,"template":"","format":"standard","meta":{"footnotes":""},"categories":[19],"tags":[4,42,35,10,43,5],"yoast_head":"<!-- This site is optimized with the Yoast SEO plugin v22.3 - https:\/\/yoast.com\/wordpress\/plugins\/seo\/ -->\n<title>Informationsaustausch Haselbach\/R\u00fcckersdorf - ProHolzlandwald.de<\/title>\n<meta name=\"robots\" content=\"index, follow, max-snippet:-1, max-image-preview:large, max-video-preview:-1\" \/>\n<link rel=\"canonical\" href=\"https:\/\/www.proholzlandwald.de\/bi\/informationsaustausch-haselbachrueckersdorf\/\" \/>\n<meta property=\"og:locale\" content=\"de_DE\" \/>\n<meta property=\"og:type\" content=\"article\" \/>\n<meta property=\"og:title\" content=\"Informationsaustausch Haselbach\/R\u00fcckersdorf - ProHolzlandwald.de\" \/>\n<meta property=\"og:description\" content=\"Dr. Illian wies auf die nachteiligen Folgen der Errichtung einer WKA am Beispiel des Holzlandwaldes und Umgebung Tautenhain hin, bef\u00fcrwortete klare, gesetzlich geregelte Mindestabst\u00e4nde (10H-Formel) und stellte m\u00f6gliche Beeintr\u00e4chtigungen f\u00fcr Mensch, Tier und Pflanze am Beispiel des Infraschalls dar. Landr\u00e4tin Martina Schweinsburg hat sich dem im Wesentlichen angeschlossen, stellte klar, dass sie nicht von vorn [&hellip;]\" \/>\n<meta property=\"og:url\" content=\"https:\/\/www.proholzlandwald.de\/bi\/informationsaustausch-haselbachrueckersdorf\/\" \/>\n<meta property=\"og:site_name\" content=\"ProHolzlandwald.de\" \/>\n<meta property=\"article:published_time\" content=\"2015-09-24T17:58:59+00:00\" \/>\n<meta property=\"article:modified_time\" content=\"2016-02-07T22:22:56+00:00\" \/>\n<meta property=\"og:image\" content=\"https:\/\/www.proholzlandwald.de\/bi\/wp-content\/uploads\/2015\/09\/Old-New-Technology-ID12560-1280x960.jpg\" \/>\n\t<meta property=\"og:image:width\" content=\"1280\" \/>\n\t<meta property=\"og:image:height\" content=\"960\" \/>\n\t<meta property=\"og:image:type\" content=\"image\/jpeg\" \/>\n<meta name=\"author\" content=\"admin\" \/>\n<meta name=\"twitter:card\" content=\"summary_large_image\" \/>\n<meta name=\"twitter:label1\" content=\"Verfasst von\" \/>\n\t<meta name=\"twitter:data1\" content=\"admin\" \/>\n\t<meta name=\"twitter:label2\" content=\"Gesch\u00e4tzte Lesezeit\" \/>\n\t<meta name=\"twitter:data2\" content=\"1\u00a0Minute\" \/>\n<script type=\"application\/ld+json\" class=\"yoast-schema-graph\">{\"@context\":\"https:\/\/schema.org\",\"@graph\":[{\"@type\":\"WebPage\",\"@id\":\"https:\/\/www.proholzlandwald.de\/bi\/informationsaustausch-haselbachrueckersdorf\/\",\"url\":\"https:\/\/www.proholzlandwald.de\/bi\/informationsaustausch-haselbachrueckersdorf\/\",\"name\":\"Informationsaustausch Haselbach\/R\u00fcckersdorf - ProHolzlandwald.de\",\"isPartOf\":{\"@id\":\"https:\/\/www.proholzlandwald.de\/bi\/#website\"},\"primaryImageOfPage\":{\"@id\":\"https:\/\/www.proholzlandwald.de\/bi\/informationsaustausch-haselbachrueckersdorf\/#primaryimage\"},\"image\":{\"@id\":\"https:\/\/www.proholzlandwald.de\/bi\/informationsaustausch-haselbachrueckersdorf\/#primaryimage\"},\"thumbnailUrl\":\"https:\/\/www.proholzlandwald.de\/bi\/wp-content\/uploads\/2015\/09\/Old-New-Technology-ID12560-1280x960.jpg\",\"datePublished\":\"2015-09-24T17:58:59+00:00\",\"dateModified\":\"2016-02-07T22:22:56+00:00\",\"author\":{\"@id\":\"https:\/\/www.proholzlandwald.de\/bi\/#\/schema\/person\/e78e481a473a9189188bc2141b1c09d6\"},\"breadcrumb\":{\"@id\":\"https:\/\/www.proholzlandwald.de\/bi\/informationsaustausch-haselbachrueckersdorf\/#breadcrumb\"},\"inLanguage\":\"de\",\"potentialAction\":[{\"@type\":\"ReadAction\",\"target\":[\"https:\/\/www.proholzlandwald.de\/bi\/informationsaustausch-haselbachrueckersdorf\/\"]}]},{\"@type\":\"ImageObject\",\"inLanguage\":\"de\",\"@id\":\"https:\/\/www.proholzlandwald.de\/bi\/informationsaustausch-haselbachrueckersdorf\/#primaryimage\",\"url\":\"https:\/\/www.proholzlandwald.de\/bi\/wp-content\/uploads\/2015\/09\/Old-New-Technology-ID12560-1280x960.jpg\",\"contentUrl\":\"https:\/\/www.proholzlandwald.de\/bi\/wp-content\/uploads\/2015\/09\/Old-New-Technology-ID12560-1280x960.jpg\",\"width\":1280,\"height\":960},{\"@type\":\"BreadcrumbList\",\"@id\":\"https:\/\/www.proholzlandwald.de\/bi\/informationsaustausch-haselbachrueckersdorf\/#breadcrumb\",\"itemListElement\":[{\"@type\":\"ListItem\",\"position\":1,\"name\":\"Startseite\",\"item\":\"https:\/\/www.proholzlandwald.de\/bi\/startseite-2\/\"},{\"@type\":\"ListItem\",\"position\":2,\"name\":\"Informationsaustausch Haselbach\/R\u00fcckersdorf\"}]},{\"@type\":\"WebSite\",\"@id\":\"https:\/\/www.proholzlandwald.de\/bi\/#website\",\"url\":\"https:\/\/www.proholzlandwald.de\/bi\/\",\"name\":\"ProHolzlandwald.de\",\"description\":\"B\u00fcrgerinitiative ProHolzlandwald\",\"potentialAction\":[{\"@type\":\"SearchAction\",\"target\":{\"@type\":\"EntryPoint\",\"urlTemplate\":\"https:\/\/www.proholzlandwald.de\/bi\/?s={search_term_string}\"},\"query-input\":\"required name=search_term_string\"}],\"inLanguage\":\"de\"},{\"@type\":\"Person\",\"@id\":\"https:\/\/www.proholzlandwald.de\/bi\/#\/schema\/person\/e78e481a473a9189188bc2141b1c09d6\",\"name\":\"admin\",\"url\":\"https:\/\/www.proholzlandwald.de\/bi\/author\/admin\/\"}]}<\/script>\n<!-- \/ Yoast SEO plugin. -->","yoast_head_json":{"title":"Informationsaustausch Haselbach\/R\u00fcckersdorf - ProHolzlandwald.de","robots":{"index":"index","follow":"follow","max-snippet":"max-snippet:-1","max-image-preview":"max-image-preview:large","max-video-preview":"max-video-preview:-1"},"canonical":"https:\/\/www.proholzlandwald.de\/bi\/informationsaustausch-haselbachrueckersdorf\/","og_locale":"de_DE","og_type":"article","og_title":"Informationsaustausch Haselbach\/R\u00fcckersdorf - ProHolzlandwald.de","og_description":"Dr. Illian wies auf die nachteiligen Folgen der Errichtung einer WKA am Beispiel des Holzlandwaldes und Umgebung Tautenhain hin, bef\u00fcrwortete klare, gesetzlich geregelte Mindestabst\u00e4nde (10H-Formel) und stellte m\u00f6gliche Beeintr\u00e4chtigungen f\u00fcr Mensch, Tier und Pflanze am Beispiel des Infraschalls dar. Landr\u00e4tin Martina Schweinsburg hat sich dem im Wesentlichen angeschlossen, stellte klar, dass sie nicht von vorn [&hellip;]","og_url":"https:\/\/www.proholzlandwald.de\/bi\/informationsaustausch-haselbachrueckersdorf\/","og_site_name":"ProHolzlandwald.de","article_published_time":"2015-09-24T17:58:59+00:00","article_modified_time":"2016-02-07T22:22:56+00:00","og_image":[{"width":1280,"height":960,"url":"https:\/\/www.proholzlandwald.de\/bi\/wp-content\/uploads\/2015\/09\/Old-New-Technology-ID12560-1280x960.jpg","type":"image\/jpeg"}],"author":"admin","twitter_card":"summary_large_image","twitter_misc":{"Verfasst von":"admin","Gesch\u00e4tzte Lesezeit":"1\u00a0Minute"},"schema":{"@context":"https:\/\/schema.org","@graph":[{"@type":"WebPage","@id":"https:\/\/www.proholzlandwald.de\/bi\/informationsaustausch-haselbachrueckersdorf\/","url":"https:\/\/www.proholzlandwald.de\/bi\/informationsaustausch-haselbachrueckersdorf\/","name":"Informationsaustausch Haselbach\/R\u00fcckersdorf - ProHolzlandwald.de","isPartOf":{"@id":"https:\/\/www.proholzlandwald.de\/bi\/#website"},"primaryImageOfPage":{"@id":"https:\/\/www.proholzlandwald.de\/bi\/informationsaustausch-haselbachrueckersdorf\/#primaryimage"},"image":{"@id":"https:\/\/www.proholzlandwald.de\/bi\/informationsaustausch-haselbachrueckersdorf\/#primaryimage"},"thumbnailUrl":"https:\/\/www.proholzlandwald.de\/bi\/wp-content\/uploads\/2015\/09\/Old-New-Technology-ID12560-1280x960.jpg","datePublished":"2015-09-24T17:58:59+00:00","dateModified":"2016-02-07T22:22:56+00:00","author":{"@id":"https:\/\/www.proholzlandwald.de\/bi\/#\/schema\/person\/e78e481a473a9189188bc2141b1c09d6"},"breadcrumb":{"@id":"https:\/\/www.proholzlandwald.de\/bi\/informationsaustausch-haselbachrueckersdorf\/#breadcrumb"},"inLanguage":"de","potentialAction":[{"@type":"ReadAction","target":["https:\/\/www.proholzlandwald.de\/bi\/informationsaustausch-haselbachrueckersdorf\/"]}]},{"@type":"ImageObject","inLanguage":"de","@id":"https:\/\/www.proholzlandwald.de\/bi\/informationsaustausch-haselbachrueckersdorf\/#primaryimage","url":"https:\/\/www.proholzlandwald.de\/bi\/wp-content\/uploads\/2015\/09\/Old-New-Technology-ID12560-1280x960.jpg","contentUrl":"https:\/\/www.proholzlandwald.de\/bi\/wp-content\/uploads\/2015\/09\/Old-New-Technology-ID12560-1280x960.jpg","width":1280,"height":960},{"@type":"BreadcrumbList","@id":"https:\/\/www.proholzlandwald.de\/bi\/informationsaustausch-haselbachrueckersdorf\/#breadcrumb","itemListElement":[{"@type":"ListItem","position":1,"name":"Startseite","item":"https:\/\/www.proholzlandwald.de\/bi\/startseite-2\/"},{"@type":"ListItem","position":2,"name":"Informationsaustausch Haselbach\/R\u00fcckersdorf"}]},{"@type":"WebSite","@id":"https:\/\/www.proholzlandwald.de\/bi\/#website","url":"https:\/\/www.proholzlandwald.de\/bi\/","name":"ProHolzlandwald.de","description":"B\u00fcrgerinitiative ProHolzlandwald","potentialAction":[{"@type":"SearchAction","target":{"@type":"EntryPoint","urlTemplate":"https:\/\/www.proholzlandwald.de\/bi\/?s={search_term_string}"},"query-input":"required name=search_term_string"}],"inLanguage":"de"},{"@type":"Person","@id":"https:\/\/www.proholzlandwald.de\/bi\/#\/schema\/person\/e78e481a473a9189188bc2141b1c09d6","name":"admin","url":"https:\/\/www.proholzlandwald.de\/bi\/author\/admin\/"}]}},"_links":{"self":[{"href":"https:\/\/www.proholzlandwald.de\/bi\/wp-json\/wp\/v2\/posts\/259"}],"collection":[{"href":"https:\/\/www.proholzlandwald.de\/bi\/wp-json\/wp\/v2\/posts"}],"about":[{"href":"https:\/\/www.proholzlandwald.de\/bi\/wp-json\/wp\/v2\/types\/post"}],"author":[{"embeddable":true,"href":"https:\/\/www.proholzlandwald.de\/bi\/wp-json\/wp\/v2\/users\/1"}],"replies":[{"embeddable":true,"href":"https:\/\/www.proholzlandwald.de\/bi\/wp-json\/wp\/v2\/comments?post=259"}],"version-history":[{"count":1,"href":"https:\/\/www.proholzlandwald.de\/bi\/wp-json\/wp\/v2\/posts\/259\/revisions"}],"predecessor-version":[{"id":260,"href":"https:\/\/www.proholzlandwald.de\/bi\/wp-json\/wp\/v2\/posts\/259\/revisions\/260"}],"wp:featuredmedia":[{"embeddable":true,"href":"https:\/\/www.proholzlandwald.de\/bi\/wp-json\/wp\/v2\/media\/488"}],"wp:attachment":[{"href":"https:\/\/www.proholzlandwald.de\/bi\/wp-json\/wp\/v2\/media?parent=259"}],"wp:term":[{"taxonomy":"category","embeddable":true,"href":"https:\/\/www.proholzlandwald.de\/bi\/wp-json\/wp\/v2\/categories?post=259"},{"taxonomy":"post_tag","embeddable":true,"href":"https:\/\/www.proholzlandwald.de\/bi\/wp-json\/wp\/v2\/tags?post=259"}],"curies":[{"name":"wp","href":"https:\/\/api.w.org\/{rel}","templated":true}]}}