{"id":2634,"date":"2024-11-30T17:30:56","date_gmt":"2024-11-30T16:30:56","guid":{"rendered":"https:\/\/www.proholzlandwald.de\/bi\/?p=2634"},"modified":"2025-02-20T21:49:53","modified_gmt":"2025-02-20T20:49:53","slug":"waldfuehrung-in-der-dbu-flaeche","status":"publish","type":"post","link":"https:\/\/www.proholzlandwald.de\/bi\/waldfuehrung-in-der-dbu-flaeche\/","title":{"rendered":"Waldf\u00fchrung in der DBU-Fl\u00e4che"},"content":{"rendered":"<p>Im Herbst 2024 haben wir oberhalb des Himmelsgrundes, Ortsausgang Tautenhain in Richtung Bad K\u00f6stritz <strong>umfangreiche Baumentnahmearbeiten<\/strong> durch den Forst festgestellt.<\/p>\n<p>Da auf der <strong>DBU Naturerbefl\u00e4che<\/strong> Am Schwertstein- Himmelsgrund keine gr\u00f6\u00dferen Baumentnahmen mehr stattfinden sollten, haben wir beim Bundesf\u00f6rster nachgefragt und konnten Clemens Messner f\u00fcr eine Waldf\u00fchrung gewinnen.<\/p>\n<p>Zur Veranstaltung war auch der Vorgesetzte von <strong>Herrn Messner, Herr J\u00f6rn Kr\u00fcger<\/strong>, mit anwesend und hat die Fragen der B\u00fcrger beantwortet.<\/p>\n<p>Ca. 20 B\u00fcrger haben teilgenommen.<\/p>\n<p>Interessante Hintergr\u00fcnde \u00fcber Entstehung, Nutzung und Artenvielfalt erhaltet ihr hier:<\/p>\n<p><a href=\"http:\/\/www.proholzlandwald.de\/bi\/wp-content\/uploads\/2025\/02\/Naturerbeflaeche-Himmelsgrund.pdf\">Naturerbefl\u00e4che Himmelsgrund<\/a><\/p>\n<p>Zu den <strong>Aufgaben der DBU<\/strong>, wie sie auch bei uns angewandt werden &#8211; <a href=\"https:\/\/www.dbu.de\/naturerbe\/aufgaben\/naturschutz\/\">hier klicken<\/a><\/p>\n<p><img loading=\"lazy\" decoding=\"async\" class=\"alignnone size-full wp-image-2664\" src=\"http:\/\/www.proholzlandwald.de\/bi\/wp-content\/uploads\/2025\/02\/wald1.jpg\" alt=\"\" width=\"1024\" height=\"768\" srcset=\"https:\/\/www.proholzlandwald.de\/bi\/wp-content\/uploads\/2025\/02\/wald1.jpg 1024w, https:\/\/www.proholzlandwald.de\/bi\/wp-content\/uploads\/2025\/02\/wald1-300x225.jpg 300w, https:\/\/www.proholzlandwald.de\/bi\/wp-content\/uploads\/2025\/02\/wald1-768x576.jpg 768w, https:\/\/www.proholzlandwald.de\/bi\/wp-content\/uploads\/2025\/02\/wald1-705x529.jpg 705w\" sizes=\"(max-width: 1024px) 100vw, 1024px\" \/> <img loading=\"lazy\" decoding=\"async\" class=\"alignnone size-full wp-image-2667\" src=\"http:\/\/www.proholzlandwald.de\/bi\/wp-content\/uploads\/2025\/02\/wald4-1.jpg\" alt=\"\" width=\"1024\" height=\"577\" srcset=\"https:\/\/www.proholzlandwald.de\/bi\/wp-content\/uploads\/2025\/02\/wald4-1.jpg 1024w, https:\/\/www.proholzlandwald.de\/bi\/wp-content\/uploads\/2025\/02\/wald4-1-300x169.jpg 300w, https:\/\/www.proholzlandwald.de\/bi\/wp-content\/uploads\/2025\/02\/wald4-1-768x433.jpg 768w, https:\/\/www.proholzlandwald.de\/bi\/wp-content\/uploads\/2025\/02\/wald4-1-705x397.jpg 705w\" sizes=\"(max-width: 1024px) 100vw, 1024px\" \/> <img loading=\"lazy\" decoding=\"async\" class=\"alignnone size-full wp-image-2668\" src=\"http:\/\/www.proholzlandwald.de\/bi\/wp-content\/uploads\/2025\/02\/wald5.jpg\" alt=\"\" width=\"1024\" height=\"577\" srcset=\"https:\/\/www.proholzlandwald.de\/bi\/wp-content\/uploads\/2025\/02\/wald5.jpg 1024w, https:\/\/www.proholzlandwald.de\/bi\/wp-content\/uploads\/2025\/02\/wald5-300x169.jpg 300w, https:\/\/www.proholzlandwald.de\/bi\/wp-content\/uploads\/2025\/02\/wald5-768x433.jpg 768w, https:\/\/www.proholzlandwald.de\/bi\/wp-content\/uploads\/2025\/02\/wald5-705x397.jpg 705w\" sizes=\"(max-width: 1024px) 100vw, 1024px\" \/> <img loading=\"lazy\" decoding=\"async\" class=\"alignnone size-full wp-image-2669\" src=\"http:\/\/www.proholzlandwald.de\/bi\/wp-content\/uploads\/2025\/02\/wald6.jpg\" alt=\"\" width=\"1024\" height=\"768\" srcset=\"https:\/\/www.proholzlandwald.de\/bi\/wp-content\/uploads\/2025\/02\/wald6.jpg 1024w, https:\/\/www.proholzlandwald.de\/bi\/wp-content\/uploads\/2025\/02\/wald6-300x225.jpg 300w, https:\/\/www.proholzlandwald.de\/bi\/wp-content\/uploads\/2025\/02\/wald6-768x576.jpg 768w, https:\/\/www.proholzlandwald.de\/bi\/wp-content\/uploads\/2025\/02\/wald6-705x529.jpg 705w\" sizes=\"(max-width: 1024px) 100vw, 1024px\" \/><\/p>\n<p>Verfasser: Elke Pirl, Bilder Elke Pirl und Sylke Jander<\/p>\n","protected":false},"excerpt":{"rendered":"<p>Im Herbst 2024 haben wir oberhalb des Himmelsgrundes, Ortsausgang Tautenhain in Richtung Bad K\u00f6stritz umfangreiche Baumentnahmearbeiten durch den Forst festgestellt. Da auf der DBU Naturerbefl\u00e4che Am Schwertstein- Himmelsgrund keine gr\u00f6\u00dferen Baumentnahmen mehr stattfinden sollten, haben wir beim Bundesf\u00f6rster nachgefragt und konnten Clemens Messner f\u00fcr eine Waldf\u00fchrung gewinnen. Zur Veranstaltung war auch der Vorgesetzte von Herrn [&hellip;]<\/p>\n","protected":false},"author":4,"featured_media":2665,"comment_status":"closed","ping_status":"open","sticky":false,"template":"","format":"standard","meta":{"footnotes":""},"categories":[98,1,11,12],"tags":[4,90,180,182,10,5,181],"yoast_head":"<!-- This site is optimized with the Yoast SEO plugin v22.3 - https:\/\/yoast.com\/wordpress\/plugins\/seo\/ -->\n<title>Waldf\u00fchrung in der DBU-Fl\u00e4che - ProHolzlandwald.de<\/title>\n<meta name=\"robots\" content=\"index, follow, max-snippet:-1, max-image-preview:large, max-video-preview:-1\" \/>\n<link rel=\"canonical\" href=\"https:\/\/www.proholzlandwald.de\/bi\/waldfuehrung-in-der-dbu-flaeche\/\" \/>\n<meta property=\"og:locale\" content=\"de_DE\" \/>\n<meta property=\"og:type\" content=\"article\" \/>\n<meta property=\"og:title\" content=\"Waldf\u00fchrung in der DBU-Fl\u00e4che - ProHolzlandwald.de\" \/>\n<meta property=\"og:description\" content=\"Im Herbst 2024 haben wir oberhalb des Himmelsgrundes, Ortsausgang Tautenhain in Richtung Bad K\u00f6stritz umfangreiche Baumentnahmearbeiten durch den Forst festgestellt. Da auf der DBU Naturerbefl\u00e4che Am Schwertstein- Himmelsgrund keine gr\u00f6\u00dferen Baumentnahmen mehr stattfinden sollten, haben wir beim Bundesf\u00f6rster nachgefragt und konnten Clemens Messner f\u00fcr eine Waldf\u00fchrung gewinnen. Zur Veranstaltung war auch der Vorgesetzte von Herrn [&hellip;]\" \/>\n<meta property=\"og:url\" content=\"https:\/\/www.proholzlandwald.de\/bi\/waldfuehrung-in-der-dbu-flaeche\/\" \/>\n<meta property=\"og:site_name\" content=\"ProHolzlandwald.de\" \/>\n<meta property=\"article:published_time\" content=\"2024-11-30T16:30:56+00:00\" \/>\n<meta property=\"article:modified_time\" content=\"2025-02-20T20:49:53+00:00\" \/>\n<meta property=\"og:image\" content=\"http:\/\/www.proholzlandwald.de\/bi\/wp-content\/uploads\/2025\/02\/wald2.jpg\" \/>\n\t<meta property=\"og:image:width\" content=\"1024\" \/>\n\t<meta property=\"og:image:height\" content=\"768\" \/>\n\t<meta property=\"og:image:type\" content=\"image\/jpeg\" \/>\n<meta name=\"author\" content=\"Michael Pfl\u00fcgner\" \/>\n<meta name=\"twitter:card\" content=\"summary_large_image\" \/>\n<meta name=\"twitter:label1\" content=\"Verfasst von\" \/>\n\t<meta name=\"twitter:data1\" content=\"Michael Pfl\u00fcgner\" \/>\n\t<meta name=\"twitter:label2\" content=\"Gesch\u00e4tzte Lesezeit\" \/>\n\t<meta name=\"twitter:data2\" content=\"2\u00a0Minuten\" \/>\n<script type=\"application\/ld+json\" class=\"yoast-schema-graph\">{\"@context\":\"https:\/\/schema.org\",\"@graph\":[{\"@type\":\"WebPage\",\"@id\":\"https:\/\/www.proholzlandwald.de\/bi\/waldfuehrung-in-der-dbu-flaeche\/\",\"url\":\"https:\/\/www.proholzlandwald.de\/bi\/waldfuehrung-in-der-dbu-flaeche\/\",\"name\":\"Waldf\u00fchrung in der DBU-Fl\u00e4che - ProHolzlandwald.de\",\"isPartOf\":{\"@id\":\"https:\/\/www.proholzlandwald.de\/bi\/#website\"},\"primaryImageOfPage\":{\"@id\":\"https:\/\/www.proholzlandwald.de\/bi\/waldfuehrung-in-der-dbu-flaeche\/#primaryimage\"},\"image\":{\"@id\":\"https:\/\/www.proholzlandwald.de\/bi\/waldfuehrung-in-der-dbu-flaeche\/#primaryimage\"},\"thumbnailUrl\":\"https:\/\/www.proholzlandwald.de\/bi\/wp-content\/uploads\/2025\/02\/wald2.jpg\",\"datePublished\":\"2024-11-30T16:30:56+00:00\",\"dateModified\":\"2025-02-20T20:49:53+00:00\",\"author\":{\"@id\":\"https:\/\/www.proholzlandwald.de\/bi\/#\/schema\/person\/cd5f9c7e94d039b01b70c54b2610c0cd\"},\"breadcrumb\":{\"@id\":\"https:\/\/www.proholzlandwald.de\/bi\/waldfuehrung-in-der-dbu-flaeche\/#breadcrumb\"},\"inLanguage\":\"de\",\"potentialAction\":[{\"@type\":\"ReadAction\",\"target\":[\"https:\/\/www.proholzlandwald.de\/bi\/waldfuehrung-in-der-dbu-flaeche\/\"]}]},{\"@type\":\"ImageObject\",\"inLanguage\":\"de\",\"@id\":\"https:\/\/www.proholzlandwald.de\/bi\/waldfuehrung-in-der-dbu-flaeche\/#primaryimage\",\"url\":\"https:\/\/www.proholzlandwald.de\/bi\/wp-content\/uploads\/2025\/02\/wald2.jpg\",\"contentUrl\":\"https:\/\/www.proholzlandwald.de\/bi\/wp-content\/uploads\/2025\/02\/wald2.jpg\",\"width\":1024,\"height\":768},{\"@type\":\"BreadcrumbList\",\"@id\":\"https:\/\/www.proholzlandwald.de\/bi\/waldfuehrung-in-der-dbu-flaeche\/#breadcrumb\",\"itemListElement\":[{\"@type\":\"ListItem\",\"position\":1,\"name\":\"Startseite\",\"item\":\"https:\/\/www.proholzlandwald.de\/bi\/startseite-2\/\"},{\"@type\":\"ListItem\",\"position\":2,\"name\":\"Waldf\u00fchrung in der DBU-Fl\u00e4che\"}]},{\"@type\":\"WebSite\",\"@id\":\"https:\/\/www.proholzlandwald.de\/bi\/#website\",\"url\":\"https:\/\/www.proholzlandwald.de\/bi\/\",\"name\":\"ProHolzlandwald.de\",\"description\":\"B\u00fcrgerinitiative ProHolzlandwald\",\"potentialAction\":[{\"@type\":\"SearchAction\",\"target\":{\"@type\":\"EntryPoint\",\"urlTemplate\":\"https:\/\/www.proholzlandwald.de\/bi\/?s={search_term_string}\"},\"query-input\":\"required name=search_term_string\"}],\"inLanguage\":\"de\"},{\"@type\":\"Person\",\"@id\":\"https:\/\/www.proholzlandwald.de\/bi\/#\/schema\/person\/cd5f9c7e94d039b01b70c54b2610c0cd\",\"name\":\"Michael Pfl\u00fcgner\",\"url\":\"https:\/\/www.proholzlandwald.de\/bi\/author\/mp\/\"}]}<\/script>\n<!-- \/ Yoast SEO plugin. -->","yoast_head_json":{"title":"Waldf\u00fchrung in der DBU-Fl\u00e4che - ProHolzlandwald.de","robots":{"index":"index","follow":"follow","max-snippet":"max-snippet:-1","max-image-preview":"max-image-preview:large","max-video-preview":"max-video-preview:-1"},"canonical":"https:\/\/www.proholzlandwald.de\/bi\/waldfuehrung-in-der-dbu-flaeche\/","og_locale":"de_DE","og_type":"article","og_title":"Waldf\u00fchrung in der DBU-Fl\u00e4che - ProHolzlandwald.de","og_description":"Im Herbst 2024 haben wir oberhalb des Himmelsgrundes, Ortsausgang Tautenhain in Richtung Bad K\u00f6stritz umfangreiche Baumentnahmearbeiten durch den Forst festgestellt. Da auf der DBU Naturerbefl\u00e4che Am Schwertstein- Himmelsgrund keine gr\u00f6\u00dferen Baumentnahmen mehr stattfinden sollten, haben wir beim Bundesf\u00f6rster nachgefragt und konnten Clemens Messner f\u00fcr eine Waldf\u00fchrung gewinnen. Zur Veranstaltung war auch der Vorgesetzte von Herrn [&hellip;]","og_url":"https:\/\/www.proholzlandwald.de\/bi\/waldfuehrung-in-der-dbu-flaeche\/","og_site_name":"ProHolzlandwald.de","article_published_time":"2024-11-30T16:30:56+00:00","article_modified_time":"2025-02-20T20:49:53+00:00","og_image":[{"width":1024,"height":768,"url":"http:\/\/www.proholzlandwald.de\/bi\/wp-content\/uploads\/2025\/02\/wald2.jpg","type":"image\/jpeg"}],"author":"Michael Pfl\u00fcgner","twitter_card":"summary_large_image","twitter_misc":{"Verfasst von":"Michael Pfl\u00fcgner","Gesch\u00e4tzte Lesezeit":"2\u00a0Minuten"},"schema":{"@context":"https:\/\/schema.org","@graph":[{"@type":"WebPage","@id":"https:\/\/www.proholzlandwald.de\/bi\/waldfuehrung-in-der-dbu-flaeche\/","url":"https:\/\/www.proholzlandwald.de\/bi\/waldfuehrung-in-der-dbu-flaeche\/","name":"Waldf\u00fchrung in der DBU-Fl\u00e4che - ProHolzlandwald.de","isPartOf":{"@id":"https:\/\/www.proholzlandwald.de\/bi\/#website"},"primaryImageOfPage":{"@id":"https:\/\/www.proholzlandwald.de\/bi\/waldfuehrung-in-der-dbu-flaeche\/#primaryimage"},"image":{"@id":"https:\/\/www.proholzlandwald.de\/bi\/waldfuehrung-in-der-dbu-flaeche\/#primaryimage"},"thumbnailUrl":"https:\/\/www.proholzlandwald.de\/bi\/wp-content\/uploads\/2025\/02\/wald2.jpg","datePublished":"2024-11-30T16:30:56+00:00","dateModified":"2025-02-20T20:49:53+00:00","author":{"@id":"https:\/\/www.proholzlandwald.de\/bi\/#\/schema\/person\/cd5f9c7e94d039b01b70c54b2610c0cd"},"breadcrumb":{"@id":"https:\/\/www.proholzlandwald.de\/bi\/waldfuehrung-in-der-dbu-flaeche\/#breadcrumb"},"inLanguage":"de","potentialAction":[{"@type":"ReadAction","target":["https:\/\/www.proholzlandwald.de\/bi\/waldfuehrung-in-der-dbu-flaeche\/"]}]},{"@type":"ImageObject","inLanguage":"de","@id":"https:\/\/www.proholzlandwald.de\/bi\/waldfuehrung-in-der-dbu-flaeche\/#primaryimage","url":"https:\/\/www.proholzlandwald.de\/bi\/wp-content\/uploads\/2025\/02\/wald2.jpg","contentUrl":"https:\/\/www.proholzlandwald.de\/bi\/wp-content\/uploads\/2025\/02\/wald2.jpg","width":1024,"height":768},{"@type":"BreadcrumbList","@id":"https:\/\/www.proholzlandwald.de\/bi\/waldfuehrung-in-der-dbu-flaeche\/#breadcrumb","itemListElement":[{"@type":"ListItem","position":1,"name":"Startseite","item":"https:\/\/www.proholzlandwald.de\/bi\/startseite-2\/"},{"@type":"ListItem","position":2,"name":"Waldf\u00fchrung in der DBU-Fl\u00e4che"}]},{"@type":"WebSite","@id":"https:\/\/www.proholzlandwald.de\/bi\/#website","url":"https:\/\/www.proholzlandwald.de\/bi\/","name":"ProHolzlandwald.de","description":"B\u00fcrgerinitiative ProHolzlandwald","potentialAction":[{"@type":"SearchAction","target":{"@type":"EntryPoint","urlTemplate":"https:\/\/www.proholzlandwald.de\/bi\/?s={search_term_string}"},"query-input":"required name=search_term_string"}],"inLanguage":"de"},{"@type":"Person","@id":"https:\/\/www.proholzlandwald.de\/bi\/#\/schema\/person\/cd5f9c7e94d039b01b70c54b2610c0cd","name":"Michael Pfl\u00fcgner","url":"https:\/\/www.proholzlandwald.de\/bi\/author\/mp\/"}]}},"_links":{"self":[{"href":"https:\/\/www.proholzlandwald.de\/bi\/wp-json\/wp\/v2\/posts\/2634"}],"collection":[{"href":"https:\/\/www.proholzlandwald.de\/bi\/wp-json\/wp\/v2\/posts"}],"about":[{"href":"https:\/\/www.proholzlandwald.de\/bi\/wp-json\/wp\/v2\/types\/post"}],"author":[{"embeddable":true,"href":"https:\/\/www.proholzlandwald.de\/bi\/wp-json\/wp\/v2\/users\/4"}],"replies":[{"embeddable":true,"href":"https:\/\/www.proholzlandwald.de\/bi\/wp-json\/wp\/v2\/comments?post=2634"}],"version-history":[{"count":8,"href":"https:\/\/www.proholzlandwald.de\/bi\/wp-json\/wp\/v2\/posts\/2634\/revisions"}],"predecessor-version":[{"id":2689,"href":"https:\/\/www.proholzlandwald.de\/bi\/wp-json\/wp\/v2\/posts\/2634\/revisions\/2689"}],"wp:featuredmedia":[{"embeddable":true,"href":"https:\/\/www.proholzlandwald.de\/bi\/wp-json\/wp\/v2\/media\/2665"}],"wp:attachment":[{"href":"https:\/\/www.proholzlandwald.de\/bi\/wp-json\/wp\/v2\/media?parent=2634"}],"wp:term":[{"taxonomy":"category","embeddable":true,"href":"https:\/\/www.proholzlandwald.de\/bi\/wp-json\/wp\/v2\/categories?post=2634"},{"taxonomy":"post_tag","embeddable":true,"href":"https:\/\/www.proholzlandwald.de\/bi\/wp-json\/wp\/v2\/tags?post=2634"}],"curies":[{"name":"wp","href":"https:\/\/api.w.org\/{rel}","templated":true}]}}