{"id":2638,"date":"2025-01-09T17:05:12","date_gmt":"2025-01-09T16:05:12","guid":{"rendered":"https:\/\/www.proholzlandwald.de\/bi\/?p=2638"},"modified":"2025-02-09T17:46:38","modified_gmt":"2025-02-09T16:46:38","slug":"weihnachtswandern-zur-janismuehle","status":"publish","type":"post","link":"https:\/\/www.proholzlandwald.de\/bi\/weihnachtswandern-zur-janismuehle\/","title":{"rendered":"Weihnachtswandern zur Janism\u00fchle"},"content":{"rendered":"<p>Schon zur guten Tradition in unserer BI ist das <strong>&#8220;Wandern zwischen den Jahren&#8221;<\/strong> geworden.<\/p>\n<p>Bewegung an frischer Luft nach den Feiertagen- gute Gespr\u00e4che mit Gleichgesinnten und Ausklang in gem\u00fctlicher Runde.<\/p>\n<p><strong>Organisiert durch<\/strong> unseren <strong>&#8220;Metzger&#8221; und Jens Wille<\/strong> war das diesj\u00e4hrige <strong>Ziel die Janism\u00fchle.<\/strong><\/p>\n<p>15 Mitglieder der BI waren dabei,\u00a0 gut gelaunt ging es von Hermsdorf zur Janism\u00fchle durch den Zeitzgrund.<\/p>\n<p>Dort erwartete die Teilnehmer in herzlicher Atmosph\u00e4re ein leckeres Mittagessen.<\/p>\n<p>Wieder ein kleiner Meilenstein f\u00fcr den guten Zusammenhalt unserer BI-Gruppe.<\/p>\n<p><img loading=\"lazy\" decoding=\"async\" class=\"alignnone wp-image-2642\" src=\"http:\/\/www.proholzlandwald.de\/bi\/wp-content\/uploads\/2025\/02\/j3.jpg\" alt=\"\" width=\"530\" height=\"298\" srcset=\"https:\/\/www.proholzlandwald.de\/bi\/wp-content\/uploads\/2025\/02\/j3.jpg 1024w, https:\/\/www.proholzlandwald.de\/bi\/wp-content\/uploads\/2025\/02\/j3-300x169.jpg 300w, https:\/\/www.proholzlandwald.de\/bi\/wp-content\/uploads\/2025\/02\/j3-768x433.jpg 768w, https:\/\/www.proholzlandwald.de\/bi\/wp-content\/uploads\/2025\/02\/j3-705x397.jpg 705w\" sizes=\"(max-width: 530px) 100vw, 530px\" \/> <img loading=\"lazy\" decoding=\"async\" class=\"alignnone wp-image-2641\" src=\"http:\/\/www.proholzlandwald.de\/bi\/wp-content\/uploads\/2025\/02\/j2.jpg\" alt=\"\" width=\"535\" height=\"301\" srcset=\"https:\/\/www.proholzlandwald.de\/bi\/wp-content\/uploads\/2025\/02\/j2.jpg 1024w, https:\/\/www.proholzlandwald.de\/bi\/wp-content\/uploads\/2025\/02\/j2-300x169.jpg 300w, https:\/\/www.proholzlandwald.de\/bi\/wp-content\/uploads\/2025\/02\/j2-768x433.jpg 768w, https:\/\/www.proholzlandwald.de\/bi\/wp-content\/uploads\/2025\/02\/j2-705x397.jpg 705w\" sizes=\"(max-width: 535px) 100vw, 535px\" \/> <img loading=\"lazy\" decoding=\"async\" class=\"alignnone wp-image-2647\" src=\"http:\/\/www.proholzlandwald.de\/bi\/wp-content\/uploads\/2025\/02\/j8.jpg\" alt=\"\" width=\"537\" height=\"302\" srcset=\"https:\/\/www.proholzlandwald.de\/bi\/wp-content\/uploads\/2025\/02\/j8.jpg 1024w, https:\/\/www.proholzlandwald.de\/bi\/wp-content\/uploads\/2025\/02\/j8-300x169.jpg 300w, https:\/\/www.proholzlandwald.de\/bi\/wp-content\/uploads\/2025\/02\/j8-768x433.jpg 768w, https:\/\/www.proholzlandwald.de\/bi\/wp-content\/uploads\/2025\/02\/j8-705x397.jpg 705w\" sizes=\"(max-width: 537px) 100vw, 537px\" \/> <img loading=\"lazy\" decoding=\"async\" class=\"alignnone wp-image-2646\" src=\"http:\/\/www.proholzlandwald.de\/bi\/wp-content\/uploads\/2025\/02\/j7.jpg\" alt=\"\" width=\"540\" height=\"304\" srcset=\"https:\/\/www.proholzlandwald.de\/bi\/wp-content\/uploads\/2025\/02\/j7.jpg 1024w, https:\/\/www.proholzlandwald.de\/bi\/wp-content\/uploads\/2025\/02\/j7-300x169.jpg 300w, https:\/\/www.proholzlandwald.de\/bi\/wp-content\/uploads\/2025\/02\/j7-768x433.jpg 768w, https:\/\/www.proholzlandwald.de\/bi\/wp-content\/uploads\/2025\/02\/j7-705x397.jpg 705w\" sizes=\"(max-width: 540px) 100vw, 540px\" \/> <img loading=\"lazy\" decoding=\"async\" class=\"alignnone wp-image-2645\" src=\"http:\/\/www.proholzlandwald.de\/bi\/wp-content\/uploads\/2025\/02\/j6.jpg\" alt=\"\" width=\"540\" height=\"959\" srcset=\"https:\/\/www.proholzlandwald.de\/bi\/wp-content\/uploads\/2025\/02\/j6.jpg 1024w, https:\/\/www.proholzlandwald.de\/bi\/wp-content\/uploads\/2025\/02\/j6-169x300.jpg 169w, https:\/\/www.proholzlandwald.de\/bi\/wp-content\/uploads\/2025\/02\/j6-580x1030.jpg 580w, https:\/\/www.proholzlandwald.de\/bi\/wp-content\/uploads\/2025\/02\/j6-768x1364.jpg 768w, https:\/\/www.proholzlandwald.de\/bi\/wp-content\/uploads\/2025\/02\/j6-865x1536.jpg 865w, https:\/\/www.proholzlandwald.de\/bi\/wp-content\/uploads\/2025\/02\/j6-844x1500.jpg 844w, https:\/\/www.proholzlandwald.de\/bi\/wp-content\/uploads\/2025\/02\/j6-397x705.jpg 397w\" sizes=\"(max-width: 540px) 100vw, 540px\" \/>\u00a0 <img loading=\"lazy\" decoding=\"async\" class=\"alignnone wp-image-2644\" src=\"http:\/\/www.proholzlandwald.de\/bi\/wp-content\/uploads\/2025\/02\/j5.jpg\" alt=\"\" width=\"228\" height=\"405\" srcset=\"https:\/\/www.proholzlandwald.de\/bi\/wp-content\/uploads\/2025\/02\/j5.jpg 1024w, https:\/\/www.proholzlandwald.de\/bi\/wp-content\/uploads\/2025\/02\/j5-169x300.jpg 169w, https:\/\/www.proholzlandwald.de\/bi\/wp-content\/uploads\/2025\/02\/j5-580x1030.jpg 580w, https:\/\/www.proholzlandwald.de\/bi\/wp-content\/uploads\/2025\/02\/j5-768x1364.jpg 768w, https:\/\/www.proholzlandwald.de\/bi\/wp-content\/uploads\/2025\/02\/j5-865x1536.jpg 865w, https:\/\/www.proholzlandwald.de\/bi\/wp-content\/uploads\/2025\/02\/j5-844x1500.jpg 844w, https:\/\/www.proholzlandwald.de\/bi\/wp-content\/uploads\/2025\/02\/j5-397x705.jpg 397w\" sizes=\"(max-width: 228px) 100vw, 228px\" \/><\/p>\n<p>M.Pfl\u00fcgner<\/p>\n<p>Bilder: Sylke Jander<\/p>\n","protected":false},"excerpt":{"rendered":"<p>Schon zur guten Tradition in unserer BI ist das &#8220;Wandern zwischen den Jahren&#8221; geworden. Bewegung an frischer Luft nach den Feiertagen- gute Gespr\u00e4che mit Gleichgesinnten und Ausklang in gem\u00fctlicher Runde. Organisiert durch unseren &#8220;Metzger&#8221; und Jens Wille war das diesj\u00e4hrige Ziel die Janism\u00fchle. 15 Mitglieder der BI waren dabei,\u00a0 gut gelaunt ging es von Hermsdorf [&hellip;]<\/p>\n","protected":false},"author":4,"featured_media":2643,"comment_status":"closed","ping_status":"open","sticky":false,"template":"","format":"standard","meta":{"footnotes":""},"categories":[98,1,12],"tags":[4,183,10,5,13,184],"yoast_head":"<!-- This site is optimized with the Yoast SEO plugin v22.3 - https:\/\/yoast.com\/wordpress\/plugins\/seo\/ -->\n<title>Weihnachtswandern zur Janism\u00fchle - ProHolzlandwald.de<\/title>\n<meta name=\"robots\" content=\"index, follow, max-snippet:-1, max-image-preview:large, max-video-preview:-1\" \/>\n<link rel=\"canonical\" href=\"https:\/\/www.proholzlandwald.de\/bi\/weihnachtswandern-zur-janismuehle\/\" \/>\n<meta property=\"og:locale\" content=\"de_DE\" \/>\n<meta property=\"og:type\" content=\"article\" \/>\n<meta property=\"og:title\" content=\"Weihnachtswandern zur Janism\u00fchle - ProHolzlandwald.de\" \/>\n<meta property=\"og:description\" content=\"Schon zur guten Tradition in unserer BI ist das &#8220;Wandern zwischen den Jahren&#8221; geworden. Bewegung an frischer Luft nach den Feiertagen- gute Gespr\u00e4che mit Gleichgesinnten und Ausklang in gem\u00fctlicher Runde. Organisiert durch unseren &#8220;Metzger&#8221; und Jens Wille war das diesj\u00e4hrige Ziel die Janism\u00fchle. 15 Mitglieder der BI waren dabei,\u00a0 gut gelaunt ging es von Hermsdorf [&hellip;]\" \/>\n<meta property=\"og:url\" content=\"https:\/\/www.proholzlandwald.de\/bi\/weihnachtswandern-zur-janismuehle\/\" \/>\n<meta property=\"og:site_name\" content=\"ProHolzlandwald.de\" \/>\n<meta property=\"article:published_time\" content=\"2025-01-09T16:05:12+00:00\" \/>\n<meta property=\"article:modified_time\" content=\"2025-02-09T16:46:38+00:00\" \/>\n<meta property=\"og:image\" content=\"http:\/\/www.proholzlandwald.de\/bi\/wp-content\/uploads\/2025\/02\/j4.jpg\" \/>\n\t<meta property=\"og:image:width\" content=\"1024\" \/>\n\t<meta property=\"og:image:height\" content=\"577\" \/>\n\t<meta property=\"og:image:type\" content=\"image\/jpeg\" \/>\n<meta name=\"author\" content=\"Michael Pfl\u00fcgner\" \/>\n<meta name=\"twitter:card\" content=\"summary_large_image\" \/>\n<meta name=\"twitter:label1\" content=\"Verfasst von\" \/>\n\t<meta name=\"twitter:data1\" content=\"Michael Pfl\u00fcgner\" \/>\n<script type=\"application\/ld+json\" class=\"yoast-schema-graph\">{\"@context\":\"https:\/\/schema.org\",\"@graph\":[{\"@type\":\"WebPage\",\"@id\":\"https:\/\/www.proholzlandwald.de\/bi\/weihnachtswandern-zur-janismuehle\/\",\"url\":\"https:\/\/www.proholzlandwald.de\/bi\/weihnachtswandern-zur-janismuehle\/\",\"name\":\"Weihnachtswandern zur Janism\u00fchle - ProHolzlandwald.de\",\"isPartOf\":{\"@id\":\"https:\/\/www.proholzlandwald.de\/bi\/#website\"},\"primaryImageOfPage\":{\"@id\":\"https:\/\/www.proholzlandwald.de\/bi\/weihnachtswandern-zur-janismuehle\/#primaryimage\"},\"image\":{\"@id\":\"https:\/\/www.proholzlandwald.de\/bi\/weihnachtswandern-zur-janismuehle\/#primaryimage\"},\"thumbnailUrl\":\"https:\/\/www.proholzlandwald.de\/bi\/wp-content\/uploads\/2025\/02\/j4.jpg\",\"datePublished\":\"2025-01-09T16:05:12+00:00\",\"dateModified\":\"2025-02-09T16:46:38+00:00\",\"author\":{\"@id\":\"https:\/\/www.proholzlandwald.de\/bi\/#\/schema\/person\/cd5f9c7e94d039b01b70c54b2610c0cd\"},\"breadcrumb\":{\"@id\":\"https:\/\/www.proholzlandwald.de\/bi\/weihnachtswandern-zur-janismuehle\/#breadcrumb\"},\"inLanguage\":\"de\",\"potentialAction\":[{\"@type\":\"ReadAction\",\"target\":[\"https:\/\/www.proholzlandwald.de\/bi\/weihnachtswandern-zur-janismuehle\/\"]}]},{\"@type\":\"ImageObject\",\"inLanguage\":\"de\",\"@id\":\"https:\/\/www.proholzlandwald.de\/bi\/weihnachtswandern-zur-janismuehle\/#primaryimage\",\"url\":\"https:\/\/www.proholzlandwald.de\/bi\/wp-content\/uploads\/2025\/02\/j4.jpg\",\"contentUrl\":\"https:\/\/www.proholzlandwald.de\/bi\/wp-content\/uploads\/2025\/02\/j4.jpg\",\"width\":1024,\"height\":577},{\"@type\":\"BreadcrumbList\",\"@id\":\"https:\/\/www.proholzlandwald.de\/bi\/weihnachtswandern-zur-janismuehle\/#breadcrumb\",\"itemListElement\":[{\"@type\":\"ListItem\",\"position\":1,\"name\":\"Startseite\",\"item\":\"https:\/\/www.proholzlandwald.de\/bi\/startseite-2\/\"},{\"@type\":\"ListItem\",\"position\":2,\"name\":\"Weihnachtswandern zur Janism\u00fchle\"}]},{\"@type\":\"WebSite\",\"@id\":\"https:\/\/www.proholzlandwald.de\/bi\/#website\",\"url\":\"https:\/\/www.proholzlandwald.de\/bi\/\",\"name\":\"ProHolzlandwald.de\",\"description\":\"B\u00fcrgerinitiative ProHolzlandwald\",\"potentialAction\":[{\"@type\":\"SearchAction\",\"target\":{\"@type\":\"EntryPoint\",\"urlTemplate\":\"https:\/\/www.proholzlandwald.de\/bi\/?s={search_term_string}\"},\"query-input\":\"required name=search_term_string\"}],\"inLanguage\":\"de\"},{\"@type\":\"Person\",\"@id\":\"https:\/\/www.proholzlandwald.de\/bi\/#\/schema\/person\/cd5f9c7e94d039b01b70c54b2610c0cd\",\"name\":\"Michael Pfl\u00fcgner\",\"url\":\"https:\/\/www.proholzlandwald.de\/bi\/author\/mp\/\"}]}<\/script>\n<!-- \/ Yoast SEO plugin. -->","yoast_head_json":{"title":"Weihnachtswandern zur Janism\u00fchle - ProHolzlandwald.de","robots":{"index":"index","follow":"follow","max-snippet":"max-snippet:-1","max-image-preview":"max-image-preview:large","max-video-preview":"max-video-preview:-1"},"canonical":"https:\/\/www.proholzlandwald.de\/bi\/weihnachtswandern-zur-janismuehle\/","og_locale":"de_DE","og_type":"article","og_title":"Weihnachtswandern zur Janism\u00fchle - ProHolzlandwald.de","og_description":"Schon zur guten Tradition in unserer BI ist das &#8220;Wandern zwischen den Jahren&#8221; geworden. Bewegung an frischer Luft nach den Feiertagen- gute Gespr\u00e4che mit Gleichgesinnten und Ausklang in gem\u00fctlicher Runde. Organisiert durch unseren &#8220;Metzger&#8221; und Jens Wille war das diesj\u00e4hrige Ziel die Janism\u00fchle. 15 Mitglieder der BI waren dabei,\u00a0 gut gelaunt ging es von Hermsdorf [&hellip;]","og_url":"https:\/\/www.proholzlandwald.de\/bi\/weihnachtswandern-zur-janismuehle\/","og_site_name":"ProHolzlandwald.de","article_published_time":"2025-01-09T16:05:12+00:00","article_modified_time":"2025-02-09T16:46:38+00:00","og_image":[{"width":1024,"height":577,"url":"http:\/\/www.proholzlandwald.de\/bi\/wp-content\/uploads\/2025\/02\/j4.jpg","type":"image\/jpeg"}],"author":"Michael Pfl\u00fcgner","twitter_card":"summary_large_image","twitter_misc":{"Verfasst von":"Michael Pfl\u00fcgner"},"schema":{"@context":"https:\/\/schema.org","@graph":[{"@type":"WebPage","@id":"https:\/\/www.proholzlandwald.de\/bi\/weihnachtswandern-zur-janismuehle\/","url":"https:\/\/www.proholzlandwald.de\/bi\/weihnachtswandern-zur-janismuehle\/","name":"Weihnachtswandern zur Janism\u00fchle - ProHolzlandwald.de","isPartOf":{"@id":"https:\/\/www.proholzlandwald.de\/bi\/#website"},"primaryImageOfPage":{"@id":"https:\/\/www.proholzlandwald.de\/bi\/weihnachtswandern-zur-janismuehle\/#primaryimage"},"image":{"@id":"https:\/\/www.proholzlandwald.de\/bi\/weihnachtswandern-zur-janismuehle\/#primaryimage"},"thumbnailUrl":"https:\/\/www.proholzlandwald.de\/bi\/wp-content\/uploads\/2025\/02\/j4.jpg","datePublished":"2025-01-09T16:05:12+00:00","dateModified":"2025-02-09T16:46:38+00:00","author":{"@id":"https:\/\/www.proholzlandwald.de\/bi\/#\/schema\/person\/cd5f9c7e94d039b01b70c54b2610c0cd"},"breadcrumb":{"@id":"https:\/\/www.proholzlandwald.de\/bi\/weihnachtswandern-zur-janismuehle\/#breadcrumb"},"inLanguage":"de","potentialAction":[{"@type":"ReadAction","target":["https:\/\/www.proholzlandwald.de\/bi\/weihnachtswandern-zur-janismuehle\/"]}]},{"@type":"ImageObject","inLanguage":"de","@id":"https:\/\/www.proholzlandwald.de\/bi\/weihnachtswandern-zur-janismuehle\/#primaryimage","url":"https:\/\/www.proholzlandwald.de\/bi\/wp-content\/uploads\/2025\/02\/j4.jpg","contentUrl":"https:\/\/www.proholzlandwald.de\/bi\/wp-content\/uploads\/2025\/02\/j4.jpg","width":1024,"height":577},{"@type":"BreadcrumbList","@id":"https:\/\/www.proholzlandwald.de\/bi\/weihnachtswandern-zur-janismuehle\/#breadcrumb","itemListElement":[{"@type":"ListItem","position":1,"name":"Startseite","item":"https:\/\/www.proholzlandwald.de\/bi\/startseite-2\/"},{"@type":"ListItem","position":2,"name":"Weihnachtswandern zur Janism\u00fchle"}]},{"@type":"WebSite","@id":"https:\/\/www.proholzlandwald.de\/bi\/#website","url":"https:\/\/www.proholzlandwald.de\/bi\/","name":"ProHolzlandwald.de","description":"B\u00fcrgerinitiative ProHolzlandwald","potentialAction":[{"@type":"SearchAction","target":{"@type":"EntryPoint","urlTemplate":"https:\/\/www.proholzlandwald.de\/bi\/?s={search_term_string}"},"query-input":"required name=search_term_string"}],"inLanguage":"de"},{"@type":"Person","@id":"https:\/\/www.proholzlandwald.de\/bi\/#\/schema\/person\/cd5f9c7e94d039b01b70c54b2610c0cd","name":"Michael Pfl\u00fcgner","url":"https:\/\/www.proholzlandwald.de\/bi\/author\/mp\/"}]}},"_links":{"self":[{"href":"https:\/\/www.proholzlandwald.de\/bi\/wp-json\/wp\/v2\/posts\/2638"}],"collection":[{"href":"https:\/\/www.proholzlandwald.de\/bi\/wp-json\/wp\/v2\/posts"}],"about":[{"href":"https:\/\/www.proholzlandwald.de\/bi\/wp-json\/wp\/v2\/types\/post"}],"author":[{"embeddable":true,"href":"https:\/\/www.proholzlandwald.de\/bi\/wp-json\/wp\/v2\/users\/4"}],"replies":[{"embeddable":true,"href":"https:\/\/www.proholzlandwald.de\/bi\/wp-json\/wp\/v2\/comments?post=2638"}],"version-history":[{"count":5,"href":"https:\/\/www.proholzlandwald.de\/bi\/wp-json\/wp\/v2\/posts\/2638\/revisions"}],"predecessor-version":[{"id":2671,"href":"https:\/\/www.proholzlandwald.de\/bi\/wp-json\/wp\/v2\/posts\/2638\/revisions\/2671"}],"wp:featuredmedia":[{"embeddable":true,"href":"https:\/\/www.proholzlandwald.de\/bi\/wp-json\/wp\/v2\/media\/2643"}],"wp:attachment":[{"href":"https:\/\/www.proholzlandwald.de\/bi\/wp-json\/wp\/v2\/media?parent=2638"}],"wp:term":[{"taxonomy":"category","embeddable":true,"href":"https:\/\/www.proholzlandwald.de\/bi\/wp-json\/wp\/v2\/categories?post=2638"},{"taxonomy":"post_tag","embeddable":true,"href":"https:\/\/www.proholzlandwald.de\/bi\/wp-json\/wp\/v2\/tags?post=2638"}],"curies":[{"name":"wp","href":"https:\/\/api.w.org\/{rel}","templated":true}]}}