{"id":2678,"date":"2025-02-20T21:45:25","date_gmt":"2025-02-20T20:45:25","guid":{"rendered":"https:\/\/www.proholzlandwald.de\/bi\/?p=2678"},"modified":"2025-02-20T22:02:20","modified_gmt":"2025-02-20T21:02:20","slug":"waldzerstoerung-im-holzland-fuer-gruenen-strom-in-bayern","status":"publish","type":"post","link":"https:\/\/www.proholzlandwald.de\/bi\/waldzerstoerung-im-holzland-fuer-gruenen-strom-in-bayern\/","title":{"rendered":"Waldzerst\u00f6rung im Holzland f\u00fcr gr\u00fcnen Strom in Bayern"},"content":{"rendered":"<p>In den letzten Wochen wurde die <strong>35m breite Schneise s\u00fcdlich-\u00f6stlich von Tautenhain<\/strong> durch den Holzlandwald geschlagen, so wie es <strong>50 Hertz<\/strong> und die <strong>Bundesnetzagentur beschlossen<\/strong> haben. <strong>Dem Wanderer blutet das Herz!<\/strong><br \/>\n<strong>Den Vorschl\u00e4gen der B\u00fcrgerinitiativen <\/strong><a href=\"https:\/\/www.proholzlandwald.de\/bi\/stromtrasse-wird-unseren-holzlandwald-zerschneiden\/\">(siehe auch hier )<\/a><strong>und des Landratsamtes wurde nicht gefolgt<\/strong>. Eine Nutzung bestehender Schneisen und Wege wurde abgelehnt. Mindestens 14 ha Wald fallen hier einem gro\u00dfen <strong>Energiewendeprojekt zum Opfer<\/strong>!<\/p>\n<p><strong>Verfehlte Energiepolitik<\/strong> wird nun doch auch <strong>vor unserer Haust\u00fcr<\/strong> sichtbar!<\/p>\n<p>&nbsp;<\/p>\n<p>Elke Pirl, M.Pfl\u00fcgner<\/p>\n<p>Bilder: Elke Pirl<img loading=\"lazy\" decoding=\"async\" class=\"alignnone size-full wp-image-2684\" src=\"http:\/\/www.proholzlandwald.de\/bi\/wp-content\/uploads\/2025\/02\/sl1.jpg\" alt=\"\" width=\"1024\" height=\"768\" srcset=\"https:\/\/www.proholzlandwald.de\/bi\/wp-content\/uploads\/2025\/02\/sl1.jpg 1024w, https:\/\/www.proholzlandwald.de\/bi\/wp-content\/uploads\/2025\/02\/sl1-300x225.jpg 300w, https:\/\/www.proholzlandwald.de\/bi\/wp-content\/uploads\/2025\/02\/sl1-768x576.jpg 768w, https:\/\/www.proholzlandwald.de\/bi\/wp-content\/uploads\/2025\/02\/sl1-705x529.jpg 705w\" sizes=\"(max-width: 1024px) 100vw, 1024px\" \/> <img loading=\"lazy\" decoding=\"async\" class=\"alignnone size-full wp-image-2682\" src=\"http:\/\/www.proholzlandwald.de\/bi\/wp-content\/uploads\/2025\/02\/sl3.jpg\" alt=\"\" width=\"1024\" height=\"768\" srcset=\"https:\/\/www.proholzlandwald.de\/bi\/wp-content\/uploads\/2025\/02\/sl3.jpg 1024w, https:\/\/www.proholzlandwald.de\/bi\/wp-content\/uploads\/2025\/02\/sl3-300x225.jpg 300w, https:\/\/www.proholzlandwald.de\/bi\/wp-content\/uploads\/2025\/02\/sl3-768x576.jpg 768w, https:\/\/www.proholzlandwald.de\/bi\/wp-content\/uploads\/2025\/02\/sl3-705x529.jpg 705w\" sizes=\"(max-width: 1024px) 100vw, 1024px\" \/> <img loading=\"lazy\" decoding=\"async\" class=\"alignnone size-full wp-image-2681\" src=\"http:\/\/www.proholzlandwald.de\/bi\/wp-content\/uploads\/2025\/02\/sl4.jpg\" alt=\"\" width=\"1024\" height=\"768\" srcset=\"https:\/\/www.proholzlandwald.de\/bi\/wp-content\/uploads\/2025\/02\/sl4.jpg 1024w, https:\/\/www.proholzlandwald.de\/bi\/wp-content\/uploads\/2025\/02\/sl4-300x225.jpg 300w, https:\/\/www.proholzlandwald.de\/bi\/wp-content\/uploads\/2025\/02\/sl4-768x576.jpg 768w, https:\/\/www.proholzlandwald.de\/bi\/wp-content\/uploads\/2025\/02\/sl4-705x529.jpg 705w\" sizes=\"(max-width: 1024px) 100vw, 1024px\" \/> <img loading=\"lazy\" decoding=\"async\" class=\"alignnone size-full wp-image-2680\" src=\"http:\/\/www.proholzlandwald.de\/bi\/wp-content\/uploads\/2025\/02\/sl5.jpg\" alt=\"\" width=\"1024\" height=\"768\" srcset=\"https:\/\/www.proholzlandwald.de\/bi\/wp-content\/uploads\/2025\/02\/sl5.jpg 1024w, https:\/\/www.proholzlandwald.de\/bi\/wp-content\/uploads\/2025\/02\/sl5-300x225.jpg 300w, https:\/\/www.proholzlandwald.de\/bi\/wp-content\/uploads\/2025\/02\/sl5-768x576.jpg 768w, https:\/\/www.proholzlandwald.de\/bi\/wp-content\/uploads\/2025\/02\/sl5-705x529.jpg 705w\" sizes=\"(max-width: 1024px) 100vw, 1024px\" \/> <img loading=\"lazy\" decoding=\"async\" class=\"alignnone size-full wp-image-2679\" src=\"http:\/\/www.proholzlandwald.de\/bi\/wp-content\/uploads\/2025\/02\/sl6.jpg\" alt=\"\" width=\"1024\" height=\"768\" srcset=\"https:\/\/www.proholzlandwald.de\/bi\/wp-content\/uploads\/2025\/02\/sl6.jpg 1024w, https:\/\/www.proholzlandwald.de\/bi\/wp-content\/uploads\/2025\/02\/sl6-300x225.jpg 300w, https:\/\/www.proholzlandwald.de\/bi\/wp-content\/uploads\/2025\/02\/sl6-768x576.jpg 768w, https:\/\/www.proholzlandwald.de\/bi\/wp-content\/uploads\/2025\/02\/sl6-705x529.jpg 705w\" sizes=\"(max-width: 1024px) 100vw, 1024px\" \/><\/p>\n","protected":false},"excerpt":{"rendered":"<p>In den letzten Wochen wurde die 35m breite Schneise s\u00fcdlich-\u00f6stlich von Tautenhain durch den Holzlandwald geschlagen, so wie es 50 Hertz und die Bundesnetzagentur beschlossen haben. Dem Wanderer blutet das Herz! Den Vorschl\u00e4gen der B\u00fcrgerinitiativen (siehe auch hier )und des Landratsamtes wurde nicht gefolgt. Eine Nutzung bestehender Schneisen und Wege wurde abgelehnt. Mindestens 14 ha [&hellip;]<\/p>\n","protected":false},"author":4,"featured_media":2683,"comment_status":"closed","ping_status":"closed","sticky":false,"template":"","format":"standard","meta":{"footnotes":""},"categories":[1,11],"tags":[186,187,4,185,5],"yoast_head":"<!-- This site is optimized with the Yoast SEO plugin v22.3 - https:\/\/yoast.com\/wordpress\/plugins\/seo\/ -->\n<title>Waldzerst\u00f6rung im Holzland f\u00fcr gr\u00fcnen Strom in Bayern - ProHolzlandwald.de<\/title>\n<meta name=\"robots\" content=\"index, follow, max-snippet:-1, max-image-preview:large, max-video-preview:-1\" \/>\n<link rel=\"canonical\" href=\"https:\/\/www.proholzlandwald.de\/bi\/waldzerstoerung-im-holzland-fuer-gruenen-strom-in-bayern\/\" \/>\n<meta property=\"og:locale\" content=\"de_DE\" \/>\n<meta property=\"og:type\" content=\"article\" \/>\n<meta property=\"og:title\" content=\"Waldzerst\u00f6rung im Holzland f\u00fcr gr\u00fcnen Strom in Bayern - ProHolzlandwald.de\" \/>\n<meta property=\"og:description\" content=\"In den letzten Wochen wurde die 35m breite Schneise s\u00fcdlich-\u00f6stlich von Tautenhain durch den Holzlandwald geschlagen, so wie es 50 Hertz und die Bundesnetzagentur beschlossen haben. Dem Wanderer blutet das Herz! Den Vorschl\u00e4gen der B\u00fcrgerinitiativen (siehe auch hier )und des Landratsamtes wurde nicht gefolgt. Eine Nutzung bestehender Schneisen und Wege wurde abgelehnt. Mindestens 14 ha [&hellip;]\" \/>\n<meta property=\"og:url\" content=\"https:\/\/www.proholzlandwald.de\/bi\/waldzerstoerung-im-holzland-fuer-gruenen-strom-in-bayern\/\" \/>\n<meta property=\"og:site_name\" content=\"ProHolzlandwald.de\" \/>\n<meta property=\"article:published_time\" content=\"2025-02-20T20:45:25+00:00\" \/>\n<meta property=\"article:modified_time\" content=\"2025-02-20T21:02:20+00:00\" \/>\n<meta property=\"og:image\" content=\"http:\/\/www.proholzlandwald.de\/bi\/wp-content\/uploads\/2025\/02\/sl2.jpg\" \/>\n\t<meta property=\"og:image:width\" content=\"1024\" \/>\n\t<meta property=\"og:image:height\" content=\"768\" \/>\n\t<meta property=\"og:image:type\" content=\"image\/jpeg\" \/>\n<meta name=\"author\" content=\"Michael Pfl\u00fcgner\" \/>\n<meta name=\"twitter:card\" content=\"summary_large_image\" \/>\n<meta name=\"twitter:label1\" content=\"Verfasst von\" \/>\n\t<meta name=\"twitter:data1\" content=\"Michael Pfl\u00fcgner\" \/>\n<script type=\"application\/ld+json\" class=\"yoast-schema-graph\">{\"@context\":\"https:\/\/schema.org\",\"@graph\":[{\"@type\":\"WebPage\",\"@id\":\"https:\/\/www.proholzlandwald.de\/bi\/waldzerstoerung-im-holzland-fuer-gruenen-strom-in-bayern\/\",\"url\":\"https:\/\/www.proholzlandwald.de\/bi\/waldzerstoerung-im-holzland-fuer-gruenen-strom-in-bayern\/\",\"name\":\"Waldzerst\u00f6rung im Holzland f\u00fcr gr\u00fcnen Strom in Bayern - ProHolzlandwald.de\",\"isPartOf\":{\"@id\":\"https:\/\/www.proholzlandwald.de\/bi\/#website\"},\"primaryImageOfPage\":{\"@id\":\"https:\/\/www.proholzlandwald.de\/bi\/waldzerstoerung-im-holzland-fuer-gruenen-strom-in-bayern\/#primaryimage\"},\"image\":{\"@id\":\"https:\/\/www.proholzlandwald.de\/bi\/waldzerstoerung-im-holzland-fuer-gruenen-strom-in-bayern\/#primaryimage\"},\"thumbnailUrl\":\"https:\/\/www.proholzlandwald.de\/bi\/wp-content\/uploads\/2025\/02\/sl2.jpg\",\"datePublished\":\"2025-02-20T20:45:25+00:00\",\"dateModified\":\"2025-02-20T21:02:20+00:00\",\"author\":{\"@id\":\"https:\/\/www.proholzlandwald.de\/bi\/#\/schema\/person\/cd5f9c7e94d039b01b70c54b2610c0cd\"},\"breadcrumb\":{\"@id\":\"https:\/\/www.proholzlandwald.de\/bi\/waldzerstoerung-im-holzland-fuer-gruenen-strom-in-bayern\/#breadcrumb\"},\"inLanguage\":\"de\",\"potentialAction\":[{\"@type\":\"ReadAction\",\"target\":[\"https:\/\/www.proholzlandwald.de\/bi\/waldzerstoerung-im-holzland-fuer-gruenen-strom-in-bayern\/\"]}]},{\"@type\":\"ImageObject\",\"inLanguage\":\"de\",\"@id\":\"https:\/\/www.proholzlandwald.de\/bi\/waldzerstoerung-im-holzland-fuer-gruenen-strom-in-bayern\/#primaryimage\",\"url\":\"https:\/\/www.proholzlandwald.de\/bi\/wp-content\/uploads\/2025\/02\/sl2.jpg\",\"contentUrl\":\"https:\/\/www.proholzlandwald.de\/bi\/wp-content\/uploads\/2025\/02\/sl2.jpg\",\"width\":1024,\"height\":768},{\"@type\":\"BreadcrumbList\",\"@id\":\"https:\/\/www.proholzlandwald.de\/bi\/waldzerstoerung-im-holzland-fuer-gruenen-strom-in-bayern\/#breadcrumb\",\"itemListElement\":[{\"@type\":\"ListItem\",\"position\":1,\"name\":\"Startseite\",\"item\":\"https:\/\/www.proholzlandwald.de\/bi\/startseite-2\/\"},{\"@type\":\"ListItem\",\"position\":2,\"name\":\"Waldzerst\u00f6rung im Holzland f\u00fcr gr\u00fcnen Strom in Bayern\"}]},{\"@type\":\"WebSite\",\"@id\":\"https:\/\/www.proholzlandwald.de\/bi\/#website\",\"url\":\"https:\/\/www.proholzlandwald.de\/bi\/\",\"name\":\"ProHolzlandwald.de\",\"description\":\"B\u00fcrgerinitiative ProHolzlandwald\",\"potentialAction\":[{\"@type\":\"SearchAction\",\"target\":{\"@type\":\"EntryPoint\",\"urlTemplate\":\"https:\/\/www.proholzlandwald.de\/bi\/?s={search_term_string}\"},\"query-input\":\"required name=search_term_string\"}],\"inLanguage\":\"de\"},{\"@type\":\"Person\",\"@id\":\"https:\/\/www.proholzlandwald.de\/bi\/#\/schema\/person\/cd5f9c7e94d039b01b70c54b2610c0cd\",\"name\":\"Michael Pfl\u00fcgner\",\"url\":\"https:\/\/www.proholzlandwald.de\/bi\/author\/mp\/\"}]}<\/script>\n<!-- \/ Yoast SEO plugin. -->","yoast_head_json":{"title":"Waldzerst\u00f6rung im Holzland f\u00fcr gr\u00fcnen Strom in Bayern - ProHolzlandwald.de","robots":{"index":"index","follow":"follow","max-snippet":"max-snippet:-1","max-image-preview":"max-image-preview:large","max-video-preview":"max-video-preview:-1"},"canonical":"https:\/\/www.proholzlandwald.de\/bi\/waldzerstoerung-im-holzland-fuer-gruenen-strom-in-bayern\/","og_locale":"de_DE","og_type":"article","og_title":"Waldzerst\u00f6rung im Holzland f\u00fcr gr\u00fcnen Strom in Bayern - ProHolzlandwald.de","og_description":"In den letzten Wochen wurde die 35m breite Schneise s\u00fcdlich-\u00f6stlich von Tautenhain durch den Holzlandwald geschlagen, so wie es 50 Hertz und die Bundesnetzagentur beschlossen haben. Dem Wanderer blutet das Herz! Den Vorschl\u00e4gen der B\u00fcrgerinitiativen (siehe auch hier )und des Landratsamtes wurde nicht gefolgt. Eine Nutzung bestehender Schneisen und Wege wurde abgelehnt. Mindestens 14 ha [&hellip;]","og_url":"https:\/\/www.proholzlandwald.de\/bi\/waldzerstoerung-im-holzland-fuer-gruenen-strom-in-bayern\/","og_site_name":"ProHolzlandwald.de","article_published_time":"2025-02-20T20:45:25+00:00","article_modified_time":"2025-02-20T21:02:20+00:00","og_image":[{"width":1024,"height":768,"url":"http:\/\/www.proholzlandwald.de\/bi\/wp-content\/uploads\/2025\/02\/sl2.jpg","type":"image\/jpeg"}],"author":"Michael Pfl\u00fcgner","twitter_card":"summary_large_image","twitter_misc":{"Verfasst von":"Michael Pfl\u00fcgner"},"schema":{"@context":"https:\/\/schema.org","@graph":[{"@type":"WebPage","@id":"https:\/\/www.proholzlandwald.de\/bi\/waldzerstoerung-im-holzland-fuer-gruenen-strom-in-bayern\/","url":"https:\/\/www.proholzlandwald.de\/bi\/waldzerstoerung-im-holzland-fuer-gruenen-strom-in-bayern\/","name":"Waldzerst\u00f6rung im Holzland f\u00fcr gr\u00fcnen Strom in Bayern - ProHolzlandwald.de","isPartOf":{"@id":"https:\/\/www.proholzlandwald.de\/bi\/#website"},"primaryImageOfPage":{"@id":"https:\/\/www.proholzlandwald.de\/bi\/waldzerstoerung-im-holzland-fuer-gruenen-strom-in-bayern\/#primaryimage"},"image":{"@id":"https:\/\/www.proholzlandwald.de\/bi\/waldzerstoerung-im-holzland-fuer-gruenen-strom-in-bayern\/#primaryimage"},"thumbnailUrl":"https:\/\/www.proholzlandwald.de\/bi\/wp-content\/uploads\/2025\/02\/sl2.jpg","datePublished":"2025-02-20T20:45:25+00:00","dateModified":"2025-02-20T21:02:20+00:00","author":{"@id":"https:\/\/www.proholzlandwald.de\/bi\/#\/schema\/person\/cd5f9c7e94d039b01b70c54b2610c0cd"},"breadcrumb":{"@id":"https:\/\/www.proholzlandwald.de\/bi\/waldzerstoerung-im-holzland-fuer-gruenen-strom-in-bayern\/#breadcrumb"},"inLanguage":"de","potentialAction":[{"@type":"ReadAction","target":["https:\/\/www.proholzlandwald.de\/bi\/waldzerstoerung-im-holzland-fuer-gruenen-strom-in-bayern\/"]}]},{"@type":"ImageObject","inLanguage":"de","@id":"https:\/\/www.proholzlandwald.de\/bi\/waldzerstoerung-im-holzland-fuer-gruenen-strom-in-bayern\/#primaryimage","url":"https:\/\/www.proholzlandwald.de\/bi\/wp-content\/uploads\/2025\/02\/sl2.jpg","contentUrl":"https:\/\/www.proholzlandwald.de\/bi\/wp-content\/uploads\/2025\/02\/sl2.jpg","width":1024,"height":768},{"@type":"BreadcrumbList","@id":"https:\/\/www.proholzlandwald.de\/bi\/waldzerstoerung-im-holzland-fuer-gruenen-strom-in-bayern\/#breadcrumb","itemListElement":[{"@type":"ListItem","position":1,"name":"Startseite","item":"https:\/\/www.proholzlandwald.de\/bi\/startseite-2\/"},{"@type":"ListItem","position":2,"name":"Waldzerst\u00f6rung im Holzland f\u00fcr gr\u00fcnen Strom in Bayern"}]},{"@type":"WebSite","@id":"https:\/\/www.proholzlandwald.de\/bi\/#website","url":"https:\/\/www.proholzlandwald.de\/bi\/","name":"ProHolzlandwald.de","description":"B\u00fcrgerinitiative ProHolzlandwald","potentialAction":[{"@type":"SearchAction","target":{"@type":"EntryPoint","urlTemplate":"https:\/\/www.proholzlandwald.de\/bi\/?s={search_term_string}"},"query-input":"required name=search_term_string"}],"inLanguage":"de"},{"@type":"Person","@id":"https:\/\/www.proholzlandwald.de\/bi\/#\/schema\/person\/cd5f9c7e94d039b01b70c54b2610c0cd","name":"Michael Pfl\u00fcgner","url":"https:\/\/www.proholzlandwald.de\/bi\/author\/mp\/"}]}},"_links":{"self":[{"href":"https:\/\/www.proholzlandwald.de\/bi\/wp-json\/wp\/v2\/posts\/2678"}],"collection":[{"href":"https:\/\/www.proholzlandwald.de\/bi\/wp-json\/wp\/v2\/posts"}],"about":[{"href":"https:\/\/www.proholzlandwald.de\/bi\/wp-json\/wp\/v2\/types\/post"}],"author":[{"embeddable":true,"href":"https:\/\/www.proholzlandwald.de\/bi\/wp-json\/wp\/v2\/users\/4"}],"replies":[{"embeddable":true,"href":"https:\/\/www.proholzlandwald.de\/bi\/wp-json\/wp\/v2\/comments?post=2678"}],"version-history":[{"count":4,"href":"https:\/\/www.proholzlandwald.de\/bi\/wp-json\/wp\/v2\/posts\/2678\/revisions"}],"predecessor-version":[{"id":2694,"href":"https:\/\/www.proholzlandwald.de\/bi\/wp-json\/wp\/v2\/posts\/2678\/revisions\/2694"}],"wp:featuredmedia":[{"embeddable":true,"href":"https:\/\/www.proholzlandwald.de\/bi\/wp-json\/wp\/v2\/media\/2683"}],"wp:attachment":[{"href":"https:\/\/www.proholzlandwald.de\/bi\/wp-json\/wp\/v2\/media?parent=2678"}],"wp:term":[{"taxonomy":"category","embeddable":true,"href":"https:\/\/www.proholzlandwald.de\/bi\/wp-json\/wp\/v2\/categories?post=2678"},{"taxonomy":"post_tag","embeddable":true,"href":"https:\/\/www.proholzlandwald.de\/bi\/wp-json\/wp\/v2\/tags?post=2678"}],"curies":[{"name":"wp","href":"https:\/\/api.w.org\/{rel}","templated":true}]}}