{"id":2706,"date":"2025-07-23T07:45:55","date_gmt":"2025-07-23T05:45:55","guid":{"rendered":"https:\/\/www.proholzlandwald.de\/bi\/?p=2706"},"modified":"2025-07-23T17:59:33","modified_gmt":"2025-07-23T15:59:33","slug":"erneute-planung-von-windraedern-rund-um-tautenhain","status":"publish","type":"post","link":"https:\/\/www.proholzlandwald.de\/bi\/erneute-planung-von-windraedern-rund-um-tautenhain\/","title":{"rendered":"Erneute Planung von Windr\u00e4dern rund um Tautenhain"},"content":{"rendered":"<p>Bei der Regionalen Planungsstelle Ostth\u00fcringen in Gera ging ein Schreiben der Firma PNE AG aus Kassel ein. Inhaltlich geht es um die <strong>Ausweitung der vom Regionalplan Ostth\u00fcringen festgelegten Windvorranggebiete im Gebiet n\u00f6rdlich und \u00f6stlich von Tautenhain\/Wei\u00dfenborn.<\/strong> Es handelt sich hierbei um <strong>Landesfl\u00e4chen<\/strong>.<br \/>\nEs soll ein <strong>&#8220;Energiepark Elstertal&#8221;<\/strong> entstehen, um regionale Unternehmen &#8220;stabil und kosteng\u00fcnstig&#8221; mit Strom zu versorgen. Man geht von mindestens 100 MW\u00a0 Windenergie aus- entspricht bei einer Nabenh\u00f6he von 160m\u00a0 mit 6 MW je WKA also mindestens 15 Windr\u00e4dern!<\/p>\n<p><a href=\"http:\/\/www.proholzlandwald.de\/bi\/wp-content\/uploads\/2025\/07\/Planung-Energiepark-Elstertal.pdf\">Planung Energiepark Elstertal<\/a><\/p>\n<p>Lest den Anhang <a href=\"http:\/\/www.proholzlandwald.de\/bi\/wp-content\/uploads\/2025\/07\/Planung-Energiepark-Elstertal.pdf\">http:\/\/www.proholzlandwald.de\/bi\/wp-content\/uploads\/2025\/07\/Planung-Energiepark-Elstertal.pdf<\/a> am besten selber, was man sich darunter vorstellt.<\/p>\n<p>Fakt ist, dass wir nun vor der gleichen Situation wie 2015 stehen: <strong>Der Holzlandwald in und um Tautenhain ist gef\u00e4hrdet!!!<\/strong><br \/>\nDie beiden <strong>ausgew\u00e4hlten Gebiete &#8220;Elstertal 1&#8221; und &#8220;Elstertal 2&#8221; stehen komplett im gesunden Wald<\/strong> und sollen nach den Vorstellungen von PNE AG auf Grund der &#8220;sehr guten Windh\u00f6ffigkeit&#8221; mit WKA\u00b4s zugebaut werden.<\/p>\n<p>In keinem Fall darf der aktuell g\u00fcltige Regionalplan wieder ge\u00f6ffnet und f\u00fcr dieses Vorhaben erweitert werden.<\/p>\n<p><strong>Wieder einmal geht das Ganze komplett an den B\u00fcrgern und Kommunen vorbei.<\/strong><\/p>\n<p>Am <strong>Dienstag, 12. Auguts um 19 Uhr ist Mitgliederversammlung<\/strong> in der Kanone.<\/p>\n<p>&nbsp;<\/p>\n<p>Der Vorstand<\/p>\n<p><img loading=\"lazy\" decoding=\"async\" class=\"alignnone size-full wp-image-2717\" src=\"http:\/\/www.proholzlandwald.de\/bi\/wp-content\/uploads\/2025\/07\/Blick-nach-Osten-Richtung-Ronneburg.jpg\" alt=\"\" width=\"1600\" height=\"1091\" srcset=\"https:\/\/www.proholzlandwald.de\/bi\/wp-content\/uploads\/2025\/07\/Blick-nach-Osten-Richtung-Ronneburg.jpg 1600w, https:\/\/www.proholzlandwald.de\/bi\/wp-content\/uploads\/2025\/07\/Blick-nach-Osten-Richtung-Ronneburg-300x205.jpg 300w, https:\/\/www.proholzlandwald.de\/bi\/wp-content\/uploads\/2025\/07\/Blick-nach-Osten-Richtung-Ronneburg-1030x702.jpg 1030w, https:\/\/www.proholzlandwald.de\/bi\/wp-content\/uploads\/2025\/07\/Blick-nach-Osten-Richtung-Ronneburg-768x524.jpg 768w, https:\/\/www.proholzlandwald.de\/bi\/wp-content\/uploads\/2025\/07\/Blick-nach-Osten-Richtung-Ronneburg-1536x1047.jpg 1536w, https:\/\/www.proholzlandwald.de\/bi\/wp-content\/uploads\/2025\/07\/Blick-nach-Osten-Richtung-Ronneburg-1500x1023.jpg 1500w, https:\/\/www.proholzlandwald.de\/bi\/wp-content\/uploads\/2025\/07\/Blick-nach-Osten-Richtung-Ronneburg-705x481.jpg 705w\" sizes=\"(max-width: 1600px) 100vw, 1600px\" \/> <img loading=\"lazy\" decoding=\"async\" class=\"alignnone size-full wp-image-2718\" src=\"http:\/\/www.proholzlandwald.de\/bi\/wp-content\/uploads\/2025\/07\/Blick-Nord.-mit-WKA1.jpg\" alt=\"\" width=\"2016\" height=\"1512\" srcset=\"https:\/\/www.proholzlandwald.de\/bi\/wp-content\/uploads\/2025\/07\/Blick-Nord.-mit-WKA1.jpg 2016w, https:\/\/www.proholzlandwald.de\/bi\/wp-content\/uploads\/2025\/07\/Blick-Nord.-mit-WKA1-300x225.jpg 300w, https:\/\/www.proholzlandwald.de\/bi\/wp-content\/uploads\/2025\/07\/Blick-Nord.-mit-WKA1-1030x773.jpg 1030w, https:\/\/www.proholzlandwald.de\/bi\/wp-content\/uploads\/2025\/07\/Blick-Nord.-mit-WKA1-768x576.jpg 768w, https:\/\/www.proholzlandwald.de\/bi\/wp-content\/uploads\/2025\/07\/Blick-Nord.-mit-WKA1-1536x1152.jpg 1536w, https:\/\/www.proholzlandwald.de\/bi\/wp-content\/uploads\/2025\/07\/Blick-Nord.-mit-WKA1-1500x1125.jpg 1500w, https:\/\/www.proholzlandwald.de\/bi\/wp-content\/uploads\/2025\/07\/Blick-Nord.-mit-WKA1-705x529.jpg 705w\" sizes=\"(max-width: 2016px) 100vw, 2016px\" \/> <img loading=\"lazy\" decoding=\"async\" class=\"alignnone size-full wp-image-2719\" src=\"http:\/\/www.proholzlandwald.de\/bi\/wp-content\/uploads\/2025\/07\/Kartenausschnitt-Tautenhain-mit-Flaechen.jpg\" alt=\"\" width=\"2182\" height=\"1092\" srcset=\"https:\/\/www.proholzlandwald.de\/bi\/wp-content\/uploads\/2025\/07\/Kartenausschnitt-Tautenhain-mit-Flaechen.jpg 2182w, https:\/\/www.proholzlandwald.de\/bi\/wp-content\/uploads\/2025\/07\/Kartenausschnitt-Tautenhain-mit-Flaechen-300x150.jpg 300w, https:\/\/www.proholzlandwald.de\/bi\/wp-content\/uploads\/2025\/07\/Kartenausschnitt-Tautenhain-mit-Flaechen-1030x515.jpg 1030w, https:\/\/www.proholzlandwald.de\/bi\/wp-content\/uploads\/2025\/07\/Kartenausschnitt-Tautenhain-mit-Flaechen-768x384.jpg 768w, https:\/\/www.proholzlandwald.de\/bi\/wp-content\/uploads\/2025\/07\/Kartenausschnitt-Tautenhain-mit-Flaechen-1536x769.jpg 1536w, https:\/\/www.proholzlandwald.de\/bi\/wp-content\/uploads\/2025\/07\/Kartenausschnitt-Tautenhain-mit-Flaechen-2048x1025.jpg 2048w, https:\/\/www.proholzlandwald.de\/bi\/wp-content\/uploads\/2025\/07\/Kartenausschnitt-Tautenhain-mit-Flaechen-1500x751.jpg 1500w, https:\/\/www.proholzlandwald.de\/bi\/wp-content\/uploads\/2025\/07\/Kartenausschnitt-Tautenhain-mit-Flaechen-705x353.jpg 705w\" sizes=\"(max-width: 2182px) 100vw, 2182px\" \/><\/p>\n<p>&nbsp;<\/p>\n<p>&nbsp;<\/p>\n","protected":false},"excerpt":{"rendered":"<p>Bei der Regionalen Planungsstelle Ostth\u00fcringen in Gera ging ein Schreiben der Firma PNE AG aus Kassel ein. Inhaltlich geht es um die Ausweitung der vom Regionalplan Ostth\u00fcringen festgelegten Windvorranggebiete im Gebiet n\u00f6rdlich und \u00f6stlich von Tautenhain\/Wei\u00dfenborn. Es handelt sich hierbei um Landesfl\u00e4chen. Es soll ein &#8220;Energiepark Elstertal&#8221; entstehen, um regionale Unternehmen &#8220;stabil und kosteng\u00fcnstig&#8221; mit [&hellip;]<\/p>\n","protected":false},"author":4,"featured_media":2707,"comment_status":"closed","ping_status":"open","sticky":false,"template":"","format":"standard","meta":{"footnotes":""},"categories":[98,1,8,11],"tags":[4,194,189,192,193,10,64,127,5,190,191],"yoast_head":"<!-- This site is optimized with the Yoast SEO plugin v22.3 - https:\/\/yoast.com\/wordpress\/plugins\/seo\/ -->\n<title>Erneute Planung von Windr\u00e4dern rund um Tautenhain - ProHolzlandwald.de<\/title>\n<meta name=\"robots\" content=\"index, follow, max-snippet:-1, max-image-preview:large, max-video-preview:-1\" \/>\n<link rel=\"canonical\" href=\"https:\/\/www.proholzlandwald.de\/bi\/erneute-planung-von-windraedern-rund-um-tautenhain\/\" \/>\n<meta property=\"og:locale\" content=\"de_DE\" \/>\n<meta property=\"og:type\" content=\"article\" \/>\n<meta property=\"og:title\" content=\"Erneute Planung von Windr\u00e4dern rund um Tautenhain - ProHolzlandwald.de\" \/>\n<meta property=\"og:description\" content=\"Bei der Regionalen Planungsstelle Ostth\u00fcringen in Gera ging ein Schreiben der Firma PNE AG aus Kassel ein. Inhaltlich geht es um die Ausweitung der vom Regionalplan Ostth\u00fcringen festgelegten Windvorranggebiete im Gebiet n\u00f6rdlich und \u00f6stlich von Tautenhain\/Wei\u00dfenborn. Es handelt sich hierbei um Landesfl\u00e4chen. Es soll ein &#8220;Energiepark Elstertal&#8221; entstehen, um regionale Unternehmen &#8220;stabil und kosteng\u00fcnstig&#8221; mit [&hellip;]\" \/>\n<meta property=\"og:url\" content=\"https:\/\/www.proholzlandwald.de\/bi\/erneute-planung-von-windraedern-rund-um-tautenhain\/\" \/>\n<meta property=\"og:site_name\" content=\"ProHolzlandwald.de\" \/>\n<meta property=\"article:published_time\" content=\"2025-07-23T05:45:55+00:00\" \/>\n<meta property=\"article:modified_time\" content=\"2025-07-23T15:59:33+00:00\" \/>\n<meta property=\"og:image\" content=\"http:\/\/www.proholzlandwald.de\/bi\/wp-content\/uploads\/2025\/07\/Energiepark-Elstertal-mit-WKA.jpg\" \/>\n\t<meta property=\"og:image:width\" content=\"1234\" \/>\n\t<meta property=\"og:image:height\" content=\"537\" \/>\n\t<meta property=\"og:image:type\" content=\"image\/jpeg\" \/>\n<meta name=\"author\" content=\"Michael Pfl\u00fcgner\" \/>\n<meta name=\"twitter:card\" content=\"summary_large_image\" \/>\n<meta name=\"twitter:label1\" content=\"Verfasst von\" \/>\n\t<meta name=\"twitter:data1\" content=\"Michael Pfl\u00fcgner\" \/>\n\t<meta name=\"twitter:label2\" content=\"Gesch\u00e4tzte Lesezeit\" \/>\n\t<meta name=\"twitter:data2\" content=\"2\u00a0Minuten\" \/>\n<script type=\"application\/ld+json\" class=\"yoast-schema-graph\">{\"@context\":\"https:\/\/schema.org\",\"@graph\":[{\"@type\":\"WebPage\",\"@id\":\"https:\/\/www.proholzlandwald.de\/bi\/erneute-planung-von-windraedern-rund-um-tautenhain\/\",\"url\":\"https:\/\/www.proholzlandwald.de\/bi\/erneute-planung-von-windraedern-rund-um-tautenhain\/\",\"name\":\"Erneute Planung von Windr\u00e4dern rund um Tautenhain - ProHolzlandwald.de\",\"isPartOf\":{\"@id\":\"https:\/\/www.proholzlandwald.de\/bi\/#website\"},\"primaryImageOfPage\":{\"@id\":\"https:\/\/www.proholzlandwald.de\/bi\/erneute-planung-von-windraedern-rund-um-tautenhain\/#primaryimage\"},\"image\":{\"@id\":\"https:\/\/www.proholzlandwald.de\/bi\/erneute-planung-von-windraedern-rund-um-tautenhain\/#primaryimage\"},\"thumbnailUrl\":\"https:\/\/www.proholzlandwald.de\/bi\/wp-content\/uploads\/2025\/07\/Energiepark-Elstertal-mit-WKA.jpg\",\"datePublished\":\"2025-07-23T05:45:55+00:00\",\"dateModified\":\"2025-07-23T15:59:33+00:00\",\"author\":{\"@id\":\"https:\/\/www.proholzlandwald.de\/bi\/#\/schema\/person\/cd5f9c7e94d039b01b70c54b2610c0cd\"},\"breadcrumb\":{\"@id\":\"https:\/\/www.proholzlandwald.de\/bi\/erneute-planung-von-windraedern-rund-um-tautenhain\/#breadcrumb\"},\"inLanguage\":\"de\",\"potentialAction\":[{\"@type\":\"ReadAction\",\"target\":[\"https:\/\/www.proholzlandwald.de\/bi\/erneute-planung-von-windraedern-rund-um-tautenhain\/\"]}]},{\"@type\":\"ImageObject\",\"inLanguage\":\"de\",\"@id\":\"https:\/\/www.proholzlandwald.de\/bi\/erneute-planung-von-windraedern-rund-um-tautenhain\/#primaryimage\",\"url\":\"https:\/\/www.proholzlandwald.de\/bi\/wp-content\/uploads\/2025\/07\/Energiepark-Elstertal-mit-WKA.jpg\",\"contentUrl\":\"https:\/\/www.proholzlandwald.de\/bi\/wp-content\/uploads\/2025\/07\/Energiepark-Elstertal-mit-WKA.jpg\",\"width\":1234,\"height\":537},{\"@type\":\"BreadcrumbList\",\"@id\":\"https:\/\/www.proholzlandwald.de\/bi\/erneute-planung-von-windraedern-rund-um-tautenhain\/#breadcrumb\",\"itemListElement\":[{\"@type\":\"ListItem\",\"position\":1,\"name\":\"Startseite\",\"item\":\"https:\/\/www.proholzlandwald.de\/bi\/startseite-2\/\"},{\"@type\":\"ListItem\",\"position\":2,\"name\":\"Erneute Planung von Windr\u00e4dern rund um Tautenhain\"}]},{\"@type\":\"WebSite\",\"@id\":\"https:\/\/www.proholzlandwald.de\/bi\/#website\",\"url\":\"https:\/\/www.proholzlandwald.de\/bi\/\",\"name\":\"ProHolzlandwald.de\",\"description\":\"B\u00fcrgerinitiative ProHolzlandwald\",\"potentialAction\":[{\"@type\":\"SearchAction\",\"target\":{\"@type\":\"EntryPoint\",\"urlTemplate\":\"https:\/\/www.proholzlandwald.de\/bi\/?s={search_term_string}\"},\"query-input\":\"required name=search_term_string\"}],\"inLanguage\":\"de\"},{\"@type\":\"Person\",\"@id\":\"https:\/\/www.proholzlandwald.de\/bi\/#\/schema\/person\/cd5f9c7e94d039b01b70c54b2610c0cd\",\"name\":\"Michael Pfl\u00fcgner\",\"url\":\"https:\/\/www.proholzlandwald.de\/bi\/author\/mp\/\"}]}<\/script>\n<!-- \/ Yoast SEO plugin. -->","yoast_head_json":{"title":"Erneute Planung von Windr\u00e4dern rund um Tautenhain - ProHolzlandwald.de","robots":{"index":"index","follow":"follow","max-snippet":"max-snippet:-1","max-image-preview":"max-image-preview:large","max-video-preview":"max-video-preview:-1"},"canonical":"https:\/\/www.proholzlandwald.de\/bi\/erneute-planung-von-windraedern-rund-um-tautenhain\/","og_locale":"de_DE","og_type":"article","og_title":"Erneute Planung von Windr\u00e4dern rund um Tautenhain - ProHolzlandwald.de","og_description":"Bei der Regionalen Planungsstelle Ostth\u00fcringen in Gera ging ein Schreiben der Firma PNE AG aus Kassel ein. Inhaltlich geht es um die Ausweitung der vom Regionalplan Ostth\u00fcringen festgelegten Windvorranggebiete im Gebiet n\u00f6rdlich und \u00f6stlich von Tautenhain\/Wei\u00dfenborn. Es handelt sich hierbei um Landesfl\u00e4chen. Es soll ein &#8220;Energiepark Elstertal&#8221; entstehen, um regionale Unternehmen &#8220;stabil und kosteng\u00fcnstig&#8221; mit [&hellip;]","og_url":"https:\/\/www.proholzlandwald.de\/bi\/erneute-planung-von-windraedern-rund-um-tautenhain\/","og_site_name":"ProHolzlandwald.de","article_published_time":"2025-07-23T05:45:55+00:00","article_modified_time":"2025-07-23T15:59:33+00:00","og_image":[{"width":1234,"height":537,"url":"http:\/\/www.proholzlandwald.de\/bi\/wp-content\/uploads\/2025\/07\/Energiepark-Elstertal-mit-WKA.jpg","type":"image\/jpeg"}],"author":"Michael Pfl\u00fcgner","twitter_card":"summary_large_image","twitter_misc":{"Verfasst von":"Michael Pfl\u00fcgner","Gesch\u00e4tzte Lesezeit":"2\u00a0Minuten"},"schema":{"@context":"https:\/\/schema.org","@graph":[{"@type":"WebPage","@id":"https:\/\/www.proholzlandwald.de\/bi\/erneute-planung-von-windraedern-rund-um-tautenhain\/","url":"https:\/\/www.proholzlandwald.de\/bi\/erneute-planung-von-windraedern-rund-um-tautenhain\/","name":"Erneute Planung von Windr\u00e4dern rund um Tautenhain - ProHolzlandwald.de","isPartOf":{"@id":"https:\/\/www.proholzlandwald.de\/bi\/#website"},"primaryImageOfPage":{"@id":"https:\/\/www.proholzlandwald.de\/bi\/erneute-planung-von-windraedern-rund-um-tautenhain\/#primaryimage"},"image":{"@id":"https:\/\/www.proholzlandwald.de\/bi\/erneute-planung-von-windraedern-rund-um-tautenhain\/#primaryimage"},"thumbnailUrl":"https:\/\/www.proholzlandwald.de\/bi\/wp-content\/uploads\/2025\/07\/Energiepark-Elstertal-mit-WKA.jpg","datePublished":"2025-07-23T05:45:55+00:00","dateModified":"2025-07-23T15:59:33+00:00","author":{"@id":"https:\/\/www.proholzlandwald.de\/bi\/#\/schema\/person\/cd5f9c7e94d039b01b70c54b2610c0cd"},"breadcrumb":{"@id":"https:\/\/www.proholzlandwald.de\/bi\/erneute-planung-von-windraedern-rund-um-tautenhain\/#breadcrumb"},"inLanguage":"de","potentialAction":[{"@type":"ReadAction","target":["https:\/\/www.proholzlandwald.de\/bi\/erneute-planung-von-windraedern-rund-um-tautenhain\/"]}]},{"@type":"ImageObject","inLanguage":"de","@id":"https:\/\/www.proholzlandwald.de\/bi\/erneute-planung-von-windraedern-rund-um-tautenhain\/#primaryimage","url":"https:\/\/www.proholzlandwald.de\/bi\/wp-content\/uploads\/2025\/07\/Energiepark-Elstertal-mit-WKA.jpg","contentUrl":"https:\/\/www.proholzlandwald.de\/bi\/wp-content\/uploads\/2025\/07\/Energiepark-Elstertal-mit-WKA.jpg","width":1234,"height":537},{"@type":"BreadcrumbList","@id":"https:\/\/www.proholzlandwald.de\/bi\/erneute-planung-von-windraedern-rund-um-tautenhain\/#breadcrumb","itemListElement":[{"@type":"ListItem","position":1,"name":"Startseite","item":"https:\/\/www.proholzlandwald.de\/bi\/startseite-2\/"},{"@type":"ListItem","position":2,"name":"Erneute Planung von Windr\u00e4dern rund um Tautenhain"}]},{"@type":"WebSite","@id":"https:\/\/www.proholzlandwald.de\/bi\/#website","url":"https:\/\/www.proholzlandwald.de\/bi\/","name":"ProHolzlandwald.de","description":"B\u00fcrgerinitiative ProHolzlandwald","potentialAction":[{"@type":"SearchAction","target":{"@type":"EntryPoint","urlTemplate":"https:\/\/www.proholzlandwald.de\/bi\/?s={search_term_string}"},"query-input":"required name=search_term_string"}],"inLanguage":"de"},{"@type":"Person","@id":"https:\/\/www.proholzlandwald.de\/bi\/#\/schema\/person\/cd5f9c7e94d039b01b70c54b2610c0cd","name":"Michael Pfl\u00fcgner","url":"https:\/\/www.proholzlandwald.de\/bi\/author\/mp\/"}]}},"_links":{"self":[{"href":"https:\/\/www.proholzlandwald.de\/bi\/wp-json\/wp\/v2\/posts\/2706"}],"collection":[{"href":"https:\/\/www.proholzlandwald.de\/bi\/wp-json\/wp\/v2\/posts"}],"about":[{"href":"https:\/\/www.proholzlandwald.de\/bi\/wp-json\/wp\/v2\/types\/post"}],"author":[{"embeddable":true,"href":"https:\/\/www.proholzlandwald.de\/bi\/wp-json\/wp\/v2\/users\/4"}],"replies":[{"embeddable":true,"href":"https:\/\/www.proholzlandwald.de\/bi\/wp-json\/wp\/v2\/comments?post=2706"}],"version-history":[{"count":7,"href":"https:\/\/www.proholzlandwald.de\/bi\/wp-json\/wp\/v2\/posts\/2706\/revisions"}],"predecessor-version":[{"id":2716,"href":"https:\/\/www.proholzlandwald.de\/bi\/wp-json\/wp\/v2\/posts\/2706\/revisions\/2716"}],"wp:featuredmedia":[{"embeddable":true,"href":"https:\/\/www.proholzlandwald.de\/bi\/wp-json\/wp\/v2\/media\/2707"}],"wp:attachment":[{"href":"https:\/\/www.proholzlandwald.de\/bi\/wp-json\/wp\/v2\/media?parent=2706"}],"wp:term":[{"taxonomy":"category","embeddable":true,"href":"https:\/\/www.proholzlandwald.de\/bi\/wp-json\/wp\/v2\/categories?post=2706"},{"taxonomy":"post_tag","embeddable":true,"href":"https:\/\/www.proholzlandwald.de\/bi\/wp-json\/wp\/v2\/tags?post=2706"}],"curies":[{"name":"wp","href":"https:\/\/api.w.org\/{rel}","templated":true}]}}