{"id":2732,"date":"2025-10-26T17:22:45","date_gmt":"2025-10-26T16:22:45","guid":{"rendered":"https:\/\/www.proholzlandwald.de\/bi\/?p=2732"},"modified":"2025-10-27T19:22:33","modified_gmt":"2025-10-27T18:22:33","slug":"das-holzland-fuehlen-auf-unserem-neuen-barfusspfad","status":"publish","type":"post","link":"https:\/\/www.proholzlandwald.de\/bi\/das-holzland-fuehlen-auf-unserem-neuen-barfusspfad\/","title":{"rendered":"Das Holzland f\u00fchlen auf unserem neuen Barfu\u00dfpfad"},"content":{"rendered":"<p>Ein weiteres <strong>Projekt der BI<\/strong> f\u00fcr unser Tautenhain wurde am Samstag (25.10.25) bei strahlendem Sonnenschein <strong>durch unseren B\u00fcrgermeister Daniel und den Vorstand der BI er\u00f6ffnet<\/strong>:<\/p>\n<p>Unser <strong>Barfu\u00dfpfad in der Lindenstra\u00dfe<\/strong> (innerhalb des Spielplatzes).<\/p>\n<p>Geplant und errichtet in \u00fcber <strong>170 Stunden Eigenleistungen<\/strong> durch Vereinsmitglieder, <strong>gef\u00f6rdert von RAG.<\/strong> Herzlichen DANK an alle Mitwirkenden <strong>unter der Leitung von Uwe Riedel<\/strong>.<\/p>\n<p>Unser <strong>Landrat Herr Johann Waschnewski testete den Pfad<\/strong> und fand anerkennende Worte zu den Aktivit\u00e4ten unseres Vereins, f\u00fcr die Bereicherung unserer Region und die Erhaltung unseres Holzlandwaldes.<\/p>\n<p>Ob mit offenen oder geschlossenen Augen, gehend oder laufend, allein, zu zweit mit Euren Kindern, Enkeln oder Besuch von au\u00dferhalb.<strong> Hier k\u00f6nnt ihr unser Holzland erf\u00fchlen.<\/strong><\/p>\n<p>Viel Spa\u00df dabei!<\/p>\n<p>Die <a href=\"https:\/\/www.otz.de\/\">OTZ<\/a> berichtete bereits im Vorfeld- siehe unten<\/p>\n<p>&nbsp;<\/p>\n<p>Im Auftrag des Vorstandes.<\/p>\n<p>Michael Pfl\u00fcgner<\/p>\n<p><img loading=\"lazy\" decoding=\"async\" class=\"alignnone wp-image-2744\" src=\"http:\/\/www.proholzlandwald.de\/bi\/wp-content\/uploads\/2025\/10\/1.jpg\" alt=\"\" width=\"389\" height=\"292\" srcset=\"https:\/\/www.proholzlandwald.de\/bi\/wp-content\/uploads\/2025\/10\/1.jpg 1024w, https:\/\/www.proholzlandwald.de\/bi\/wp-content\/uploads\/2025\/10\/1-300x225.jpg 300w, https:\/\/www.proholzlandwald.de\/bi\/wp-content\/uploads\/2025\/10\/1-768x576.jpg 768w, https:\/\/www.proholzlandwald.de\/bi\/wp-content\/uploads\/2025\/10\/1-705x529.jpg 705w\" sizes=\"(max-width: 389px) 100vw, 389px\" \/> <img loading=\"lazy\" decoding=\"async\" class=\"alignnone wp-image-2745\" src=\"http:\/\/www.proholzlandwald.de\/bi\/wp-content\/uploads\/2025\/10\/2.jpg\" alt=\"\" width=\"389\" height=\"292\" srcset=\"https:\/\/www.proholzlandwald.de\/bi\/wp-content\/uploads\/2025\/10\/2.jpg 1024w, https:\/\/www.proholzlandwald.de\/bi\/wp-content\/uploads\/2025\/10\/2-300x225.jpg 300w, https:\/\/www.proholzlandwald.de\/bi\/wp-content\/uploads\/2025\/10\/2-768x576.jpg 768w, https:\/\/www.proholzlandwald.de\/bi\/wp-content\/uploads\/2025\/10\/2-705x529.jpg 705w\" sizes=\"(max-width: 389px) 100vw, 389px\" \/> <img loading=\"lazy\" decoding=\"async\" class=\"alignnone wp-image-2746\" src=\"http:\/\/www.proholzlandwald.de\/bi\/wp-content\/uploads\/2025\/10\/3a.jpg\" alt=\"\" width=\"393\" height=\"295\" srcset=\"https:\/\/www.proholzlandwald.de\/bi\/wp-content\/uploads\/2025\/10\/3a.jpg 1024w, https:\/\/www.proholzlandwald.de\/bi\/wp-content\/uploads\/2025\/10\/3a-300x225.jpg 300w, https:\/\/www.proholzlandwald.de\/bi\/wp-content\/uploads\/2025\/10\/3a-768x576.jpg 768w, https:\/\/www.proholzlandwald.de\/bi\/wp-content\/uploads\/2025\/10\/3a-705x529.jpg 705w\" sizes=\"(max-width: 393px) 100vw, 393px\" \/> <img loading=\"lazy\" decoding=\"async\" class=\"alignnone size-full wp-image-2747\" src=\"http:\/\/www.proholzlandwald.de\/bi\/wp-content\/uploads\/2025\/10\/4.jpg\" alt=\"\" width=\"1024\" height=\"462\" srcset=\"https:\/\/www.proholzlandwald.de\/bi\/wp-content\/uploads\/2025\/10\/4.jpg 1024w, https:\/\/www.proholzlandwald.de\/bi\/wp-content\/uploads\/2025\/10\/4-300x135.jpg 300w, https:\/\/www.proholzlandwald.de\/bi\/wp-content\/uploads\/2025\/10\/4-768x347.jpg 768w, https:\/\/www.proholzlandwald.de\/bi\/wp-content\/uploads\/2025\/10\/4-705x318.jpg 705w\" sizes=\"(max-width: 1024px) 100vw, 1024px\" \/> <img loading=\"lazy\" decoding=\"async\" class=\"alignnone size-full wp-image-2748\" src=\"http:\/\/www.proholzlandwald.de\/bi\/wp-content\/uploads\/2025\/10\/5.jpg\" alt=\"\" width=\"1024\" height=\"462\" srcset=\"https:\/\/www.proholzlandwald.de\/bi\/wp-content\/uploads\/2025\/10\/5.jpg 1024w, https:\/\/www.proholzlandwald.de\/bi\/wp-content\/uploads\/2025\/10\/5-300x135.jpg 300w, https:\/\/www.proholzlandwald.de\/bi\/wp-content\/uploads\/2025\/10\/5-768x347.jpg 768w, https:\/\/www.proholzlandwald.de\/bi\/wp-content\/uploads\/2025\/10\/5-705x318.jpg 705w\" sizes=\"(max-width: 1024px) 100vw, 1024px\" \/> <img loading=\"lazy\" decoding=\"async\" class=\"alignnone size-full wp-image-2749\" src=\"http:\/\/www.proholzlandwald.de\/bi\/wp-content\/uploads\/2025\/10\/6.jpg\" alt=\"\" width=\"1024\" height=\"462\" srcset=\"https:\/\/www.proholzlandwald.de\/bi\/wp-content\/uploads\/2025\/10\/6.jpg 1024w, https:\/\/www.proholzlandwald.de\/bi\/wp-content\/uploads\/2025\/10\/6-300x135.jpg 300w, https:\/\/www.proholzlandwald.de\/bi\/wp-content\/uploads\/2025\/10\/6-768x347.jpg 768w, https:\/\/www.proholzlandwald.de\/bi\/wp-content\/uploads\/2025\/10\/6-705x318.jpg 705w\" sizes=\"(max-width: 1024px) 100vw, 1024px\" \/> <img loading=\"lazy\" decoding=\"async\" class=\"alignnone size-full wp-image-2750\" src=\"http:\/\/www.proholzlandwald.de\/bi\/wp-content\/uploads\/2025\/10\/7.jpg\" alt=\"\" width=\"1024\" height=\"768\" srcset=\"https:\/\/www.proholzlandwald.de\/bi\/wp-content\/uploads\/2025\/10\/7.jpg 1024w, https:\/\/www.proholzlandwald.de\/bi\/wp-content\/uploads\/2025\/10\/7-300x225.jpg 300w, https:\/\/www.proholzlandwald.de\/bi\/wp-content\/uploads\/2025\/10\/7-768x576.jpg 768w, https:\/\/www.proholzlandwald.de\/bi\/wp-content\/uploads\/2025\/10\/7-705x529.jpg 705w\" sizes=\"(max-width: 1024px) 100vw, 1024px\" \/> <img loading=\"lazy\" decoding=\"async\" class=\"alignnone size-full wp-image-2751\" src=\"http:\/\/www.proholzlandwald.de\/bi\/wp-content\/uploads\/2025\/10\/8.jpg\" alt=\"\" width=\"1024\" height=\"1365\" srcset=\"https:\/\/www.proholzlandwald.de\/bi\/wp-content\/uploads\/2025\/10\/8.jpg 1024w, https:\/\/www.proholzlandwald.de\/bi\/wp-content\/uploads\/2025\/10\/8-225x300.jpg 225w, https:\/\/www.proholzlandwald.de\/bi\/wp-content\/uploads\/2025\/10\/8-773x1030.jpg 773w, https:\/\/www.proholzlandwald.de\/bi\/wp-content\/uploads\/2025\/10\/8-768x1024.jpg 768w, https:\/\/www.proholzlandwald.de\/bi\/wp-content\/uploads\/2025\/10\/8-529x705.jpg 529w\" sizes=\"(max-width: 1024px) 100vw, 1024px\" \/> <img loading=\"lazy\" decoding=\"async\" class=\"alignnone size-full wp-image-2752\" src=\"http:\/\/www.proholzlandwald.de\/bi\/wp-content\/uploads\/2025\/10\/9.jpg\" alt=\"\" width=\"1024\" height=\"768\" srcset=\"https:\/\/www.proholzlandwald.de\/bi\/wp-content\/uploads\/2025\/10\/9.jpg 1024w, https:\/\/www.proholzlandwald.de\/bi\/wp-content\/uploads\/2025\/10\/9-300x225.jpg 300w, https:\/\/www.proholzlandwald.de\/bi\/wp-content\/uploads\/2025\/10\/9-768x576.jpg 768w, https:\/\/www.proholzlandwald.de\/bi\/wp-content\/uploads\/2025\/10\/9-705x529.jpg 705w\" sizes=\"(max-width: 1024px) 100vw, 1024px\" \/><\/p>\n<p>Bildrechte: Mitglieder der BI<\/p>\n<p>Quelle: Ute Flamich, Ostth\u00fcringer Zeitung 24.10.2025<\/p>\n<p><img loading=\"lazy\" decoding=\"async\" class=\"alignnone size-full wp-image-2758\" src=\"http:\/\/www.proholzlandwald.de\/bi\/wp-content\/uploads\/2025\/10\/OTZ-Barfusspfad_Holzland.jpg\" alt=\"\" width=\"1504\" height=\"503\" srcset=\"https:\/\/www.proholzlandwald.de\/bi\/wp-content\/uploads\/2025\/10\/OTZ-Barfusspfad_Holzland.jpg 1504w, https:\/\/www.proholzlandwald.de\/bi\/wp-content\/uploads\/2025\/10\/OTZ-Barfusspfad_Holzland-300x100.jpg 300w, https:\/\/www.proholzlandwald.de\/bi\/wp-content\/uploads\/2025\/10\/OTZ-Barfusspfad_Holzland-1030x344.jpg 1030w, https:\/\/www.proholzlandwald.de\/bi\/wp-content\/uploads\/2025\/10\/OTZ-Barfusspfad_Holzland-768x257.jpg 768w, https:\/\/www.proholzlandwald.de\/bi\/wp-content\/uploads\/2025\/10\/OTZ-Barfusspfad_Holzland-1500x502.jpg 1500w, https:\/\/www.proholzlandwald.de\/bi\/wp-content\/uploads\/2025\/10\/OTZ-Barfusspfad_Holzland-705x236.jpg 705w\" sizes=\"(max-width: 1504px) 100vw, 1504px\" \/><\/p>\n<p><a href=\"http:\/\/www.proholzlandwald.de\/bi\/wp-content\/uploads\/2025\/10\/OTZ-Barfusspfad_Holzland.pdf\">OTZ Barfusspfad_Holzland<\/a><\/p>\n<p>&nbsp;<\/p>\n","protected":false},"excerpt":{"rendered":"<p>Ein weiteres Projekt der BI f\u00fcr unser Tautenhain wurde am Samstag (25.10.25) bei strahlendem Sonnenschein durch unseren B\u00fcrgermeister Daniel und den Vorstand der BI er\u00f6ffnet: Unser Barfu\u00dfpfad in der Lindenstra\u00dfe (innerhalb des Spielplatzes). Geplant und errichtet in \u00fcber 170 Stunden Eigenleistungen durch Vereinsmitglieder, gef\u00f6rdert von RAG. Herzlichen DANK an alle Mitwirkenden unter der Leitung von [&hellip;]<\/p>\n","protected":false},"author":4,"featured_media":2752,"comment_status":"closed","ping_status":"open","sticky":false,"template":"","format":"standard","meta":{"footnotes":""},"categories":[98,1,11],"tags":[197,4,128,124,10,5],"yoast_head":"<!-- This site is optimized with the Yoast SEO plugin v22.3 - https:\/\/yoast.com\/wordpress\/plugins\/seo\/ -->\n<title>Das Holzland f\u00fchlen auf unserem neuen Barfu\u00dfpfad - ProHolzlandwald.de<\/title>\n<meta name=\"robots\" content=\"index, follow, max-snippet:-1, max-image-preview:large, max-video-preview:-1\" \/>\n<link rel=\"canonical\" href=\"https:\/\/www.proholzlandwald.de\/bi\/das-holzland-fuehlen-auf-unserem-neuen-barfusspfad\/\" \/>\n<meta property=\"og:locale\" content=\"de_DE\" \/>\n<meta property=\"og:type\" content=\"article\" \/>\n<meta property=\"og:title\" content=\"Das Holzland f\u00fchlen auf unserem neuen Barfu\u00dfpfad - ProHolzlandwald.de\" \/>\n<meta property=\"og:description\" content=\"Ein weiteres Projekt der BI f\u00fcr unser Tautenhain wurde am Samstag (25.10.25) bei strahlendem Sonnenschein durch unseren B\u00fcrgermeister Daniel und den Vorstand der BI er\u00f6ffnet: Unser Barfu\u00dfpfad in der Lindenstra\u00dfe (innerhalb des Spielplatzes). Geplant und errichtet in \u00fcber 170 Stunden Eigenleistungen durch Vereinsmitglieder, gef\u00f6rdert von RAG. Herzlichen DANK an alle Mitwirkenden unter der Leitung von [&hellip;]\" \/>\n<meta property=\"og:url\" content=\"https:\/\/www.proholzlandwald.de\/bi\/das-holzland-fuehlen-auf-unserem-neuen-barfusspfad\/\" \/>\n<meta property=\"og:site_name\" content=\"ProHolzlandwald.de\" \/>\n<meta property=\"article:published_time\" content=\"2025-10-26T16:22:45+00:00\" \/>\n<meta property=\"article:modified_time\" content=\"2025-10-27T18:22:33+00:00\" \/>\n<meta property=\"og:image\" content=\"http:\/\/www.proholzlandwald.de\/bi\/wp-content\/uploads\/2025\/10\/9.jpg\" \/>\n\t<meta property=\"og:image:width\" content=\"1024\" \/>\n\t<meta property=\"og:image:height\" content=\"768\" \/>\n\t<meta property=\"og:image:type\" content=\"image\/jpeg\" \/>\n<meta name=\"author\" content=\"Michael Pfl\u00fcgner\" \/>\n<meta name=\"twitter:card\" content=\"summary_large_image\" \/>\n<meta name=\"twitter:label1\" content=\"Verfasst von\" \/>\n\t<meta name=\"twitter:data1\" content=\"Michael Pfl\u00fcgner\" \/>\n\t<meta name=\"twitter:label2\" content=\"Gesch\u00e4tzte Lesezeit\" \/>\n\t<meta name=\"twitter:data2\" content=\"3\u00a0Minuten\" \/>\n<script type=\"application\/ld+json\" class=\"yoast-schema-graph\">{\"@context\":\"https:\/\/schema.org\",\"@graph\":[{\"@type\":\"WebPage\",\"@id\":\"https:\/\/www.proholzlandwald.de\/bi\/das-holzland-fuehlen-auf-unserem-neuen-barfusspfad\/\",\"url\":\"https:\/\/www.proholzlandwald.de\/bi\/das-holzland-fuehlen-auf-unserem-neuen-barfusspfad\/\",\"name\":\"Das Holzland f\u00fchlen auf unserem neuen Barfu\u00dfpfad - ProHolzlandwald.de\",\"isPartOf\":{\"@id\":\"https:\/\/www.proholzlandwald.de\/bi\/#website\"},\"primaryImageOfPage\":{\"@id\":\"https:\/\/www.proholzlandwald.de\/bi\/das-holzland-fuehlen-auf-unserem-neuen-barfusspfad\/#primaryimage\"},\"image\":{\"@id\":\"https:\/\/www.proholzlandwald.de\/bi\/das-holzland-fuehlen-auf-unserem-neuen-barfusspfad\/#primaryimage\"},\"thumbnailUrl\":\"https:\/\/www.proholzlandwald.de\/bi\/wp-content\/uploads\/2025\/10\/9.jpg\",\"datePublished\":\"2025-10-26T16:22:45+00:00\",\"dateModified\":\"2025-10-27T18:22:33+00:00\",\"author\":{\"@id\":\"https:\/\/www.proholzlandwald.de\/bi\/#\/schema\/person\/cd5f9c7e94d039b01b70c54b2610c0cd\"},\"breadcrumb\":{\"@id\":\"https:\/\/www.proholzlandwald.de\/bi\/das-holzland-fuehlen-auf-unserem-neuen-barfusspfad\/#breadcrumb\"},\"inLanguage\":\"de\",\"potentialAction\":[{\"@type\":\"ReadAction\",\"target\":[\"https:\/\/www.proholzlandwald.de\/bi\/das-holzland-fuehlen-auf-unserem-neuen-barfusspfad\/\"]}]},{\"@type\":\"ImageObject\",\"inLanguage\":\"de\",\"@id\":\"https:\/\/www.proholzlandwald.de\/bi\/das-holzland-fuehlen-auf-unserem-neuen-barfusspfad\/#primaryimage\",\"url\":\"https:\/\/www.proholzlandwald.de\/bi\/wp-content\/uploads\/2025\/10\/9.jpg\",\"contentUrl\":\"https:\/\/www.proholzlandwald.de\/bi\/wp-content\/uploads\/2025\/10\/9.jpg\",\"width\":1024,\"height\":768},{\"@type\":\"BreadcrumbList\",\"@id\":\"https:\/\/www.proholzlandwald.de\/bi\/das-holzland-fuehlen-auf-unserem-neuen-barfusspfad\/#breadcrumb\",\"itemListElement\":[{\"@type\":\"ListItem\",\"position\":1,\"name\":\"Startseite\",\"item\":\"https:\/\/www.proholzlandwald.de\/bi\/startseite-2\/\"},{\"@type\":\"ListItem\",\"position\":2,\"name\":\"Das Holzland f\u00fchlen auf unserem neuen Barfu\u00dfpfad\"}]},{\"@type\":\"WebSite\",\"@id\":\"https:\/\/www.proholzlandwald.de\/bi\/#website\",\"url\":\"https:\/\/www.proholzlandwald.de\/bi\/\",\"name\":\"ProHolzlandwald.de\",\"description\":\"B\u00fcrgerinitiative ProHolzlandwald\",\"potentialAction\":[{\"@type\":\"SearchAction\",\"target\":{\"@type\":\"EntryPoint\",\"urlTemplate\":\"https:\/\/www.proholzlandwald.de\/bi\/?s={search_term_string}\"},\"query-input\":\"required name=search_term_string\"}],\"inLanguage\":\"de\"},{\"@type\":\"Person\",\"@id\":\"https:\/\/www.proholzlandwald.de\/bi\/#\/schema\/person\/cd5f9c7e94d039b01b70c54b2610c0cd\",\"name\":\"Michael Pfl\u00fcgner\",\"url\":\"https:\/\/www.proholzlandwald.de\/bi\/author\/mp\/\"}]}<\/script>\n<!-- \/ Yoast SEO plugin. -->","yoast_head_json":{"title":"Das Holzland f\u00fchlen auf unserem neuen Barfu\u00dfpfad - ProHolzlandwald.de","robots":{"index":"index","follow":"follow","max-snippet":"max-snippet:-1","max-image-preview":"max-image-preview:large","max-video-preview":"max-video-preview:-1"},"canonical":"https:\/\/www.proholzlandwald.de\/bi\/das-holzland-fuehlen-auf-unserem-neuen-barfusspfad\/","og_locale":"de_DE","og_type":"article","og_title":"Das Holzland f\u00fchlen auf unserem neuen Barfu\u00dfpfad - ProHolzlandwald.de","og_description":"Ein weiteres Projekt der BI f\u00fcr unser Tautenhain wurde am Samstag (25.10.25) bei strahlendem Sonnenschein durch unseren B\u00fcrgermeister Daniel und den Vorstand der BI er\u00f6ffnet: Unser Barfu\u00dfpfad in der Lindenstra\u00dfe (innerhalb des Spielplatzes). Geplant und errichtet in \u00fcber 170 Stunden Eigenleistungen durch Vereinsmitglieder, gef\u00f6rdert von RAG. Herzlichen DANK an alle Mitwirkenden unter der Leitung von [&hellip;]","og_url":"https:\/\/www.proholzlandwald.de\/bi\/das-holzland-fuehlen-auf-unserem-neuen-barfusspfad\/","og_site_name":"ProHolzlandwald.de","article_published_time":"2025-10-26T16:22:45+00:00","article_modified_time":"2025-10-27T18:22:33+00:00","og_image":[{"width":1024,"height":768,"url":"http:\/\/www.proholzlandwald.de\/bi\/wp-content\/uploads\/2025\/10\/9.jpg","type":"image\/jpeg"}],"author":"Michael Pfl\u00fcgner","twitter_card":"summary_large_image","twitter_misc":{"Verfasst von":"Michael Pfl\u00fcgner","Gesch\u00e4tzte Lesezeit":"3\u00a0Minuten"},"schema":{"@context":"https:\/\/schema.org","@graph":[{"@type":"WebPage","@id":"https:\/\/www.proholzlandwald.de\/bi\/das-holzland-fuehlen-auf-unserem-neuen-barfusspfad\/","url":"https:\/\/www.proholzlandwald.de\/bi\/das-holzland-fuehlen-auf-unserem-neuen-barfusspfad\/","name":"Das Holzland f\u00fchlen auf unserem neuen Barfu\u00dfpfad - ProHolzlandwald.de","isPartOf":{"@id":"https:\/\/www.proholzlandwald.de\/bi\/#website"},"primaryImageOfPage":{"@id":"https:\/\/www.proholzlandwald.de\/bi\/das-holzland-fuehlen-auf-unserem-neuen-barfusspfad\/#primaryimage"},"image":{"@id":"https:\/\/www.proholzlandwald.de\/bi\/das-holzland-fuehlen-auf-unserem-neuen-barfusspfad\/#primaryimage"},"thumbnailUrl":"https:\/\/www.proholzlandwald.de\/bi\/wp-content\/uploads\/2025\/10\/9.jpg","datePublished":"2025-10-26T16:22:45+00:00","dateModified":"2025-10-27T18:22:33+00:00","author":{"@id":"https:\/\/www.proholzlandwald.de\/bi\/#\/schema\/person\/cd5f9c7e94d039b01b70c54b2610c0cd"},"breadcrumb":{"@id":"https:\/\/www.proholzlandwald.de\/bi\/das-holzland-fuehlen-auf-unserem-neuen-barfusspfad\/#breadcrumb"},"inLanguage":"de","potentialAction":[{"@type":"ReadAction","target":["https:\/\/www.proholzlandwald.de\/bi\/das-holzland-fuehlen-auf-unserem-neuen-barfusspfad\/"]}]},{"@type":"ImageObject","inLanguage":"de","@id":"https:\/\/www.proholzlandwald.de\/bi\/das-holzland-fuehlen-auf-unserem-neuen-barfusspfad\/#primaryimage","url":"https:\/\/www.proholzlandwald.de\/bi\/wp-content\/uploads\/2025\/10\/9.jpg","contentUrl":"https:\/\/www.proholzlandwald.de\/bi\/wp-content\/uploads\/2025\/10\/9.jpg","width":1024,"height":768},{"@type":"BreadcrumbList","@id":"https:\/\/www.proholzlandwald.de\/bi\/das-holzland-fuehlen-auf-unserem-neuen-barfusspfad\/#breadcrumb","itemListElement":[{"@type":"ListItem","position":1,"name":"Startseite","item":"https:\/\/www.proholzlandwald.de\/bi\/startseite-2\/"},{"@type":"ListItem","position":2,"name":"Das Holzland f\u00fchlen auf unserem neuen Barfu\u00dfpfad"}]},{"@type":"WebSite","@id":"https:\/\/www.proholzlandwald.de\/bi\/#website","url":"https:\/\/www.proholzlandwald.de\/bi\/","name":"ProHolzlandwald.de","description":"B\u00fcrgerinitiative ProHolzlandwald","potentialAction":[{"@type":"SearchAction","target":{"@type":"EntryPoint","urlTemplate":"https:\/\/www.proholzlandwald.de\/bi\/?s={search_term_string}"},"query-input":"required name=search_term_string"}],"inLanguage":"de"},{"@type":"Person","@id":"https:\/\/www.proholzlandwald.de\/bi\/#\/schema\/person\/cd5f9c7e94d039b01b70c54b2610c0cd","name":"Michael Pfl\u00fcgner","url":"https:\/\/www.proholzlandwald.de\/bi\/author\/mp\/"}]}},"_links":{"self":[{"href":"https:\/\/www.proholzlandwald.de\/bi\/wp-json\/wp\/v2\/posts\/2732"}],"collection":[{"href":"https:\/\/www.proholzlandwald.de\/bi\/wp-json\/wp\/v2\/posts"}],"about":[{"href":"https:\/\/www.proholzlandwald.de\/bi\/wp-json\/wp\/v2\/types\/post"}],"author":[{"embeddable":true,"href":"https:\/\/www.proholzlandwald.de\/bi\/wp-json\/wp\/v2\/users\/4"}],"replies":[{"embeddable":true,"href":"https:\/\/www.proholzlandwald.de\/bi\/wp-json\/wp\/v2\/comments?post=2732"}],"version-history":[{"count":4,"href":"https:\/\/www.proholzlandwald.de\/bi\/wp-json\/wp\/v2\/posts\/2732\/revisions"}],"predecessor-version":[{"id":2756,"href":"https:\/\/www.proholzlandwald.de\/bi\/wp-json\/wp\/v2\/posts\/2732\/revisions\/2756"}],"wp:featuredmedia":[{"embeddable":true,"href":"https:\/\/www.proholzlandwald.de\/bi\/wp-json\/wp\/v2\/media\/2752"}],"wp:attachment":[{"href":"https:\/\/www.proholzlandwald.de\/bi\/wp-json\/wp\/v2\/media?parent=2732"}],"wp:term":[{"taxonomy":"category","embeddable":true,"href":"https:\/\/www.proholzlandwald.de\/bi\/wp-json\/wp\/v2\/categories?post=2732"},{"taxonomy":"post_tag","embeddable":true,"href":"https:\/\/www.proholzlandwald.de\/bi\/wp-json\/wp\/v2\/tags?post=2732"}],"curies":[{"name":"wp","href":"https:\/\/api.w.org\/{rel}","templated":true}]}}