{"id":2760,"date":"2026-04-27T10:49:03","date_gmt":"2026-04-27T08:49:03","guid":{"rendered":"https:\/\/www.proholzlandwald.de\/bi\/?p=2760"},"modified":"2026-04-27T10:49:03","modified_gmt":"2026-04-27T08:49:03","slug":"mitgliederversammlung-und-vorstandswahl","status":"publish","type":"post","link":"https:\/\/www.proholzlandwald.de\/bi\/mitgliederversammlung-und-vorstandswahl\/","title":{"rendered":"Mitgliederversammlung und Vorstandswahl"},"content":{"rendered":"<p>Am 21. April 2026 fand die <strong>Mitgliederversammlung unseres Vereins<\/strong> und die Wahl des neuen Vorstandes statt.<\/p>\n<p>Unser Vorsitzender Volkhardt legte im <strong>Rechenschaftsberich<\/strong>t sowohl dar, wie die aktuelle politische Situation im Ausbau der erneuerbaren Energien ist, als auch, welche Aktivit\u00e4ten unser Verein in der Wahlperiode durchgef\u00fchrt hatte. Der <strong>Finanzbericht<\/strong> unserer Schatzmeisterin Sylke Jander wurde durch die Rechnungspr\u00fcfer vollumf\u00e4nglich best\u00e4tigt. <strong>Dem bisherigen Vorstand wurde f\u00fcr seine Arbeit gedankt und entlastet.<\/strong><\/p>\n<p>Der <strong>neue Vorstand wurde einstimmig (wieder) gew\u00e4hlt.<\/strong> Alter und neuer Vorsitzender ist <strong>Volkhardt Pirl,<\/strong> Stellvertreter <strong>Uwe Riedel<\/strong>, Kassenf\u00fchrer <strong>Sylke Jander<\/strong>, Schriftf\u00fchrer <strong>Elke Pirl<\/strong> und Beisitzer <strong>Andr\u00e9 Zaenker<\/strong>. Als Kassenpr\u00fcfer des Vereins wurden Esther Gr\u00e4fe und Heino Schnabel gew\u00e4hlt.<\/p>\n<p>Wir w\u00fcnschen allen Gew\u00e4hlten eine erfolgreiche Arbeit, mit Unterst\u00fctzung der Vereinsmitglieder bei der Umsetzung der zahlreichen weiteren Vorhaben.<\/p>\n<p><strong>Nat\u00fcrlich bleiben wir wachsam, um ein Aufstellen von Windr\u00e4dern in unserem Holzlandwald zu verhindern.<\/strong><\/p>\n<p>Im Auftrag des Vorstandes<\/p>\n<p>Michael Pfl\u00fcgner<\/p>\n","protected":false},"excerpt":{"rendered":"<p>Am 21. April 2026 fand die Mitgliederversammlung unseres Vereins und die Wahl des neuen Vorstandes statt. Unser Vorsitzender Volkhardt legte im Rechenschaftsbericht sowohl dar, wie die aktuelle politische Situation im Ausbau der erneuerbaren Energien ist, als auch, welche Aktivit\u00e4ten unser Verein in der Wahlperiode durchgef\u00fchrt hatte. Der Finanzbericht unserer Schatzmeisterin Sylke Jander wurde durch die [&hellip;]<\/p>\n","protected":false},"author":4,"featured_media":2765,"comment_status":"closed","ping_status":"open","sticky":false,"template":"","format":"standard","meta":{"footnotes":""},"categories":[1,11,19],"tags":[4,10,198,190],"yoast_head":"<!-- This site is optimized with the Yoast SEO plugin v22.3 - https:\/\/yoast.com\/wordpress\/plugins\/seo\/ -->\n<title>Mitgliederversammlung und Vorstandswahl - ProHolzlandwald.de<\/title>\n<meta name=\"robots\" content=\"index, follow, max-snippet:-1, max-image-preview:large, max-video-preview:-1\" \/>\n<link rel=\"canonical\" href=\"https:\/\/www.proholzlandwald.de\/bi\/mitgliederversammlung-und-vorstandswahl\/\" \/>\n<meta property=\"og:locale\" content=\"de_DE\" \/>\n<meta property=\"og:type\" content=\"article\" \/>\n<meta property=\"og:title\" content=\"Mitgliederversammlung und Vorstandswahl - ProHolzlandwald.de\" \/>\n<meta property=\"og:description\" content=\"Am 21. April 2026 fand die Mitgliederversammlung unseres Vereins und die Wahl des neuen Vorstandes statt. Unser Vorsitzender Volkhardt legte im Rechenschaftsbericht sowohl dar, wie die aktuelle politische Situation im Ausbau der erneuerbaren Energien ist, als auch, welche Aktivit\u00e4ten unser Verein in der Wahlperiode durchgef\u00fchrt hatte. Der Finanzbericht unserer Schatzmeisterin Sylke Jander wurde durch die [&hellip;]\" \/>\n<meta property=\"og:url\" content=\"https:\/\/www.proholzlandwald.de\/bi\/mitgliederversammlung-und-vorstandswahl\/\" \/>\n<meta property=\"og:site_name\" content=\"ProHolzlandwald.de\" \/>\n<meta property=\"article:published_time\" content=\"2026-04-27T08:49:03+00:00\" \/>\n<meta property=\"og:image\" content=\"http:\/\/www.proholzlandwald.de\/bi\/wp-content\/uploads\/2026\/04\/Vorstand2026-3.jpeg\" \/>\n\t<meta property=\"og:image:width\" content=\"1600\" \/>\n\t<meta property=\"og:image:height\" content=\"847\" \/>\n\t<meta property=\"og:image:type\" content=\"image\/jpeg\" \/>\n<meta name=\"author\" content=\"Michael Pfl\u00fcgner\" \/>\n<meta name=\"twitter:card\" content=\"summary_large_image\" \/>\n<meta name=\"twitter:label1\" content=\"Verfasst von\" \/>\n\t<meta name=\"twitter:data1\" content=\"Michael Pfl\u00fcgner\" \/>\n<script type=\"application\/ld+json\" class=\"yoast-schema-graph\">{\"@context\":\"https:\/\/schema.org\",\"@graph\":[{\"@type\":\"WebPage\",\"@id\":\"https:\/\/www.proholzlandwald.de\/bi\/mitgliederversammlung-und-vorstandswahl\/\",\"url\":\"https:\/\/www.proholzlandwald.de\/bi\/mitgliederversammlung-und-vorstandswahl\/\",\"name\":\"Mitgliederversammlung und Vorstandswahl - ProHolzlandwald.de\",\"isPartOf\":{\"@id\":\"https:\/\/www.proholzlandwald.de\/bi\/#website\"},\"primaryImageOfPage\":{\"@id\":\"https:\/\/www.proholzlandwald.de\/bi\/mitgliederversammlung-und-vorstandswahl\/#primaryimage\"},\"image\":{\"@id\":\"https:\/\/www.proholzlandwald.de\/bi\/mitgliederversammlung-und-vorstandswahl\/#primaryimage\"},\"thumbnailUrl\":\"https:\/\/www.proholzlandwald.de\/bi\/wp-content\/uploads\/2026\/04\/Vorstand2026-3.jpeg\",\"datePublished\":\"2026-04-27T08:49:03+00:00\",\"dateModified\":\"2026-04-27T08:49:03+00:00\",\"author\":{\"@id\":\"https:\/\/www.proholzlandwald.de\/bi\/#\/schema\/person\/cd5f9c7e94d039b01b70c54b2610c0cd\"},\"breadcrumb\":{\"@id\":\"https:\/\/www.proholzlandwald.de\/bi\/mitgliederversammlung-und-vorstandswahl\/#breadcrumb\"},\"inLanguage\":\"de\",\"potentialAction\":[{\"@type\":\"ReadAction\",\"target\":[\"https:\/\/www.proholzlandwald.de\/bi\/mitgliederversammlung-und-vorstandswahl\/\"]}]},{\"@type\":\"ImageObject\",\"inLanguage\":\"de\",\"@id\":\"https:\/\/www.proholzlandwald.de\/bi\/mitgliederversammlung-und-vorstandswahl\/#primaryimage\",\"url\":\"https:\/\/www.proholzlandwald.de\/bi\/wp-content\/uploads\/2026\/04\/Vorstand2026-3.jpeg\",\"contentUrl\":\"https:\/\/www.proholzlandwald.de\/bi\/wp-content\/uploads\/2026\/04\/Vorstand2026-3.jpeg\",\"width\":1600,\"height\":847},{\"@type\":\"BreadcrumbList\",\"@id\":\"https:\/\/www.proholzlandwald.de\/bi\/mitgliederversammlung-und-vorstandswahl\/#breadcrumb\",\"itemListElement\":[{\"@type\":\"ListItem\",\"position\":1,\"name\":\"Startseite\",\"item\":\"https:\/\/www.proholzlandwald.de\/bi\/startseite-2\/\"},{\"@type\":\"ListItem\",\"position\":2,\"name\":\"Mitgliederversammlung und Vorstandswahl\"}]},{\"@type\":\"WebSite\",\"@id\":\"https:\/\/www.proholzlandwald.de\/bi\/#website\",\"url\":\"https:\/\/www.proholzlandwald.de\/bi\/\",\"name\":\"ProHolzlandwald.de\",\"description\":\"B\u00fcrgerinitiative ProHolzlandwald\",\"potentialAction\":[{\"@type\":\"SearchAction\",\"target\":{\"@type\":\"EntryPoint\",\"urlTemplate\":\"https:\/\/www.proholzlandwald.de\/bi\/?s={search_term_string}\"},\"query-input\":\"required name=search_term_string\"}],\"inLanguage\":\"de\"},{\"@type\":\"Person\",\"@id\":\"https:\/\/www.proholzlandwald.de\/bi\/#\/schema\/person\/cd5f9c7e94d039b01b70c54b2610c0cd\",\"name\":\"Michael Pfl\u00fcgner\",\"url\":\"https:\/\/www.proholzlandwald.de\/bi\/author\/mp\/\"}]}<\/script>\n<!-- \/ Yoast SEO plugin. -->","yoast_head_json":{"title":"Mitgliederversammlung und Vorstandswahl - ProHolzlandwald.de","robots":{"index":"index","follow":"follow","max-snippet":"max-snippet:-1","max-image-preview":"max-image-preview:large","max-video-preview":"max-video-preview:-1"},"canonical":"https:\/\/www.proholzlandwald.de\/bi\/mitgliederversammlung-und-vorstandswahl\/","og_locale":"de_DE","og_type":"article","og_title":"Mitgliederversammlung und Vorstandswahl - ProHolzlandwald.de","og_description":"Am 21. April 2026 fand die Mitgliederversammlung unseres Vereins und die Wahl des neuen Vorstandes statt. Unser Vorsitzender Volkhardt legte im Rechenschaftsbericht sowohl dar, wie die aktuelle politische Situation im Ausbau der erneuerbaren Energien ist, als auch, welche Aktivit\u00e4ten unser Verein in der Wahlperiode durchgef\u00fchrt hatte. Der Finanzbericht unserer Schatzmeisterin Sylke Jander wurde durch die [&hellip;]","og_url":"https:\/\/www.proholzlandwald.de\/bi\/mitgliederversammlung-und-vorstandswahl\/","og_site_name":"ProHolzlandwald.de","article_published_time":"2026-04-27T08:49:03+00:00","og_image":[{"width":1600,"height":847,"url":"http:\/\/www.proholzlandwald.de\/bi\/wp-content\/uploads\/2026\/04\/Vorstand2026-3.jpeg","type":"image\/jpeg"}],"author":"Michael Pfl\u00fcgner","twitter_card":"summary_large_image","twitter_misc":{"Verfasst von":"Michael Pfl\u00fcgner"},"schema":{"@context":"https:\/\/schema.org","@graph":[{"@type":"WebPage","@id":"https:\/\/www.proholzlandwald.de\/bi\/mitgliederversammlung-und-vorstandswahl\/","url":"https:\/\/www.proholzlandwald.de\/bi\/mitgliederversammlung-und-vorstandswahl\/","name":"Mitgliederversammlung und Vorstandswahl - ProHolzlandwald.de","isPartOf":{"@id":"https:\/\/www.proholzlandwald.de\/bi\/#website"},"primaryImageOfPage":{"@id":"https:\/\/www.proholzlandwald.de\/bi\/mitgliederversammlung-und-vorstandswahl\/#primaryimage"},"image":{"@id":"https:\/\/www.proholzlandwald.de\/bi\/mitgliederversammlung-und-vorstandswahl\/#primaryimage"},"thumbnailUrl":"https:\/\/www.proholzlandwald.de\/bi\/wp-content\/uploads\/2026\/04\/Vorstand2026-3.jpeg","datePublished":"2026-04-27T08:49:03+00:00","dateModified":"2026-04-27T08:49:03+00:00","author":{"@id":"https:\/\/www.proholzlandwald.de\/bi\/#\/schema\/person\/cd5f9c7e94d039b01b70c54b2610c0cd"},"breadcrumb":{"@id":"https:\/\/www.proholzlandwald.de\/bi\/mitgliederversammlung-und-vorstandswahl\/#breadcrumb"},"inLanguage":"de","potentialAction":[{"@type":"ReadAction","target":["https:\/\/www.proholzlandwald.de\/bi\/mitgliederversammlung-und-vorstandswahl\/"]}]},{"@type":"ImageObject","inLanguage":"de","@id":"https:\/\/www.proholzlandwald.de\/bi\/mitgliederversammlung-und-vorstandswahl\/#primaryimage","url":"https:\/\/www.proholzlandwald.de\/bi\/wp-content\/uploads\/2026\/04\/Vorstand2026-3.jpeg","contentUrl":"https:\/\/www.proholzlandwald.de\/bi\/wp-content\/uploads\/2026\/04\/Vorstand2026-3.jpeg","width":1600,"height":847},{"@type":"BreadcrumbList","@id":"https:\/\/www.proholzlandwald.de\/bi\/mitgliederversammlung-und-vorstandswahl\/#breadcrumb","itemListElement":[{"@type":"ListItem","position":1,"name":"Startseite","item":"https:\/\/www.proholzlandwald.de\/bi\/startseite-2\/"},{"@type":"ListItem","position":2,"name":"Mitgliederversammlung und Vorstandswahl"}]},{"@type":"WebSite","@id":"https:\/\/www.proholzlandwald.de\/bi\/#website","url":"https:\/\/www.proholzlandwald.de\/bi\/","name":"ProHolzlandwald.de","description":"B\u00fcrgerinitiative ProHolzlandwald","potentialAction":[{"@type":"SearchAction","target":{"@type":"EntryPoint","urlTemplate":"https:\/\/www.proholzlandwald.de\/bi\/?s={search_term_string}"},"query-input":"required name=search_term_string"}],"inLanguage":"de"},{"@type":"Person","@id":"https:\/\/www.proholzlandwald.de\/bi\/#\/schema\/person\/cd5f9c7e94d039b01b70c54b2610c0cd","name":"Michael Pfl\u00fcgner","url":"https:\/\/www.proholzlandwald.de\/bi\/author\/mp\/"}]}},"_links":{"self":[{"href":"https:\/\/www.proholzlandwald.de\/bi\/wp-json\/wp\/v2\/posts\/2760"}],"collection":[{"href":"https:\/\/www.proholzlandwald.de\/bi\/wp-json\/wp\/v2\/posts"}],"about":[{"href":"https:\/\/www.proholzlandwald.de\/bi\/wp-json\/wp\/v2\/types\/post"}],"author":[{"embeddable":true,"href":"https:\/\/www.proholzlandwald.de\/bi\/wp-json\/wp\/v2\/users\/4"}],"replies":[{"embeddable":true,"href":"https:\/\/www.proholzlandwald.de\/bi\/wp-json\/wp\/v2\/comments?post=2760"}],"version-history":[{"count":2,"href":"https:\/\/www.proholzlandwald.de\/bi\/wp-json\/wp\/v2\/posts\/2760\/revisions"}],"predecessor-version":[{"id":2766,"href":"https:\/\/www.proholzlandwald.de\/bi\/wp-json\/wp\/v2\/posts\/2760\/revisions\/2766"}],"wp:featuredmedia":[{"embeddable":true,"href":"https:\/\/www.proholzlandwald.de\/bi\/wp-json\/wp\/v2\/media\/2765"}],"wp:attachment":[{"href":"https:\/\/www.proholzlandwald.de\/bi\/wp-json\/wp\/v2\/media?parent=2760"}],"wp:term":[{"taxonomy":"category","embeddable":true,"href":"https:\/\/www.proholzlandwald.de\/bi\/wp-json\/wp\/v2\/categories?post=2760"},{"taxonomy":"post_tag","embeddable":true,"href":"https:\/\/www.proholzlandwald.de\/bi\/wp-json\/wp\/v2\/tags?post=2760"}],"curies":[{"name":"wp","href":"https:\/\/api.w.org\/{rel}","templated":true}]}}