{"id":792,"date":"2016-03-31T20:53:51","date_gmt":"2016-03-31T18:53:51","guid":{"rendered":"http:\/\/www.proholzlandwald.de\/bi\/?p=792"},"modified":"2019-04-30T21:26:52","modified_gmt":"2019-04-30T19:26:52","slug":"baumpaten","status":"publish","type":"post","link":"https:\/\/www.proholzlandwald.de\/bi\/baumpaten\/","title":{"rendered":"Baumpaten"},"content":{"rendered":"<p style=\"text-align: left;\"><strong>Unsere Baumpaten<\/strong><\/p>\n<p>Anl\u00e4sslich unseres Ostermarsches wurden durch die BI 28 B\u00e4ume gepflanzt und Baumpatenschaften \u00fcbernommen.<\/p>\n<p>Hier alle Baumpaten, (die einer Ver\u00f6ffentlichung zugestimmt haben).<\/p>\n\n<style type=\"text\/css\" data-created_by=\"avia_inline_auto\" id=\"style-css-av-bv5xc-fd939b64aae63eb96855115cf0bdf348\">\n#top .avia-gallery.av-bv5xc-fd939b64aae63eb96855115cf0bdf348 .avia-gallery-thumb a{\nwidth:20%;\n}\n<\/style>\n<div  class='avia-gallery av-bv5xc-fd939b64aae63eb96855115cf0bdf348 avia_animate_when_visible  avia-builder-el-0  avia-builder-el-no-sibling  avia_lazyload av-slideshow-ui av-loop-manual-endless av-control-hidden av-navigate-arrows av-navigate-dots hover-effect av-control-hidden avia-gallery-animate avia-gallery-1'  itemprop=\"image\" itemscope=\"itemscope\" itemtype=\"https:\/\/schema.org\/ImageObject\" ><meta itemprop=\"contentURL\" content=\"https:\/\/www.proholzlandwald.de\/bi\/baumpaten\/\"><a class='avia-gallery-big fakeLightbox lightbox avia-gallery-big-crop-thumb ' href=\"https:\/\/www.proholzlandwald.de\/bi\/wp-content\/uploads\/2016\/03\/\u00dcbersicht-der-Baumpaten-1013x1030.jpg\" data-srcset=\"https:\/\/www.proholzlandwald.de\/bi\/wp-content\/uploads\/2016\/03\/\u00dcbersicht-der-Baumpaten-1013x1030.jpg 1013w, https:\/\/www.proholzlandwald.de\/bi\/wp-content\/uploads\/2016\/03\/\u00dcbersicht-der-Baumpaten-80x80.jpg 80w, https:\/\/www.proholzlandwald.de\/bi\/wp-content\/uploads\/2016\/03\/\u00dcbersicht-der-Baumpaten-295x300.jpg 295w, https:\/\/www.proholzlandwald.de\/bi\/wp-content\/uploads\/2016\/03\/\u00dcbersicht-der-Baumpaten-768x781.jpg 768w, https:\/\/www.proholzlandwald.de\/bi\/wp-content\/uploads\/2016\/03\/\u00dcbersicht-der-Baumpaten-36x36.jpg 36w, https:\/\/www.proholzlandwald.de\/bi\/wp-content\/uploads\/2016\/03\/\u00dcbersicht-der-Baumpaten-693x705.jpg 693w, https:\/\/www.proholzlandwald.de\/bi\/wp-content\/uploads\/2016\/03\/\u00dcbersicht-der-Baumpaten-450x457.jpg 450w, https:\/\/www.proholzlandwald.de\/bi\/wp-content\/uploads\/2016\/03\/\u00dcbersicht-der-Baumpaten.jpg 1024w\" data-sizes=\"(max-width: 1013px) 100vw, 1013px\"  data-onclick='1' title='&#039;\u00dcbersicht der Baumpaten' ><span class='avia-gallery-big-inner'  itemprop=\"thumbnailUrl\" ><img decoding=\"async\" fetchpriority=\"high\" class=\"wp-image-816 avia-img-lazy-loading-not-816\"  width=\"495\" height=\"400\" src=\"https:\/\/www.proholzlandwald.de\/bi\/wp-content\/uploads\/2016\/03\/\u00dcbersicht-der-Baumpaten-495x400.jpg\" title='&#039;\u00dcbersicht der Baumpaten' alt='' srcset=\"https:\/\/www.proholzlandwald.de\/bi\/wp-content\/uploads\/2016\/03\/\u00dcbersicht-der-Baumpaten-495x400.jpg 495w, https:\/\/www.proholzlandwald.de\/bi\/wp-content\/uploads\/2016\/03\/\u00dcbersicht-der-Baumpaten-845x684.jpg 845w\" sizes=\"(max-width: 495px) 100vw, 495px\" \/><\/span><\/a><div class='avia-gallery-thumb'><a href=\"https:\/\/www.proholzlandwald.de\/bi\/wp-content\/uploads\/2016\/03\/\u00dcbersicht-der-Baumpaten-1013x1030.jpg\" data-srcset=\"https:\/\/www.proholzlandwald.de\/bi\/wp-content\/uploads\/2016\/03\/\u00dcbersicht-der-Baumpaten-1013x1030.jpg 1013w, https:\/\/www.proholzlandwald.de\/bi\/wp-content\/uploads\/2016\/03\/\u00dcbersicht-der-Baumpaten-80x80.jpg 80w, https:\/\/www.proholzlandwald.de\/bi\/wp-content\/uploads\/2016\/03\/\u00dcbersicht-der-Baumpaten-295x300.jpg 295w, https:\/\/www.proholzlandwald.de\/bi\/wp-content\/uploads\/2016\/03\/\u00dcbersicht-der-Baumpaten-768x781.jpg 768w, https:\/\/www.proholzlandwald.de\/bi\/wp-content\/uploads\/2016\/03\/\u00dcbersicht-der-Baumpaten-36x36.jpg 36w, https:\/\/www.proholzlandwald.de\/bi\/wp-content\/uploads\/2016\/03\/\u00dcbersicht-der-Baumpaten-693x705.jpg 693w, https:\/\/www.proholzlandwald.de\/bi\/wp-content\/uploads\/2016\/03\/\u00dcbersicht-der-Baumpaten-450x457.jpg 450w, https:\/\/www.proholzlandwald.de\/bi\/wp-content\/uploads\/2016\/03\/\u00dcbersicht-der-Baumpaten.jpg 1024w\" data-sizes=\"(max-width: 1013px) 100vw, 1013px\" data-rel='gallery-1' data-prev-img='https:\/\/www.proholzlandwald.de\/bi\/wp-content\/uploads\/2016\/03\/\u00dcbersicht-der-Baumpaten-495x400.jpg' class='first_thumb lightbox ' data-onclick='1' title='&#039;\u00dcbersicht der Baumpaten'  itemprop=\"thumbnailUrl\"  ><img decoding=\"async\" fetchpriority=\"high\" class=\"wp-image-816 avia-img-lazy-loading-not-816\"   src=\"https:\/\/www.proholzlandwald.de\/bi\/wp-content\/uploads\/2016\/03\/\u00dcbersicht-der-Baumpaten-495x400.jpg\" width=\"495\" height=\"400\"  title='&#039;\u00dcbersicht der Baumpaten' alt='' srcset=\"https:\/\/www.proholzlandwald.de\/bi\/wp-content\/uploads\/2016\/03\/\u00dcbersicht-der-Baumpaten-495x400.jpg 495w, https:\/\/www.proholzlandwald.de\/bi\/wp-content\/uploads\/2016\/03\/\u00dcbersicht-der-Baumpaten-845x684.jpg 845w\" sizes=\"(max-width: 495px) 100vw, 495px\" \/><div class='big-prev-fake'><img decoding=\"async\" loading=\"lazy\" class=\"wp-image-816 avia-img-lazy-loading-816\"  width=\"495\" height=\"400\" src=\"https:\/\/www.proholzlandwald.de\/bi\/wp-content\/uploads\/2016\/03\/\u00dcbersicht-der-Baumpaten-495x400.jpg\" title='&#039;\u00dcbersicht der Baumpaten' alt='' srcset=\"https:\/\/www.proholzlandwald.de\/bi\/wp-content\/uploads\/2016\/03\/\u00dcbersicht-der-Baumpaten-495x400.jpg 495w, https:\/\/www.proholzlandwald.de\/bi\/wp-content\/uploads\/2016\/03\/\u00dcbersicht-der-Baumpaten-845x684.jpg 845w\" sizes=\"(max-width: 495px) 100vw, 495px\" \/><\/div><\/a><a href=\"https:\/\/www.proholzlandwald.de\/bi\/wp-content\/uploads\/2016\/03\/28Huschka-773x1030.jpg\" data-srcset=\"https:\/\/www.proholzlandwald.de\/bi\/wp-content\/uploads\/2016\/03\/28Huschka-773x1030.jpg 773w, https:\/\/www.proholzlandwald.de\/bi\/wp-content\/uploads\/2016\/03\/28Huschka-225x300.jpg 225w, https:\/\/www.proholzlandwald.de\/bi\/wp-content\/uploads\/2016\/03\/28Huschka-768x1024.jpg 768w, https:\/\/www.proholzlandwald.de\/bi\/wp-content\/uploads\/2016\/03\/28Huschka-529x705.jpg 529w, https:\/\/www.proholzlandwald.de\/bi\/wp-content\/uploads\/2016\/03\/28Huschka-450x600.jpg 450w, https:\/\/www.proholzlandwald.de\/bi\/wp-content\/uploads\/2016\/03\/28Huschka.jpg 1024w\" data-sizes=\"(max-width: 773px) 100vw, 773px\" data-rel='gallery-1' data-prev-img='https:\/\/www.proholzlandwald.de\/bi\/wp-content\/uploads\/2016\/03\/28Huschka-495x400.jpg' class='lightbox ' data-onclick='2' title='28Huschka'  itemprop=\"thumbnailUrl\"  ><img decoding=\"async\" fetchpriority=\"high\" class=\"wp-image-814 avia-img-lazy-loading-not-814\"   src=\"https:\/\/www.proholzlandwald.de\/bi\/wp-content\/uploads\/2016\/03\/28Huschka-495x400.jpg\" width=\"495\" height=\"400\"  title='28Huschka' alt='' srcset=\"https:\/\/www.proholzlandwald.de\/bi\/wp-content\/uploads\/2016\/03\/28Huschka-495x400.jpg 495w, https:\/\/www.proholzlandwald.de\/bi\/wp-content\/uploads\/2016\/03\/28Huschka-845x684.jpg 845w\" sizes=\"(max-width: 495px) 100vw, 495px\" \/><div class='big-prev-fake'><img decoding=\"async\" loading=\"lazy\" class=\"wp-image-814 avia-img-lazy-loading-814\"  width=\"495\" height=\"400\" src=\"https:\/\/www.proholzlandwald.de\/bi\/wp-content\/uploads\/2016\/03\/28Huschka-495x400.jpg\" title='28Huschka' alt='' srcset=\"https:\/\/www.proholzlandwald.de\/bi\/wp-content\/uploads\/2016\/03\/28Huschka-495x400.jpg 495w, https:\/\/www.proholzlandwald.de\/bi\/wp-content\/uploads\/2016\/03\/28Huschka-845x684.jpg 845w\" sizes=\"(max-width: 495px) 100vw, 495px\" \/><\/div><\/a><a href=\"https:\/\/www.proholzlandwald.de\/bi\/wp-content\/uploads\/2016\/03\/25Dr.Unger_-773x1030.jpg\" data-srcset=\"https:\/\/www.proholzlandwald.de\/bi\/wp-content\/uploads\/2016\/03\/25Dr.Unger_-773x1030.jpg 773w, https:\/\/www.proholzlandwald.de\/bi\/wp-content\/uploads\/2016\/03\/25Dr.Unger_-225x300.jpg 225w, https:\/\/www.proholzlandwald.de\/bi\/wp-content\/uploads\/2016\/03\/25Dr.Unger_-768x1024.jpg 768w, https:\/\/www.proholzlandwald.de\/bi\/wp-content\/uploads\/2016\/03\/25Dr.Unger_-529x705.jpg 529w, https:\/\/www.proholzlandwald.de\/bi\/wp-content\/uploads\/2016\/03\/25Dr.Unger_-450x600.jpg 450w, https:\/\/www.proholzlandwald.de\/bi\/wp-content\/uploads\/2016\/03\/25Dr.Unger_.jpg 1024w\" data-sizes=\"(max-width: 773px) 100vw, 773px\" data-rel='gallery-1' data-prev-img='https:\/\/www.proholzlandwald.de\/bi\/wp-content\/uploads\/2016\/03\/25Dr.Unger_-495x400.jpg' class='lightbox ' data-onclick='3' title='25Dr.Unger'  itemprop=\"thumbnailUrl\"  ><img decoding=\"async\" fetchpriority=\"high\" class=\"wp-image-813 avia-img-lazy-loading-not-813\"   src=\"https:\/\/www.proholzlandwald.de\/bi\/wp-content\/uploads\/2016\/03\/25Dr.Unger_-495x400.jpg\" width=\"495\" height=\"400\"  title='25Dr.Unger' alt='' srcset=\"https:\/\/www.proholzlandwald.de\/bi\/wp-content\/uploads\/2016\/03\/25Dr.Unger_-495x400.jpg 495w, https:\/\/www.proholzlandwald.de\/bi\/wp-content\/uploads\/2016\/03\/25Dr.Unger_-845x684.jpg 845w\" sizes=\"(max-width: 495px) 100vw, 495px\" \/><div class='big-prev-fake'><img decoding=\"async\" loading=\"lazy\" class=\"wp-image-813 avia-img-lazy-loading-813\"  width=\"495\" height=\"400\" src=\"https:\/\/www.proholzlandwald.de\/bi\/wp-content\/uploads\/2016\/03\/25Dr.Unger_-495x400.jpg\" title='25Dr.Unger' alt='' srcset=\"https:\/\/www.proholzlandwald.de\/bi\/wp-content\/uploads\/2016\/03\/25Dr.Unger_-495x400.jpg 495w, https:\/\/www.proholzlandwald.de\/bi\/wp-content\/uploads\/2016\/03\/25Dr.Unger_-845x684.jpg 845w\" sizes=\"(max-width: 495px) 100vw, 495px\" \/><\/div><\/a><a href=\"https:\/\/www.proholzlandwald.de\/bi\/wp-content\/uploads\/2016\/03\/23Briese.jpg\" data-srcset=\"https:\/\/www.proholzlandwald.de\/bi\/wp-content\/uploads\/2016\/03\/23Briese.jpg 1024w, https:\/\/www.proholzlandwald.de\/bi\/wp-content\/uploads\/2016\/03\/23Briese-300x225.jpg 300w, https:\/\/www.proholzlandwald.de\/bi\/wp-content\/uploads\/2016\/03\/23Briese-768x576.jpg 768w, https:\/\/www.proholzlandwald.de\/bi\/wp-content\/uploads\/2016\/03\/23Briese-705x529.jpg 705w, https:\/\/www.proholzlandwald.de\/bi\/wp-content\/uploads\/2016\/03\/23Briese-450x338.jpg 450w\" data-sizes=\"(max-width: 1024px) 100vw, 1024px\" data-rel='gallery-1' data-prev-img='https:\/\/www.proholzlandwald.de\/bi\/wp-content\/uploads\/2016\/03\/23Briese-495x400.jpg' class='lightbox ' data-onclick='4' title='23Briese'  itemprop=\"thumbnailUrl\"  ><img decoding=\"async\" fetchpriority=\"high\" class=\"wp-image-812 avia-img-lazy-loading-not-812\"   src=\"https:\/\/www.proholzlandwald.de\/bi\/wp-content\/uploads\/2016\/03\/23Briese-495x400.jpg\" width=\"495\" height=\"400\"  title='23Briese' alt='' srcset=\"https:\/\/www.proholzlandwald.de\/bi\/wp-content\/uploads\/2016\/03\/23Briese-495x400.jpg 495w, https:\/\/www.proholzlandwald.de\/bi\/wp-content\/uploads\/2016\/03\/23Briese-845x684.jpg 845w\" sizes=\"(max-width: 495px) 100vw, 495px\" \/><div class='big-prev-fake'><img decoding=\"async\" loading=\"lazy\" class=\"wp-image-812 avia-img-lazy-loading-812\"  width=\"495\" height=\"400\" src=\"https:\/\/www.proholzlandwald.de\/bi\/wp-content\/uploads\/2016\/03\/23Briese-495x400.jpg\" title='23Briese' alt='' srcset=\"https:\/\/www.proholzlandwald.de\/bi\/wp-content\/uploads\/2016\/03\/23Briese-495x400.jpg 495w, https:\/\/www.proholzlandwald.de\/bi\/wp-content\/uploads\/2016\/03\/23Briese-845x684.jpg 845w\" sizes=\"(max-width: 495px) 100vw, 495px\" \/><\/div><\/a><a href=\"https:\/\/www.proholzlandwald.de\/bi\/wp-content\/uploads\/2016\/03\/22Arnold-773x1030.jpg\" data-srcset=\"https:\/\/www.proholzlandwald.de\/bi\/wp-content\/uploads\/2016\/03\/22Arnold-773x1030.jpg 773w, https:\/\/www.proholzlandwald.de\/bi\/wp-content\/uploads\/2016\/03\/22Arnold-225x300.jpg 225w, https:\/\/www.proholzlandwald.de\/bi\/wp-content\/uploads\/2016\/03\/22Arnold-768x1024.jpg 768w, https:\/\/www.proholzlandwald.de\/bi\/wp-content\/uploads\/2016\/03\/22Arnold-529x705.jpg 529w, https:\/\/www.proholzlandwald.de\/bi\/wp-content\/uploads\/2016\/03\/22Arnold-450x600.jpg 450w, https:\/\/www.proholzlandwald.de\/bi\/wp-content\/uploads\/2016\/03\/22Arnold.jpg 1024w\" data-sizes=\"(max-width: 773px) 100vw, 773px\" data-rel='gallery-1' data-prev-img='https:\/\/www.proholzlandwald.de\/bi\/wp-content\/uploads\/2016\/03\/22Arnold-495x400.jpg' class='lightbox ' data-onclick='5' title='22Arnold'  itemprop=\"thumbnailUrl\"  ><img decoding=\"async\" fetchpriority=\"high\" class=\"wp-image-811 avia-img-lazy-loading-not-811\"   src=\"https:\/\/www.proholzlandwald.de\/bi\/wp-content\/uploads\/2016\/03\/22Arnold-495x400.jpg\" width=\"495\" height=\"400\"  title='22Arnold' alt='' srcset=\"https:\/\/www.proholzlandwald.de\/bi\/wp-content\/uploads\/2016\/03\/22Arnold-495x400.jpg 495w, https:\/\/www.proholzlandwald.de\/bi\/wp-content\/uploads\/2016\/03\/22Arnold-845x684.jpg 845w\" sizes=\"(max-width: 495px) 100vw, 495px\" \/><div class='big-prev-fake'><img decoding=\"async\" loading=\"lazy\" class=\"wp-image-811 avia-img-lazy-loading-811\"  width=\"495\" height=\"400\" src=\"https:\/\/www.proholzlandwald.de\/bi\/wp-content\/uploads\/2016\/03\/22Arnold-495x400.jpg\" title='22Arnold' alt='' srcset=\"https:\/\/www.proholzlandwald.de\/bi\/wp-content\/uploads\/2016\/03\/22Arnold-495x400.jpg 495w, https:\/\/www.proholzlandwald.de\/bi\/wp-content\/uploads\/2016\/03\/22Arnold-845x684.jpg 845w\" sizes=\"(max-width: 495px) 100vw, 495px\" \/><\/div><\/a><a href=\"https:\/\/www.proholzlandwald.de\/bi\/wp-content\/uploads\/2016\/03\/21Pl\u00f6tner-773x1030.jpg\" data-srcset=\"https:\/\/www.proholzlandwald.de\/bi\/wp-content\/uploads\/2016\/03\/21Pl\u00f6tner-773x1030.jpg 773w, https:\/\/www.proholzlandwald.de\/bi\/wp-content\/uploads\/2016\/03\/21Pl\u00f6tner-225x300.jpg 225w, https:\/\/www.proholzlandwald.de\/bi\/wp-content\/uploads\/2016\/03\/21Pl\u00f6tner-768x1024.jpg 768w, https:\/\/www.proholzlandwald.de\/bi\/wp-content\/uploads\/2016\/03\/21Pl\u00f6tner-529x705.jpg 529w, https:\/\/www.proholzlandwald.de\/bi\/wp-content\/uploads\/2016\/03\/21Pl\u00f6tner-450x600.jpg 450w, https:\/\/www.proholzlandwald.de\/bi\/wp-content\/uploads\/2016\/03\/21Pl\u00f6tner.jpg 1024w\" data-sizes=\"(max-width: 773px) 100vw, 773px\" data-rel='gallery-1' data-prev-img='https:\/\/www.proholzlandwald.de\/bi\/wp-content\/uploads\/2016\/03\/21Pl\u00f6tner-495x400.jpg' class='first_thumb lightbox ' data-onclick='6' title='21Pl\u00f6tner'  itemprop=\"thumbnailUrl\"  ><img decoding=\"async\" fetchpriority=\"high\" class=\"wp-image-810 avia-img-lazy-loading-not-810\"   src=\"https:\/\/www.proholzlandwald.de\/bi\/wp-content\/uploads\/2016\/03\/21Pl\u00f6tner-495x400.jpg\" width=\"495\" height=\"400\"  title='21Pl\u00f6tner' alt='' srcset=\"https:\/\/www.proholzlandwald.de\/bi\/wp-content\/uploads\/2016\/03\/21Pl\u00f6tner-495x400.jpg 495w, https:\/\/www.proholzlandwald.de\/bi\/wp-content\/uploads\/2016\/03\/21Pl\u00f6tner-845x684.jpg 845w\" sizes=\"(max-width: 495px) 100vw, 495px\" \/><div class='big-prev-fake'><img decoding=\"async\" loading=\"lazy\" class=\"wp-image-810 avia-img-lazy-loading-810\"  width=\"495\" height=\"400\" src=\"https:\/\/www.proholzlandwald.de\/bi\/wp-content\/uploads\/2016\/03\/21Pl\u00f6tner-495x400.jpg\" title='21Pl\u00f6tner' alt='' srcset=\"https:\/\/www.proholzlandwald.de\/bi\/wp-content\/uploads\/2016\/03\/21Pl\u00f6tner-495x400.jpg 495w, https:\/\/www.proholzlandwald.de\/bi\/wp-content\/uploads\/2016\/03\/21Pl\u00f6tner-845x684.jpg 845w\" sizes=\"(max-width: 495px) 100vw, 495px\" \/><\/div><\/a><a href=\"https:\/\/www.proholzlandwald.de\/bi\/wp-content\/uploads\/2016\/03\/14Sch\u00f6ppe-773x1030.jpg\" data-srcset=\"https:\/\/www.proholzlandwald.de\/bi\/wp-content\/uploads\/2016\/03\/14Sch\u00f6ppe-773x1030.jpg 773w, https:\/\/www.proholzlandwald.de\/bi\/wp-content\/uploads\/2016\/03\/14Sch\u00f6ppe-225x300.jpg 225w, https:\/\/www.proholzlandwald.de\/bi\/wp-content\/uploads\/2016\/03\/14Sch\u00f6ppe-768x1024.jpg 768w, https:\/\/www.proholzlandwald.de\/bi\/wp-content\/uploads\/2016\/03\/14Sch\u00f6ppe-529x705.jpg 529w, https:\/\/www.proholzlandwald.de\/bi\/wp-content\/uploads\/2016\/03\/14Sch\u00f6ppe-450x600.jpg 450w, https:\/\/www.proholzlandwald.de\/bi\/wp-content\/uploads\/2016\/03\/14Sch\u00f6ppe.jpg 1024w\" data-sizes=\"(max-width: 773px) 100vw, 773px\" data-rel='gallery-1' data-prev-img='https:\/\/www.proholzlandwald.de\/bi\/wp-content\/uploads\/2016\/03\/14Sch\u00f6ppe-495x400.jpg' class='lightbox ' data-onclick='7' title='14Sch\u00f6ppe'  itemprop=\"thumbnailUrl\"  ><img decoding=\"async\" fetchpriority=\"high\" class=\"wp-image-804 avia-img-lazy-loading-not-804\"   src=\"https:\/\/www.proholzlandwald.de\/bi\/wp-content\/uploads\/2016\/03\/14Sch\u00f6ppe-495x400.jpg\" width=\"495\" height=\"400\"  title='14Sch\u00f6ppe' alt='' srcset=\"https:\/\/www.proholzlandwald.de\/bi\/wp-content\/uploads\/2016\/03\/14Sch\u00f6ppe-495x400.jpg 495w, https:\/\/www.proholzlandwald.de\/bi\/wp-content\/uploads\/2016\/03\/14Sch\u00f6ppe-845x684.jpg 845w\" sizes=\"(max-width: 495px) 100vw, 495px\" \/><div class='big-prev-fake'><img decoding=\"async\" loading=\"lazy\" class=\"wp-image-804 avia-img-lazy-loading-804\"  width=\"495\" height=\"400\" src=\"https:\/\/www.proholzlandwald.de\/bi\/wp-content\/uploads\/2016\/03\/14Sch\u00f6ppe-495x400.jpg\" title='14Sch\u00f6ppe' alt='' srcset=\"https:\/\/www.proholzlandwald.de\/bi\/wp-content\/uploads\/2016\/03\/14Sch\u00f6ppe-495x400.jpg 495w, https:\/\/www.proholzlandwald.de\/bi\/wp-content\/uploads\/2016\/03\/14Sch\u00f6ppe-845x684.jpg 845w\" sizes=\"(max-width: 495px) 100vw, 495px\" \/><\/div><\/a><a href=\"https:\/\/www.proholzlandwald.de\/bi\/wp-content\/uploads\/2016\/03\/07Wille.jpg\" data-srcset=\"https:\/\/www.proholzlandwald.de\/bi\/wp-content\/uploads\/2016\/03\/07Wille.jpg 1024w, https:\/\/www.proholzlandwald.de\/bi\/wp-content\/uploads\/2016\/03\/07Wille-300x225.jpg 300w, https:\/\/www.proholzlandwald.de\/bi\/wp-content\/uploads\/2016\/03\/07Wille-768x576.jpg 768w, https:\/\/www.proholzlandwald.de\/bi\/wp-content\/uploads\/2016\/03\/07Wille-705x529.jpg 705w, https:\/\/www.proholzlandwald.de\/bi\/wp-content\/uploads\/2016\/03\/07Wille-450x338.jpg 450w\" data-sizes=\"(max-width: 1024px) 100vw, 1024px\" data-rel='gallery-1' data-prev-img='https:\/\/www.proholzlandwald.de\/bi\/wp-content\/uploads\/2016\/03\/07Wille-495x400.jpg' class='lightbox ' data-onclick='8' title='07Wille'  itemprop=\"thumbnailUrl\"  ><img decoding=\"async\" fetchpriority=\"high\" class=\"wp-image-798 avia-img-lazy-loading-not-798\"   src=\"https:\/\/www.proholzlandwald.de\/bi\/wp-content\/uploads\/2016\/03\/07Wille-495x400.jpg\" width=\"495\" height=\"400\"  title='07Wille' alt='' srcset=\"https:\/\/www.proholzlandwald.de\/bi\/wp-content\/uploads\/2016\/03\/07Wille-495x400.jpg 495w, https:\/\/www.proholzlandwald.de\/bi\/wp-content\/uploads\/2016\/03\/07Wille-845x684.jpg 845w\" sizes=\"(max-width: 495px) 100vw, 495px\" \/><div class='big-prev-fake'><img decoding=\"async\" loading=\"lazy\" class=\"wp-image-798 avia-img-lazy-loading-798\"  width=\"495\" height=\"400\" src=\"https:\/\/www.proholzlandwald.de\/bi\/wp-content\/uploads\/2016\/03\/07Wille-495x400.jpg\" title='07Wille' alt='' srcset=\"https:\/\/www.proholzlandwald.de\/bi\/wp-content\/uploads\/2016\/03\/07Wille-495x400.jpg 495w, https:\/\/www.proholzlandwald.de\/bi\/wp-content\/uploads\/2016\/03\/07Wille-845x684.jpg 845w\" sizes=\"(max-width: 495px) 100vw, 495px\" \/><\/div><\/a><a href=\"https:\/\/www.proholzlandwald.de\/bi\/wp-content\/uploads\/2016\/03\/0Steuer.jpg\" data-srcset=\"https:\/\/www.proholzlandwald.de\/bi\/wp-content\/uploads\/2016\/03\/0Steuer.jpg 1024w, https:\/\/www.proholzlandwald.de\/bi\/wp-content\/uploads\/2016\/03\/0Steuer-300x225.jpg 300w, https:\/\/www.proholzlandwald.de\/bi\/wp-content\/uploads\/2016\/03\/0Steuer-768x576.jpg 768w, https:\/\/www.proholzlandwald.de\/bi\/wp-content\/uploads\/2016\/03\/0Steuer-705x529.jpg 705w, https:\/\/www.proholzlandwald.de\/bi\/wp-content\/uploads\/2016\/03\/0Steuer-450x338.jpg 450w\" data-sizes=\"(max-width: 1024px) 100vw, 1024px\" data-rel='gallery-1' data-prev-img='https:\/\/www.proholzlandwald.de\/bi\/wp-content\/uploads\/2016\/03\/0Steuer-495x400.jpg' class='lightbox ' data-onclick='9' title='0Steuer'  itemprop=\"thumbnailUrl\"  ><img decoding=\"async\" fetchpriority=\"high\" class=\"wp-image-793 avia-img-lazy-loading-not-793\"   src=\"https:\/\/www.proholzlandwald.de\/bi\/wp-content\/uploads\/2016\/03\/0Steuer-495x400.jpg\" width=\"495\" height=\"400\"  title='0Steuer' alt='' srcset=\"https:\/\/www.proholzlandwald.de\/bi\/wp-content\/uploads\/2016\/03\/0Steuer-495x400.jpg 495w, https:\/\/www.proholzlandwald.de\/bi\/wp-content\/uploads\/2016\/03\/0Steuer-845x684.jpg 845w\" sizes=\"(max-width: 495px) 100vw, 495px\" \/><div class='big-prev-fake'><img decoding=\"async\" loading=\"lazy\" class=\"wp-image-793 avia-img-lazy-loading-793\"  width=\"495\" height=\"400\" src=\"https:\/\/www.proholzlandwald.de\/bi\/wp-content\/uploads\/2016\/03\/0Steuer-495x400.jpg\" title='0Steuer' alt='' srcset=\"https:\/\/www.proholzlandwald.de\/bi\/wp-content\/uploads\/2016\/03\/0Steuer-495x400.jpg 495w, https:\/\/www.proholzlandwald.de\/bi\/wp-content\/uploads\/2016\/03\/0Steuer-845x684.jpg 845w\" sizes=\"(max-width: 495px) 100vw, 495px\" \/><\/div><\/a><a href=\"https:\/\/www.proholzlandwald.de\/bi\/wp-content\/uploads\/2016\/03\/01Pl\u00f6tner.jpg\" data-srcset=\"https:\/\/www.proholzlandwald.de\/bi\/wp-content\/uploads\/2016\/03\/01Pl\u00f6tner.jpg 1017w, https:\/\/www.proholzlandwald.de\/bi\/wp-content\/uploads\/2016\/03\/01Pl\u00f6tner-300x225.jpg 300w, https:\/\/www.proholzlandwald.de\/bi\/wp-content\/uploads\/2016\/03\/01Pl\u00f6tner-768x576.jpg 768w, https:\/\/www.proholzlandwald.de\/bi\/wp-content\/uploads\/2016\/03\/01Pl\u00f6tner-705x529.jpg 705w, https:\/\/www.proholzlandwald.de\/bi\/wp-content\/uploads\/2016\/03\/01Pl\u00f6tner-450x338.jpg 450w\" data-sizes=\"(max-width: 1017px) 100vw, 1017px\" data-rel='gallery-1' data-prev-img='https:\/\/www.proholzlandwald.de\/bi\/wp-content\/uploads\/2016\/03\/01Pl\u00f6tner-495x400.jpg' class='lightbox ' data-onclick='10' title='01Pl\u00f6tner'  itemprop=\"thumbnailUrl\"  ><img decoding=\"async\" fetchpriority=\"high\" class=\"wp-image-794 avia-img-lazy-loading-not-794\"   src=\"https:\/\/www.proholzlandwald.de\/bi\/wp-content\/uploads\/2016\/03\/01Pl\u00f6tner-495x400.jpg\" width=\"495\" height=\"400\"  title='01Pl\u00f6tner' alt='' srcset=\"https:\/\/www.proholzlandwald.de\/bi\/wp-content\/uploads\/2016\/03\/01Pl\u00f6tner-495x400.jpg 495w, https:\/\/www.proholzlandwald.de\/bi\/wp-content\/uploads\/2016\/03\/01Pl\u00f6tner-845x684.jpg 845w\" sizes=\"(max-width: 495px) 100vw, 495px\" \/><div class='big-prev-fake'><img decoding=\"async\" loading=\"lazy\" class=\"wp-image-794 avia-img-lazy-loading-794\"  width=\"495\" height=\"400\" src=\"https:\/\/www.proholzlandwald.de\/bi\/wp-content\/uploads\/2016\/03\/01Pl\u00f6tner-495x400.jpg\" title='01Pl\u00f6tner' alt='' srcset=\"https:\/\/www.proholzlandwald.de\/bi\/wp-content\/uploads\/2016\/03\/01Pl\u00f6tner-495x400.jpg 495w, https:\/\/www.proholzlandwald.de\/bi\/wp-content\/uploads\/2016\/03\/01Pl\u00f6tner-845x684.jpg 845w\" sizes=\"(max-width: 495px) 100vw, 495px\" \/><\/div><\/a><a href=\"https:\/\/www.proholzlandwald.de\/bi\/wp-content\/uploads\/2016\/03\/03Kalka.jpg\" data-srcset=\"https:\/\/www.proholzlandwald.de\/bi\/wp-content\/uploads\/2016\/03\/03Kalka.jpg 1024w, https:\/\/www.proholzlandwald.de\/bi\/wp-content\/uploads\/2016\/03\/03Kalka-300x225.jpg 300w, https:\/\/www.proholzlandwald.de\/bi\/wp-content\/uploads\/2016\/03\/03Kalka-768x576.jpg 768w, https:\/\/www.proholzlandwald.de\/bi\/wp-content\/uploads\/2016\/03\/03Kalka-705x529.jpg 705w, https:\/\/www.proholzlandwald.de\/bi\/wp-content\/uploads\/2016\/03\/03Kalka-450x338.jpg 450w\" data-sizes=\"(max-width: 1024px) 100vw, 1024px\" data-rel='gallery-1' data-prev-img='https:\/\/www.proholzlandwald.de\/bi\/wp-content\/uploads\/2016\/03\/03Kalka-495x400.jpg' class='first_thumb lightbox ' data-onclick='11' title='03Kalka'  itemprop=\"thumbnailUrl\"  ><img decoding=\"async\" fetchpriority=\"high\" class=\"wp-image-795 avia-img-lazy-loading-not-795\"   src=\"https:\/\/www.proholzlandwald.de\/bi\/wp-content\/uploads\/2016\/03\/03Kalka-495x400.jpg\" width=\"495\" height=\"400\"  title='03Kalka' alt='' srcset=\"https:\/\/www.proholzlandwald.de\/bi\/wp-content\/uploads\/2016\/03\/03Kalka-495x400.jpg 495w, https:\/\/www.proholzlandwald.de\/bi\/wp-content\/uploads\/2016\/03\/03Kalka-845x684.jpg 845w\" sizes=\"(max-width: 495px) 100vw, 495px\" \/><div class='big-prev-fake'><img decoding=\"async\" loading=\"lazy\" class=\"wp-image-795 avia-img-lazy-loading-795\"  width=\"495\" height=\"400\" src=\"https:\/\/www.proholzlandwald.de\/bi\/wp-content\/uploads\/2016\/03\/03Kalka-495x400.jpg\" title='03Kalka' alt='' srcset=\"https:\/\/www.proholzlandwald.de\/bi\/wp-content\/uploads\/2016\/03\/03Kalka-495x400.jpg 495w, https:\/\/www.proholzlandwald.de\/bi\/wp-content\/uploads\/2016\/03\/03Kalka-845x684.jpg 845w\" sizes=\"(max-width: 495px) 100vw, 495px\" \/><\/div><\/a><a href=\"https:\/\/www.proholzlandwald.de\/bi\/wp-content\/uploads\/2016\/03\/04Rodigast.jpg\" data-srcset=\"https:\/\/www.proholzlandwald.de\/bi\/wp-content\/uploads\/2016\/03\/04Rodigast.jpg 1024w, https:\/\/www.proholzlandwald.de\/bi\/wp-content\/uploads\/2016\/03\/04Rodigast-300x225.jpg 300w, https:\/\/www.proholzlandwald.de\/bi\/wp-content\/uploads\/2016\/03\/04Rodigast-768x576.jpg 768w, https:\/\/www.proholzlandwald.de\/bi\/wp-content\/uploads\/2016\/03\/04Rodigast-705x529.jpg 705w, https:\/\/www.proholzlandwald.de\/bi\/wp-content\/uploads\/2016\/03\/04Rodigast-450x338.jpg 450w\" data-sizes=\"(max-width: 1024px) 100vw, 1024px\" data-rel='gallery-1' data-prev-img='https:\/\/www.proholzlandwald.de\/bi\/wp-content\/uploads\/2016\/03\/04Rodigast-495x400.jpg' class='lightbox ' data-onclick='12' title='04Rodigast'  itemprop=\"thumbnailUrl\"  ><img decoding=\"async\" fetchpriority=\"high\" class=\"wp-image-796 avia-img-lazy-loading-not-796\"   src=\"https:\/\/www.proholzlandwald.de\/bi\/wp-content\/uploads\/2016\/03\/04Rodigast-495x400.jpg\" width=\"495\" height=\"400\"  title='04Rodigast' alt='' srcset=\"https:\/\/www.proholzlandwald.de\/bi\/wp-content\/uploads\/2016\/03\/04Rodigast-495x400.jpg 495w, https:\/\/www.proholzlandwald.de\/bi\/wp-content\/uploads\/2016\/03\/04Rodigast-845x684.jpg 845w\" sizes=\"(max-width: 495px) 100vw, 495px\" \/><div class='big-prev-fake'><img decoding=\"async\" loading=\"lazy\" class=\"wp-image-796 avia-img-lazy-loading-796\"  width=\"495\" height=\"400\" src=\"https:\/\/www.proholzlandwald.de\/bi\/wp-content\/uploads\/2016\/03\/04Rodigast-495x400.jpg\" title='04Rodigast' alt='' srcset=\"https:\/\/www.proholzlandwald.de\/bi\/wp-content\/uploads\/2016\/03\/04Rodigast-495x400.jpg 495w, https:\/\/www.proholzlandwald.de\/bi\/wp-content\/uploads\/2016\/03\/04Rodigast-845x684.jpg 845w\" sizes=\"(max-width: 495px) 100vw, 495px\" \/><\/div><\/a><a href=\"https:\/\/www.proholzlandwald.de\/bi\/wp-content\/uploads\/2016\/03\/05Tus-773x1030.jpg\" data-srcset=\"https:\/\/www.proholzlandwald.de\/bi\/wp-content\/uploads\/2016\/03\/05Tus-773x1030.jpg 773w, https:\/\/www.proholzlandwald.de\/bi\/wp-content\/uploads\/2016\/03\/05Tus-225x300.jpg 225w, https:\/\/www.proholzlandwald.de\/bi\/wp-content\/uploads\/2016\/03\/05Tus-768x1024.jpg 768w, https:\/\/www.proholzlandwald.de\/bi\/wp-content\/uploads\/2016\/03\/05Tus-529x705.jpg 529w, https:\/\/www.proholzlandwald.de\/bi\/wp-content\/uploads\/2016\/03\/05Tus-450x600.jpg 450w, https:\/\/www.proholzlandwald.de\/bi\/wp-content\/uploads\/2016\/03\/05Tus.jpg 1024w\" data-sizes=\"(max-width: 773px) 100vw, 773px\" data-rel='gallery-1' data-prev-img='https:\/\/www.proholzlandwald.de\/bi\/wp-content\/uploads\/2016\/03\/05Tus-495x400.jpg' class='lightbox ' data-onclick='13' title='05Tus'  itemprop=\"thumbnailUrl\"  ><img decoding=\"async\" fetchpriority=\"high\" class=\"wp-image-797 avia-img-lazy-loading-not-797\"   src=\"https:\/\/www.proholzlandwald.de\/bi\/wp-content\/uploads\/2016\/03\/05Tus-495x400.jpg\" width=\"495\" height=\"400\"  title='05Tus' alt='' srcset=\"https:\/\/www.proholzlandwald.de\/bi\/wp-content\/uploads\/2016\/03\/05Tus-495x400.jpg 495w, https:\/\/www.proholzlandwald.de\/bi\/wp-content\/uploads\/2016\/03\/05Tus-845x684.jpg 845w\" sizes=\"(max-width: 495px) 100vw, 495px\" \/><div class='big-prev-fake'><img decoding=\"async\" loading=\"lazy\" class=\"wp-image-797 avia-img-lazy-loading-797\"  width=\"495\" height=\"400\" src=\"https:\/\/www.proholzlandwald.de\/bi\/wp-content\/uploads\/2016\/03\/05Tus-495x400.jpg\" title='05Tus' alt='' srcset=\"https:\/\/www.proholzlandwald.de\/bi\/wp-content\/uploads\/2016\/03\/05Tus-495x400.jpg 495w, https:\/\/www.proholzlandwald.de\/bi\/wp-content\/uploads\/2016\/03\/05Tus-845x684.jpg 845w\" sizes=\"(max-width: 495px) 100vw, 495px\" \/><\/div><\/a><a href=\"https:\/\/www.proholzlandwald.de\/bi\/wp-content\/uploads\/2016\/03\/09Steuer.jpg\" data-srcset=\"https:\/\/www.proholzlandwald.de\/bi\/wp-content\/uploads\/2016\/03\/09Steuer.jpg 1024w, https:\/\/www.proholzlandwald.de\/bi\/wp-content\/uploads\/2016\/03\/09Steuer-300x225.jpg 300w, https:\/\/www.proholzlandwald.de\/bi\/wp-content\/uploads\/2016\/03\/09Steuer-768x576.jpg 768w, https:\/\/www.proholzlandwald.de\/bi\/wp-content\/uploads\/2016\/03\/09Steuer-705x529.jpg 705w, https:\/\/www.proholzlandwald.de\/bi\/wp-content\/uploads\/2016\/03\/09Steuer-450x338.jpg 450w\" data-sizes=\"(max-width: 1024px) 100vw, 1024px\" data-rel='gallery-1' data-prev-img='https:\/\/www.proholzlandwald.de\/bi\/wp-content\/uploads\/2016\/03\/09Steuer-495x400.jpg' class='lightbox ' data-onclick='14' title='09Steuer'  itemprop=\"thumbnailUrl\"  ><img decoding=\"async\" fetchpriority=\"high\" class=\"wp-image-799 avia-img-lazy-loading-not-799\"   src=\"https:\/\/www.proholzlandwald.de\/bi\/wp-content\/uploads\/2016\/03\/09Steuer-495x400.jpg\" width=\"495\" height=\"400\"  title='09Steuer' alt='' srcset=\"https:\/\/www.proholzlandwald.de\/bi\/wp-content\/uploads\/2016\/03\/09Steuer-495x400.jpg 495w, https:\/\/www.proholzlandwald.de\/bi\/wp-content\/uploads\/2016\/03\/09Steuer-845x684.jpg 845w\" sizes=\"(max-width: 495px) 100vw, 495px\" \/><div class='big-prev-fake'><img decoding=\"async\" loading=\"lazy\" class=\"wp-image-799 avia-img-lazy-loading-799\"  width=\"495\" height=\"400\" src=\"https:\/\/www.proholzlandwald.de\/bi\/wp-content\/uploads\/2016\/03\/09Steuer-495x400.jpg\" title='09Steuer' alt='' srcset=\"https:\/\/www.proholzlandwald.de\/bi\/wp-content\/uploads\/2016\/03\/09Steuer-495x400.jpg 495w, https:\/\/www.proholzlandwald.de\/bi\/wp-content\/uploads\/2016\/03\/09Steuer-845x684.jpg 845w\" sizes=\"(max-width: 495px) 100vw, 495px\" \/><\/div><\/a><a href=\"https:\/\/www.proholzlandwald.de\/bi\/wp-content\/uploads\/2016\/03\/10Gr\u00e4fe-773x1030.jpg\" data-srcset=\"https:\/\/www.proholzlandwald.de\/bi\/wp-content\/uploads\/2016\/03\/10Gr\u00e4fe-773x1030.jpg 773w, https:\/\/www.proholzlandwald.de\/bi\/wp-content\/uploads\/2016\/03\/10Gr\u00e4fe-225x300.jpg 225w, https:\/\/www.proholzlandwald.de\/bi\/wp-content\/uploads\/2016\/03\/10Gr\u00e4fe-768x1024.jpg 768w, https:\/\/www.proholzlandwald.de\/bi\/wp-content\/uploads\/2016\/03\/10Gr\u00e4fe-529x705.jpg 529w, https:\/\/www.proholzlandwald.de\/bi\/wp-content\/uploads\/2016\/03\/10Gr\u00e4fe-450x600.jpg 450w, https:\/\/www.proholzlandwald.de\/bi\/wp-content\/uploads\/2016\/03\/10Gr\u00e4fe.jpg 1024w\" data-sizes=\"(max-width: 773px) 100vw, 773px\" data-rel='gallery-1' data-prev-img='https:\/\/www.proholzlandwald.de\/bi\/wp-content\/uploads\/2016\/03\/10Gr\u00e4fe-495x400.jpg' class='lightbox ' data-onclick='15' title='10Gr\u00e4fe'  itemprop=\"thumbnailUrl\"  ><img decoding=\"async\" fetchpriority=\"high\" class=\"wp-image-800 avia-img-lazy-loading-not-800\"   src=\"https:\/\/www.proholzlandwald.de\/bi\/wp-content\/uploads\/2016\/03\/10Gr\u00e4fe-495x400.jpg\" width=\"495\" height=\"400\"  title='10Gr\u00e4fe' alt='' srcset=\"https:\/\/www.proholzlandwald.de\/bi\/wp-content\/uploads\/2016\/03\/10Gr\u00e4fe-495x400.jpg 495w, https:\/\/www.proholzlandwald.de\/bi\/wp-content\/uploads\/2016\/03\/10Gr\u00e4fe-845x684.jpg 845w\" sizes=\"(max-width: 495px) 100vw, 495px\" \/><div class='big-prev-fake'><img decoding=\"async\" loading=\"lazy\" class=\"wp-image-800 avia-img-lazy-loading-800\"  width=\"495\" height=\"400\" src=\"https:\/\/www.proholzlandwald.de\/bi\/wp-content\/uploads\/2016\/03\/10Gr\u00e4fe-495x400.jpg\" title='10Gr\u00e4fe' alt='' srcset=\"https:\/\/www.proholzlandwald.de\/bi\/wp-content\/uploads\/2016\/03\/10Gr\u00e4fe-495x400.jpg 495w, https:\/\/www.proholzlandwald.de\/bi\/wp-content\/uploads\/2016\/03\/10Gr\u00e4fe-845x684.jpg 845w\" sizes=\"(max-width: 495px) 100vw, 495px\" \/><\/div><\/a><a href=\"https:\/\/www.proholzlandwald.de\/bi\/wp-content\/uploads\/2016\/03\/11Grabengie\u00dfer-773x1030.jpg\" data-srcset=\"https:\/\/www.proholzlandwald.de\/bi\/wp-content\/uploads\/2016\/03\/11Grabengie\u00dfer-773x1030.jpg 773w, https:\/\/www.proholzlandwald.de\/bi\/wp-content\/uploads\/2016\/03\/11Grabengie\u00dfer-225x300.jpg 225w, https:\/\/www.proholzlandwald.de\/bi\/wp-content\/uploads\/2016\/03\/11Grabengie\u00dfer-768x1024.jpg 768w, https:\/\/www.proholzlandwald.de\/bi\/wp-content\/uploads\/2016\/03\/11Grabengie\u00dfer-529x705.jpg 529w, https:\/\/www.proholzlandwald.de\/bi\/wp-content\/uploads\/2016\/03\/11Grabengie\u00dfer-450x600.jpg 450w, https:\/\/www.proholzlandwald.de\/bi\/wp-content\/uploads\/2016\/03\/11Grabengie\u00dfer.jpg 1024w\" data-sizes=\"(max-width: 773px) 100vw, 773px\" data-rel='gallery-1' data-prev-img='https:\/\/www.proholzlandwald.de\/bi\/wp-content\/uploads\/2016\/03\/11Grabengie\u00dfer-495x400.jpg' class='first_thumb lightbox ' data-onclick='16' title='11Grabengie\u00dfer'  itemprop=\"thumbnailUrl\"  ><img decoding=\"async\" fetchpriority=\"high\" class=\"wp-image-801 avia-img-lazy-loading-not-801\"   src=\"https:\/\/www.proholzlandwald.de\/bi\/wp-content\/uploads\/2016\/03\/11Grabengie\u00dfer-495x400.jpg\" width=\"495\" height=\"400\"  title='11Grabengie\u00dfer' alt='' srcset=\"https:\/\/www.proholzlandwald.de\/bi\/wp-content\/uploads\/2016\/03\/11Grabengie\u00dfer-495x400.jpg 495w, https:\/\/www.proholzlandwald.de\/bi\/wp-content\/uploads\/2016\/03\/11Grabengie\u00dfer-845x684.jpg 845w\" sizes=\"(max-width: 495px) 100vw, 495px\" \/><div class='big-prev-fake'><img decoding=\"async\" loading=\"lazy\" class=\"wp-image-801 avia-img-lazy-loading-801\"  width=\"495\" height=\"400\" src=\"https:\/\/www.proholzlandwald.de\/bi\/wp-content\/uploads\/2016\/03\/11Grabengie\u00dfer-495x400.jpg\" title='11Grabengie\u00dfer' alt='' srcset=\"https:\/\/www.proholzlandwald.de\/bi\/wp-content\/uploads\/2016\/03\/11Grabengie\u00dfer-495x400.jpg 495w, https:\/\/www.proholzlandwald.de\/bi\/wp-content\/uploads\/2016\/03\/11Grabengie\u00dfer-845x684.jpg 845w\" sizes=\"(max-width: 495px) 100vw, 495px\" \/><\/div><\/a><a href=\"https:\/\/www.proholzlandwald.de\/bi\/wp-content\/uploads\/2016\/03\/12Hohmann-773x1030.jpg\" data-srcset=\"https:\/\/www.proholzlandwald.de\/bi\/wp-content\/uploads\/2016\/03\/12Hohmann-773x1030.jpg 773w, https:\/\/www.proholzlandwald.de\/bi\/wp-content\/uploads\/2016\/03\/12Hohmann-225x300.jpg 225w, https:\/\/www.proholzlandwald.de\/bi\/wp-content\/uploads\/2016\/03\/12Hohmann-768x1024.jpg 768w, https:\/\/www.proholzlandwald.de\/bi\/wp-content\/uploads\/2016\/03\/12Hohmann-1125x1500.jpg 1125w, https:\/\/www.proholzlandwald.de\/bi\/wp-content\/uploads\/2016\/03\/12Hohmann-529x705.jpg 529w, https:\/\/www.proholzlandwald.de\/bi\/wp-content\/uploads\/2016\/03\/12Hohmann-450x600.jpg 450w\" data-sizes=\"(max-width: 773px) 100vw, 773px\" data-rel='gallery-1' data-prev-img='https:\/\/www.proholzlandwald.de\/bi\/wp-content\/uploads\/2016\/03\/12Hohmann-495x400.jpg' class='lightbox ' data-onclick='17' title='12Hohmann'  itemprop=\"thumbnailUrl\"  ><img decoding=\"async\" fetchpriority=\"high\" class=\"wp-image-802 avia-img-lazy-loading-not-802\"   src=\"https:\/\/www.proholzlandwald.de\/bi\/wp-content\/uploads\/2016\/03\/12Hohmann-495x400.jpg\" width=\"495\" height=\"400\"  title='12Hohmann' alt='' srcset=\"https:\/\/www.proholzlandwald.de\/bi\/wp-content\/uploads\/2016\/03\/12Hohmann-495x400.jpg 495w, https:\/\/www.proholzlandwald.de\/bi\/wp-content\/uploads\/2016\/03\/12Hohmann-845x684.jpg 845w\" sizes=\"(max-width: 495px) 100vw, 495px\" \/><div class='big-prev-fake'><img decoding=\"async\" loading=\"lazy\" class=\"wp-image-802 avia-img-lazy-loading-802\"  width=\"495\" height=\"400\" src=\"https:\/\/www.proholzlandwald.de\/bi\/wp-content\/uploads\/2016\/03\/12Hohmann-495x400.jpg\" title='12Hohmann' alt='' srcset=\"https:\/\/www.proholzlandwald.de\/bi\/wp-content\/uploads\/2016\/03\/12Hohmann-495x400.jpg 495w, https:\/\/www.proholzlandwald.de\/bi\/wp-content\/uploads\/2016\/03\/12Hohmann-845x684.jpg 845w\" sizes=\"(max-width: 495px) 100vw, 495px\" \/><\/div><\/a><a href=\"https:\/\/www.proholzlandwald.de\/bi\/wp-content\/uploads\/2016\/03\/13Lorbeer-773x1030.jpg\" data-srcset=\"https:\/\/www.proholzlandwald.de\/bi\/wp-content\/uploads\/2016\/03\/13Lorbeer-773x1030.jpg 773w, https:\/\/www.proholzlandwald.de\/bi\/wp-content\/uploads\/2016\/03\/13Lorbeer-225x300.jpg 225w, https:\/\/www.proholzlandwald.de\/bi\/wp-content\/uploads\/2016\/03\/13Lorbeer-768x1024.jpg 768w, https:\/\/www.proholzlandwald.de\/bi\/wp-content\/uploads\/2016\/03\/13Lorbeer-529x705.jpg 529w, https:\/\/www.proholzlandwald.de\/bi\/wp-content\/uploads\/2016\/03\/13Lorbeer-450x600.jpg 450w, https:\/\/www.proholzlandwald.de\/bi\/wp-content\/uploads\/2016\/03\/13Lorbeer.jpg 1024w\" data-sizes=\"(max-width: 773px) 100vw, 773px\" data-rel='gallery-1' data-prev-img='https:\/\/www.proholzlandwald.de\/bi\/wp-content\/uploads\/2016\/03\/13Lorbeer-495x400.jpg' class='lightbox ' data-onclick='18' title='13Lorbeer'  itemprop=\"thumbnailUrl\"  ><img decoding=\"async\" fetchpriority=\"high\" class=\"wp-image-803 avia-img-lazy-loading-not-803\"   src=\"https:\/\/www.proholzlandwald.de\/bi\/wp-content\/uploads\/2016\/03\/13Lorbeer-495x400.jpg\" width=\"495\" height=\"400\"  title='13Lorbeer' alt='' srcset=\"https:\/\/www.proholzlandwald.de\/bi\/wp-content\/uploads\/2016\/03\/13Lorbeer-495x400.jpg 495w, https:\/\/www.proholzlandwald.de\/bi\/wp-content\/uploads\/2016\/03\/13Lorbeer-845x684.jpg 845w\" sizes=\"(max-width: 495px) 100vw, 495px\" \/><div class='big-prev-fake'><img decoding=\"async\" loading=\"lazy\" class=\"wp-image-803 avia-img-lazy-loading-803\"  width=\"495\" height=\"400\" src=\"https:\/\/www.proholzlandwald.de\/bi\/wp-content\/uploads\/2016\/03\/13Lorbeer-495x400.jpg\" title='13Lorbeer' alt='' srcset=\"https:\/\/www.proholzlandwald.de\/bi\/wp-content\/uploads\/2016\/03\/13Lorbeer-495x400.jpg 495w, https:\/\/www.proholzlandwald.de\/bi\/wp-content\/uploads\/2016\/03\/13Lorbeer-845x684.jpg 845w\" sizes=\"(max-width: 495px) 100vw, 495px\" \/><\/div><\/a><a href=\"https:\/\/www.proholzlandwald.de\/bi\/wp-content\/uploads\/2016\/03\/20Pfl\u00fcgner.jpg\" data-srcset=\"https:\/\/www.proholzlandwald.de\/bi\/wp-content\/uploads\/2016\/03\/20Pfl\u00fcgner.jpg 1024w, https:\/\/www.proholzlandwald.de\/bi\/wp-content\/uploads\/2016\/03\/20Pfl\u00fcgner-300x225.jpg 300w, https:\/\/www.proholzlandwald.de\/bi\/wp-content\/uploads\/2016\/03\/20Pfl\u00fcgner-768x576.jpg 768w, https:\/\/www.proholzlandwald.de\/bi\/wp-content\/uploads\/2016\/03\/20Pfl\u00fcgner-705x529.jpg 705w, https:\/\/www.proholzlandwald.de\/bi\/wp-content\/uploads\/2016\/03\/20Pfl\u00fcgner-450x338.jpg 450w\" data-sizes=\"(max-width: 1024px) 100vw, 1024px\" data-rel='gallery-1' data-prev-img='https:\/\/www.proholzlandwald.de\/bi\/wp-content\/uploads\/2016\/03\/20Pfl\u00fcgner-495x400.jpg' class='lightbox ' data-onclick='19' title='20Pfl\u00fcgner'  itemprop=\"thumbnailUrl\"  ><img decoding=\"async\" fetchpriority=\"high\" class=\"wp-image-809 avia-img-lazy-loading-not-809\"   src=\"https:\/\/www.proholzlandwald.de\/bi\/wp-content\/uploads\/2016\/03\/20Pfl\u00fcgner-495x400.jpg\" width=\"495\" height=\"400\"  title='20Pfl\u00fcgner' alt='' srcset=\"https:\/\/www.proholzlandwald.de\/bi\/wp-content\/uploads\/2016\/03\/20Pfl\u00fcgner-495x400.jpg 495w, https:\/\/www.proholzlandwald.de\/bi\/wp-content\/uploads\/2016\/03\/20Pfl\u00fcgner-845x684.jpg 845w\" sizes=\"(max-width: 495px) 100vw, 495px\" \/><div class='big-prev-fake'><img decoding=\"async\" loading=\"lazy\" class=\"wp-image-809 avia-img-lazy-loading-809\"  width=\"495\" height=\"400\" src=\"https:\/\/www.proholzlandwald.de\/bi\/wp-content\/uploads\/2016\/03\/20Pfl\u00fcgner-495x400.jpg\" title='20Pfl\u00fcgner' alt='' srcset=\"https:\/\/www.proholzlandwald.de\/bi\/wp-content\/uploads\/2016\/03\/20Pfl\u00fcgner-495x400.jpg 495w, https:\/\/www.proholzlandwald.de\/bi\/wp-content\/uploads\/2016\/03\/20Pfl\u00fcgner-845x684.jpg 845w\" sizes=\"(max-width: 495px) 100vw, 495px\" \/><\/div><\/a><a href=\"https:\/\/www.proholzlandwald.de\/bi\/wp-content\/uploads\/2016\/03\/19Schnabel.jpg\" data-srcset=\"https:\/\/www.proholzlandwald.de\/bi\/wp-content\/uploads\/2016\/03\/19Schnabel.jpg 1024w, https:\/\/www.proholzlandwald.de\/bi\/wp-content\/uploads\/2016\/03\/19Schnabel-300x225.jpg 300w, https:\/\/www.proholzlandwald.de\/bi\/wp-content\/uploads\/2016\/03\/19Schnabel-768x576.jpg 768w, https:\/\/www.proholzlandwald.de\/bi\/wp-content\/uploads\/2016\/03\/19Schnabel-705x529.jpg 705w, https:\/\/www.proholzlandwald.de\/bi\/wp-content\/uploads\/2016\/03\/19Schnabel-450x338.jpg 450w\" data-sizes=\"(max-width: 1024px) 100vw, 1024px\" data-rel='gallery-1' data-prev-img='https:\/\/www.proholzlandwald.de\/bi\/wp-content\/uploads\/2016\/03\/19Schnabel-495x400.jpg' class='lightbox ' data-onclick='20' title='19Schnabel'  itemprop=\"thumbnailUrl\"  ><img decoding=\"async\" fetchpriority=\"high\" class=\"wp-image-808 avia-img-lazy-loading-not-808\"   src=\"https:\/\/www.proholzlandwald.de\/bi\/wp-content\/uploads\/2016\/03\/19Schnabel-495x400.jpg\" width=\"495\" height=\"400\"  title='19Schnabel' alt='' srcset=\"https:\/\/www.proholzlandwald.de\/bi\/wp-content\/uploads\/2016\/03\/19Schnabel-495x400.jpg 495w, https:\/\/www.proholzlandwald.de\/bi\/wp-content\/uploads\/2016\/03\/19Schnabel-845x684.jpg 845w\" sizes=\"(max-width: 495px) 100vw, 495px\" \/><div class='big-prev-fake'><img decoding=\"async\" loading=\"lazy\" class=\"wp-image-808 avia-img-lazy-loading-808\"  width=\"495\" height=\"400\" src=\"https:\/\/www.proholzlandwald.de\/bi\/wp-content\/uploads\/2016\/03\/19Schnabel-495x400.jpg\" title='19Schnabel' alt='' srcset=\"https:\/\/www.proholzlandwald.de\/bi\/wp-content\/uploads\/2016\/03\/19Schnabel-495x400.jpg 495w, https:\/\/www.proholzlandwald.de\/bi\/wp-content\/uploads\/2016\/03\/19Schnabel-845x684.jpg 845w\" sizes=\"(max-width: 495px) 100vw, 495px\" \/><\/div><\/a><a href=\"https:\/\/www.proholzlandwald.de\/bi\/wp-content\/uploads\/2016\/03\/18Illian.jpg\" data-srcset=\"https:\/\/www.proholzlandwald.de\/bi\/wp-content\/uploads\/2016\/03\/18Illian.jpg 1024w, https:\/\/www.proholzlandwald.de\/bi\/wp-content\/uploads\/2016\/03\/18Illian-300x272.jpg 300w, https:\/\/www.proholzlandwald.de\/bi\/wp-content\/uploads\/2016\/03\/18Illian-768x696.jpg 768w, https:\/\/www.proholzlandwald.de\/bi\/wp-content\/uploads\/2016\/03\/18Illian-705x639.jpg 705w, https:\/\/www.proholzlandwald.de\/bi\/wp-content\/uploads\/2016\/03\/18Illian-450x408.jpg 450w\" data-sizes=\"(max-width: 1024px) 100vw, 1024px\" data-rel='gallery-1' data-prev-img='https:\/\/www.proholzlandwald.de\/bi\/wp-content\/uploads\/2016\/03\/18Illian-495x400.jpg' class='first_thumb lightbox ' data-onclick='21' title='18Illian'  itemprop=\"thumbnailUrl\"  ><img decoding=\"async\" fetchpriority=\"high\" class=\"wp-image-807 avia-img-lazy-loading-not-807\"   src=\"https:\/\/www.proholzlandwald.de\/bi\/wp-content\/uploads\/2016\/03\/18Illian-495x400.jpg\" width=\"495\" height=\"400\"  title='18Illian' alt='' srcset=\"https:\/\/www.proholzlandwald.de\/bi\/wp-content\/uploads\/2016\/03\/18Illian-495x400.jpg 495w, https:\/\/www.proholzlandwald.de\/bi\/wp-content\/uploads\/2016\/03\/18Illian-845x684.jpg 845w\" sizes=\"(max-width: 495px) 100vw, 495px\" \/><div class='big-prev-fake'><img decoding=\"async\" loading=\"lazy\" class=\"wp-image-807 avia-img-lazy-loading-807\"  width=\"495\" height=\"400\" src=\"https:\/\/www.proholzlandwald.de\/bi\/wp-content\/uploads\/2016\/03\/18Illian-495x400.jpg\" title='18Illian' alt='' srcset=\"https:\/\/www.proholzlandwald.de\/bi\/wp-content\/uploads\/2016\/03\/18Illian-495x400.jpg 495w, https:\/\/www.proholzlandwald.de\/bi\/wp-content\/uploads\/2016\/03\/18Illian-845x684.jpg 845w\" sizes=\"(max-width: 495px) 100vw, 495px\" \/><\/div><\/a><a href=\"https:\/\/www.proholzlandwald.de\/bi\/wp-content\/uploads\/2016\/03\/15S\u00f6rgel-773x1030.jpg\" data-srcset=\"https:\/\/www.proholzlandwald.de\/bi\/wp-content\/uploads\/2016\/03\/15S\u00f6rgel-773x1030.jpg 773w, https:\/\/www.proholzlandwald.de\/bi\/wp-content\/uploads\/2016\/03\/15S\u00f6rgel-225x300.jpg 225w, https:\/\/www.proholzlandwald.de\/bi\/wp-content\/uploads\/2016\/03\/15S\u00f6rgel-768x1024.jpg 768w, https:\/\/www.proholzlandwald.de\/bi\/wp-content\/uploads\/2016\/03\/15S\u00f6rgel-529x705.jpg 529w, https:\/\/www.proholzlandwald.de\/bi\/wp-content\/uploads\/2016\/03\/15S\u00f6rgel-450x600.jpg 450w, https:\/\/www.proholzlandwald.de\/bi\/wp-content\/uploads\/2016\/03\/15S\u00f6rgel.jpg 1024w\" data-sizes=\"(max-width: 773px) 100vw, 773px\" data-rel='gallery-1' data-prev-img='https:\/\/www.proholzlandwald.de\/bi\/wp-content\/uploads\/2016\/03\/15S\u00f6rgel-495x400.jpg' class='lightbox ' data-onclick='22' title='15S\u00f6rgel'  itemprop=\"thumbnailUrl\"  ><img decoding=\"async\" fetchpriority=\"high\" class=\"wp-image-805 avia-img-lazy-loading-not-805\"   src=\"https:\/\/www.proholzlandwald.de\/bi\/wp-content\/uploads\/2016\/03\/15S\u00f6rgel-495x400.jpg\" width=\"495\" height=\"400\"  title='15S\u00f6rgel' alt='' srcset=\"https:\/\/www.proholzlandwald.de\/bi\/wp-content\/uploads\/2016\/03\/15S\u00f6rgel-495x400.jpg 495w, https:\/\/www.proholzlandwald.de\/bi\/wp-content\/uploads\/2016\/03\/15S\u00f6rgel-845x684.jpg 845w\" sizes=\"(max-width: 495px) 100vw, 495px\" \/><div class='big-prev-fake'><img decoding=\"async\" loading=\"lazy\" class=\"wp-image-805 avia-img-lazy-loading-805\"  width=\"495\" height=\"400\" src=\"https:\/\/www.proholzlandwald.de\/bi\/wp-content\/uploads\/2016\/03\/15S\u00f6rgel-495x400.jpg\" title='15S\u00f6rgel' alt='' srcset=\"https:\/\/www.proholzlandwald.de\/bi\/wp-content\/uploads\/2016\/03\/15S\u00f6rgel-495x400.jpg 495w, https:\/\/www.proholzlandwald.de\/bi\/wp-content\/uploads\/2016\/03\/15S\u00f6rgel-845x684.jpg 845w\" sizes=\"(max-width: 495px) 100vw, 495px\" \/><\/div><\/a><a href=\"https:\/\/www.proholzlandwald.de\/bi\/wp-content\/uploads\/2016\/03\/16Leidenfrost-773x1030.jpg\" data-srcset=\"https:\/\/www.proholzlandwald.de\/bi\/wp-content\/uploads\/2016\/03\/16Leidenfrost-773x1030.jpg 773w, https:\/\/www.proholzlandwald.de\/bi\/wp-content\/uploads\/2016\/03\/16Leidenfrost-225x300.jpg 225w, https:\/\/www.proholzlandwald.de\/bi\/wp-content\/uploads\/2016\/03\/16Leidenfrost-768x1024.jpg 768w, https:\/\/www.proholzlandwald.de\/bi\/wp-content\/uploads\/2016\/03\/16Leidenfrost-529x705.jpg 529w, https:\/\/www.proholzlandwald.de\/bi\/wp-content\/uploads\/2016\/03\/16Leidenfrost-450x600.jpg 450w, https:\/\/www.proholzlandwald.de\/bi\/wp-content\/uploads\/2016\/03\/16Leidenfrost.jpg 1024w\" data-sizes=\"(max-width: 773px) 100vw, 773px\" data-rel='gallery-1' data-prev-img='https:\/\/www.proholzlandwald.de\/bi\/wp-content\/uploads\/2016\/03\/16Leidenfrost-495x400.jpg' class='lightbox ' data-onclick='23' title='16Leidenfrost'  itemprop=\"thumbnailUrl\"  ><img decoding=\"async\" fetchpriority=\"high\" class=\"wp-image-806 avia-img-lazy-loading-not-806\"   src=\"https:\/\/www.proholzlandwald.de\/bi\/wp-content\/uploads\/2016\/03\/16Leidenfrost-495x400.jpg\" width=\"495\" height=\"400\"  title='16Leidenfrost' alt='' srcset=\"https:\/\/www.proholzlandwald.de\/bi\/wp-content\/uploads\/2016\/03\/16Leidenfrost-495x400.jpg 495w, https:\/\/www.proholzlandwald.de\/bi\/wp-content\/uploads\/2016\/03\/16Leidenfrost-845x684.jpg 845w\" sizes=\"(max-width: 495px) 100vw, 495px\" \/><div class='big-prev-fake'><img decoding=\"async\" loading=\"lazy\" class=\"wp-image-806 avia-img-lazy-loading-806\"  width=\"495\" height=\"400\" src=\"https:\/\/www.proholzlandwald.de\/bi\/wp-content\/uploads\/2016\/03\/16Leidenfrost-495x400.jpg\" title='16Leidenfrost' alt='' srcset=\"https:\/\/www.proholzlandwald.de\/bi\/wp-content\/uploads\/2016\/03\/16Leidenfrost-495x400.jpg 495w, https:\/\/www.proholzlandwald.de\/bi\/wp-content\/uploads\/2016\/03\/16Leidenfrost-845x684.jpg 845w\" sizes=\"(max-width: 495px) 100vw, 495px\" \/><\/div><\/a><\/div><\/div>\n","protected":false},"excerpt":{"rendered":"<p>Unsere Baumpaten Anl\u00e4sslich unseres Ostermarsches wurden durch die BI 28 B\u00e4ume gepflanzt und Baumpatenschaften \u00fcbernommen. Hier alle Baumpaten, (die einer Ver\u00f6ffentlichung zugestimmt haben).<\/p>\n","protected":false},"author":4,"featured_media":799,"comment_status":"open","ping_status":"open","sticky":false,"template":"","format":"image","meta":{"footnotes":""},"categories":[19,12],"tags":[68,4,63,10,5],"yoast_head":"<!-- This site is optimized with the Yoast SEO plugin v22.3 - https:\/\/yoast.com\/wordpress\/plugins\/seo\/ -->\n<title>Baumpaten - ProHolzlandwald.de<\/title>\n<meta name=\"robots\" content=\"index, follow, max-snippet:-1, max-image-preview:large, max-video-preview:-1\" \/>\n<link rel=\"canonical\" href=\"https:\/\/www.proholzlandwald.de\/bi\/baumpaten\/\" \/>\n<meta property=\"og:locale\" content=\"de_DE\" \/>\n<meta property=\"og:type\" content=\"article\" \/>\n<meta property=\"og:title\" content=\"Baumpaten - ProHolzlandwald.de\" \/>\n<meta property=\"og:description\" content=\"Unsere Baumpaten Anl\u00e4sslich unseres Ostermarsches wurden durch die BI 28 B\u00e4ume gepflanzt und Baumpatenschaften \u00fcbernommen. Hier alle Baumpaten, (die einer Ver\u00f6ffentlichung zugestimmt haben).\" \/>\n<meta property=\"og:url\" content=\"https:\/\/www.proholzlandwald.de\/bi\/baumpaten\/\" \/>\n<meta property=\"og:site_name\" content=\"ProHolzlandwald.de\" \/>\n<meta property=\"article:published_time\" content=\"2016-03-31T18:53:51+00:00\" \/>\n<meta property=\"article:modified_time\" content=\"2019-04-30T19:26:52+00:00\" \/>\n<meta property=\"og:image\" content=\"https:\/\/www.proholzlandwald.de\/bi\/wp-content\/uploads\/2016\/03\/09Steuer.jpg\" \/>\n\t<meta property=\"og:image:width\" content=\"1024\" \/>\n\t<meta property=\"og:image:height\" content=\"768\" \/>\n\t<meta property=\"og:image:type\" content=\"image\/jpeg\" \/>\n<meta name=\"author\" content=\"Michael Pfl\u00fcgner\" \/>\n<meta name=\"twitter:card\" content=\"summary_large_image\" \/>\n<meta name=\"twitter:label1\" content=\"Verfasst von\" \/>\n\t<meta name=\"twitter:data1\" content=\"Michael Pfl\u00fcgner\" \/>\n<script type=\"application\/ld+json\" class=\"yoast-schema-graph\">{\"@context\":\"https:\/\/schema.org\",\"@graph\":[{\"@type\":\"WebPage\",\"@id\":\"https:\/\/www.proholzlandwald.de\/bi\/baumpaten\/\",\"url\":\"https:\/\/www.proholzlandwald.de\/bi\/baumpaten\/\",\"name\":\"Baumpaten - ProHolzlandwald.de\",\"isPartOf\":{\"@id\":\"https:\/\/www.proholzlandwald.de\/bi\/#website\"},\"primaryImageOfPage\":{\"@id\":\"https:\/\/www.proholzlandwald.de\/bi\/baumpaten\/#primaryimage\"},\"image\":{\"@id\":\"https:\/\/www.proholzlandwald.de\/bi\/baumpaten\/#primaryimage\"},\"thumbnailUrl\":\"https:\/\/www.proholzlandwald.de\/bi\/wp-content\/uploads\/2016\/03\/09Steuer.jpg\",\"datePublished\":\"2016-03-31T18:53:51+00:00\",\"dateModified\":\"2019-04-30T19:26:52+00:00\",\"author\":{\"@id\":\"https:\/\/www.proholzlandwald.de\/bi\/#\/schema\/person\/cd5f9c7e94d039b01b70c54b2610c0cd\"},\"breadcrumb\":{\"@id\":\"https:\/\/www.proholzlandwald.de\/bi\/baumpaten\/#breadcrumb\"},\"inLanguage\":\"de\",\"potentialAction\":[{\"@type\":\"ReadAction\",\"target\":[\"https:\/\/www.proholzlandwald.de\/bi\/baumpaten\/\"]}]},{\"@type\":\"ImageObject\",\"inLanguage\":\"de\",\"@id\":\"https:\/\/www.proholzlandwald.de\/bi\/baumpaten\/#primaryimage\",\"url\":\"https:\/\/www.proholzlandwald.de\/bi\/wp-content\/uploads\/2016\/03\/09Steuer.jpg\",\"contentUrl\":\"https:\/\/www.proholzlandwald.de\/bi\/wp-content\/uploads\/2016\/03\/09Steuer.jpg\",\"width\":1024,\"height\":768},{\"@type\":\"BreadcrumbList\",\"@id\":\"https:\/\/www.proholzlandwald.de\/bi\/baumpaten\/#breadcrumb\",\"itemListElement\":[{\"@type\":\"ListItem\",\"position\":1,\"name\":\"Startseite\",\"item\":\"https:\/\/www.proholzlandwald.de\/bi\/startseite-2\/\"},{\"@type\":\"ListItem\",\"position\":2,\"name\":\"Baumpaten\"}]},{\"@type\":\"WebSite\",\"@id\":\"https:\/\/www.proholzlandwald.de\/bi\/#website\",\"url\":\"https:\/\/www.proholzlandwald.de\/bi\/\",\"name\":\"ProHolzlandwald.de\",\"description\":\"B\u00fcrgerinitiative ProHolzlandwald\",\"potentialAction\":[{\"@type\":\"SearchAction\",\"target\":{\"@type\":\"EntryPoint\",\"urlTemplate\":\"https:\/\/www.proholzlandwald.de\/bi\/?s={search_term_string}\"},\"query-input\":\"required name=search_term_string\"}],\"inLanguage\":\"de\"},{\"@type\":\"Person\",\"@id\":\"https:\/\/www.proholzlandwald.de\/bi\/#\/schema\/person\/cd5f9c7e94d039b01b70c54b2610c0cd\",\"name\":\"Michael Pfl\u00fcgner\",\"url\":\"https:\/\/www.proholzlandwald.de\/bi\/author\/mp\/\"}]}<\/script>\n<!-- \/ Yoast SEO plugin. -->","yoast_head_json":{"title":"Baumpaten - ProHolzlandwald.de","robots":{"index":"index","follow":"follow","max-snippet":"max-snippet:-1","max-image-preview":"max-image-preview:large","max-video-preview":"max-video-preview:-1"},"canonical":"https:\/\/www.proholzlandwald.de\/bi\/baumpaten\/","og_locale":"de_DE","og_type":"article","og_title":"Baumpaten - ProHolzlandwald.de","og_description":"Unsere Baumpaten Anl\u00e4sslich unseres Ostermarsches wurden durch die BI 28 B\u00e4ume gepflanzt und Baumpatenschaften \u00fcbernommen. Hier alle Baumpaten, (die einer Ver\u00f6ffentlichung zugestimmt haben).","og_url":"https:\/\/www.proholzlandwald.de\/bi\/baumpaten\/","og_site_name":"ProHolzlandwald.de","article_published_time":"2016-03-31T18:53:51+00:00","article_modified_time":"2019-04-30T19:26:52+00:00","og_image":[{"width":1024,"height":768,"url":"https:\/\/www.proholzlandwald.de\/bi\/wp-content\/uploads\/2016\/03\/09Steuer.jpg","type":"image\/jpeg"}],"author":"Michael Pfl\u00fcgner","twitter_card":"summary_large_image","twitter_misc":{"Verfasst von":"Michael Pfl\u00fcgner"},"schema":{"@context":"https:\/\/schema.org","@graph":[{"@type":"WebPage","@id":"https:\/\/www.proholzlandwald.de\/bi\/baumpaten\/","url":"https:\/\/www.proholzlandwald.de\/bi\/baumpaten\/","name":"Baumpaten - ProHolzlandwald.de","isPartOf":{"@id":"https:\/\/www.proholzlandwald.de\/bi\/#website"},"primaryImageOfPage":{"@id":"https:\/\/www.proholzlandwald.de\/bi\/baumpaten\/#primaryimage"},"image":{"@id":"https:\/\/www.proholzlandwald.de\/bi\/baumpaten\/#primaryimage"},"thumbnailUrl":"https:\/\/www.proholzlandwald.de\/bi\/wp-content\/uploads\/2016\/03\/09Steuer.jpg","datePublished":"2016-03-31T18:53:51+00:00","dateModified":"2019-04-30T19:26:52+00:00","author":{"@id":"https:\/\/www.proholzlandwald.de\/bi\/#\/schema\/person\/cd5f9c7e94d039b01b70c54b2610c0cd"},"breadcrumb":{"@id":"https:\/\/www.proholzlandwald.de\/bi\/baumpaten\/#breadcrumb"},"inLanguage":"de","potentialAction":[{"@type":"ReadAction","target":["https:\/\/www.proholzlandwald.de\/bi\/baumpaten\/"]}]},{"@type":"ImageObject","inLanguage":"de","@id":"https:\/\/www.proholzlandwald.de\/bi\/baumpaten\/#primaryimage","url":"https:\/\/www.proholzlandwald.de\/bi\/wp-content\/uploads\/2016\/03\/09Steuer.jpg","contentUrl":"https:\/\/www.proholzlandwald.de\/bi\/wp-content\/uploads\/2016\/03\/09Steuer.jpg","width":1024,"height":768},{"@type":"BreadcrumbList","@id":"https:\/\/www.proholzlandwald.de\/bi\/baumpaten\/#breadcrumb","itemListElement":[{"@type":"ListItem","position":1,"name":"Startseite","item":"https:\/\/www.proholzlandwald.de\/bi\/startseite-2\/"},{"@type":"ListItem","position":2,"name":"Baumpaten"}]},{"@type":"WebSite","@id":"https:\/\/www.proholzlandwald.de\/bi\/#website","url":"https:\/\/www.proholzlandwald.de\/bi\/","name":"ProHolzlandwald.de","description":"B\u00fcrgerinitiative ProHolzlandwald","potentialAction":[{"@type":"SearchAction","target":{"@type":"EntryPoint","urlTemplate":"https:\/\/www.proholzlandwald.de\/bi\/?s={search_term_string}"},"query-input":"required name=search_term_string"}],"inLanguage":"de"},{"@type":"Person","@id":"https:\/\/www.proholzlandwald.de\/bi\/#\/schema\/person\/cd5f9c7e94d039b01b70c54b2610c0cd","name":"Michael Pfl\u00fcgner","url":"https:\/\/www.proholzlandwald.de\/bi\/author\/mp\/"}]}},"_links":{"self":[{"href":"https:\/\/www.proholzlandwald.de\/bi\/wp-json\/wp\/v2\/posts\/792"}],"collection":[{"href":"https:\/\/www.proholzlandwald.de\/bi\/wp-json\/wp\/v2\/posts"}],"about":[{"href":"https:\/\/www.proholzlandwald.de\/bi\/wp-json\/wp\/v2\/types\/post"}],"author":[{"embeddable":true,"href":"https:\/\/www.proholzlandwald.de\/bi\/wp-json\/wp\/v2\/users\/4"}],"replies":[{"embeddable":true,"href":"https:\/\/www.proholzlandwald.de\/bi\/wp-json\/wp\/v2\/comments?post=792"}],"version-history":[{"count":5,"href":"https:\/\/www.proholzlandwald.de\/bi\/wp-json\/wp\/v2\/posts\/792\/revisions"}],"predecessor-version":[{"id":1845,"href":"https:\/\/www.proholzlandwald.de\/bi\/wp-json\/wp\/v2\/posts\/792\/revisions\/1845"}],"wp:featuredmedia":[{"embeddable":true,"href":"https:\/\/www.proholzlandwald.de\/bi\/wp-json\/wp\/v2\/media\/799"}],"wp:attachment":[{"href":"https:\/\/www.proholzlandwald.de\/bi\/wp-json\/wp\/v2\/media?parent=792"}],"wp:term":[{"taxonomy":"category","embeddable":true,"href":"https:\/\/www.proholzlandwald.de\/bi\/wp-json\/wp\/v2\/categories?post=792"},{"taxonomy":"post_tag","embeddable":true,"href":"https:\/\/www.proholzlandwald.de\/bi\/wp-json\/wp\/v2\/tags?post=792"}],"curies":[{"name":"wp","href":"https:\/\/api.w.org\/{rel}","templated":true}]}}