{"id":822,"date":"2016-04-14T10:41:20","date_gmt":"2016-04-14T08:41:20","guid":{"rendered":"http:\/\/www.proholzlandwald.de\/bi\/?p=822"},"modified":"2019-04-30T21:26:52","modified_gmt":"2019-04-30T19:26:52","slug":"jahresmitgliederversammlung-2016","status":"publish","type":"post","link":"https:\/\/www.proholzlandwald.de\/bi\/jahresmitgliederversammlung-2016\/","title":{"rendered":"Mitgliederversammlung 2016"},"content":{"rendered":"<p>Die <strong>Jahresmi<\/strong><strong>tgliederversammlung unserer BI<\/strong> fand am 12.4.2016 im Gasthaus zur Kanone statt. Vor <strong>35 anwesenden Mitgliedern<\/strong>, <strong>Herrn Dr. Mario Voigt<\/strong> (stellv. Landesvorsitzender der CDU und Mitglied im Th\u00fcringer Landtag) als Gast und dem Vertreter der Presse Herrn Schott (OTZ) er\u00f6ffnete der amtierende Vorsitzende Volkhardt Pirl.<\/p>\n\n<style type=\"text\/css\" data-created_by=\"avia_inline_auto\" id=\"style-css-av-smfji-f6d431f8bca18f898bf673d3ff8e58bd\">\n.avia-image-container.av-smfji-f6d431f8bca18f898bf673d3ff8e58bd img.avia_image{\nbox-shadow:none;\n}\n.avia-image-container.av-smfji-f6d431f8bca18f898bf673d3ff8e58bd .av-image-caption-overlay-center{\ncolor:#ffffff;\n}\n<\/style>\n<div  class='avia-image-container av-smfji-f6d431f8bca18f898bf673d3ff8e58bd av-styling- av-hover-grow avia-align-left  avia-builder-el-0  el_before_av_image  avia-builder-el-first '   itemprop=\"image\" itemscope=\"itemscope\" itemtype=\"https:\/\/schema.org\/ImageObject\" ><div class=\"avia-image-container-inner\"><div class=\"avia-image-overlay-wrap\"><a href=\"https:\/\/www.proholzlandwald.de\/bi\/wp-content\/uploads\/2016\/04\/5-3.jpg\" data-srcset=\"https:\/\/www.proholzlandwald.de\/bi\/wp-content\/uploads\/2016\/04\/5-3.jpg 1024w, https:\/\/www.proholzlandwald.de\/bi\/wp-content\/uploads\/2016\/04\/5-3-300x200.jpg 300w, https:\/\/www.proholzlandwald.de\/bi\/wp-content\/uploads\/2016\/04\/5-3-768x512.jpg 768w, https:\/\/www.proholzlandwald.de\/bi\/wp-content\/uploads\/2016\/04\/5-3-705x470.jpg 705w, https:\/\/www.proholzlandwald.de\/bi\/wp-content\/uploads\/2016\/04\/5-3-450x300.jpg 450w\" data-sizes=\"(max-width: 1024px) 100vw, 1024px\" class='avia_image'  aria-label='5'><img decoding=\"async\" fetchpriority=\"high\" class='wp-image-850 avia-img-lazy-loading-not-850 avia_image ' src=\"https:\/\/www.proholzlandwald.de\/bi\/wp-content\/uploads\/2016\/04\/5-3-180x180.jpg\" alt='' title='5'  height=\"180\" width=\"180\"  itemprop=\"thumbnailUrl\" srcset=\"https:\/\/www.proholzlandwald.de\/bi\/wp-content\/uploads\/2016\/04\/5-3-180x180.jpg 180w, https:\/\/www.proholzlandwald.de\/bi\/wp-content\/uploads\/2016\/04\/5-3-80x80.jpg 80w, https:\/\/www.proholzlandwald.de\/bi\/wp-content\/uploads\/2016\/04\/5-3-36x36.jpg 36w, https:\/\/www.proholzlandwald.de\/bi\/wp-content\/uploads\/2016\/04\/5-3-120x120.jpg 120w, https:\/\/www.proholzlandwald.de\/bi\/wp-content\/uploads\/2016\/04\/5-3-450x450.jpg 450w\" sizes=\"(max-width: 180px) 100vw, 180px\" \/><\/a><\/div><\/div><\/div>\n<p>Im <strong>Rechenschafts<\/strong><strong>bericht<\/strong> machte der zur\u00fcckgetretenen <strong>1. Vo<\/strong><strong>rstand Dr. Illian<\/strong> deutlich, dass im vergangenen Jahr <strong>74 Termine<\/strong> wahrgenommen wurden, auf <strong>9 Demos<\/strong> und <strong>18 Aktionsveranstaltungen<\/strong> wurde<strong> f\u00fcr ein Holzland ohne Windr\u00e4der gek\u00e4mpft<\/strong>. Bei <strong>3 Fernsehauftritten<\/strong> im MDR, 3 Interviews bei der OTZ und im freien Kanal Neues Gera sowie <strong>9 Politikergespr\u00e4chen<\/strong> machten wir unser Anliegen \u00f6ffentlich. Mit <strong>3 Demos vor dem Th\u00fcringer Landtag<\/strong> wurde Tautenhain und das Holzland bekannt H\u00f6hepunkte waren zweifelsohne die <strong>Besuche der Ministerinnen Frau Keller und Frau Siegesmund<\/strong>.<\/p>\n<p>Dr. Illian betonte, dass <strong>unser Ziel nach wie vor hei\u00dft: Keine Windr\u00e4der im Holzlandwald<\/strong>.<\/p>\n<p>Dieses <strong>Ziel ist noch nicht erre<\/strong><strong>icht<\/strong>, wie der aktuelle Planungsentwurf der Ostt\u00fcringer Planungsgemeinschaft zeigt.<\/p>\n<p>Sein R\u00fccktritt vom Vorsitz sei ausschlie\u00dflich der entstandenen Arbeits\u00fcberlastung geschuldet, die neue Aufgabe als 2. Vorsitzender und Sprecher des Landesverbandes fordert deutlich mehr Zeit.<\/p>\n<p>Der <strong>Finanzbericht d<\/strong><strong>es Schatzmeisters Andreas Hartmann<\/strong> verdeutlichte die Notwendigkeit eines eingetragenen Vereins. Die <strong>Kosten unserer Aktionen<\/strong> konnten finanziert werden<strong> durch Mitgliedsbeitr\u00e4ge der aktuell 75 Mitglieder und zahlreicher Spenden.<\/strong> Namentlich dankte er im Namen des Vorstandes allen Spendern . Viele Aktionen wurden <strong>ehrenamtlich durch die Mitglieder organisiert und finanziert<\/strong> und somit Kosten gespart.<\/p>\n<p>Andreas Hartmann trat als Schatzmeister aus pers\u00f6nlichen Gr\u00fcnden zur\u00fcck.<\/p>\n<p>Den <strong>Bericht best\u00e4tigte als Rechnungsp<\/strong><strong>r\u00fcfer<\/strong> die Revision durch Herrn Marr.<\/p>\n<p>&nbsp;<\/p>\n\n<style type=\"text\/css\" data-created_by=\"avia_inline_auto\" id=\"style-css-av-k273a-70c86fdbdea66f6dbcbc1a230497e70b\">\n.avia-image-container.av-k273a-70c86fdbdea66f6dbcbc1a230497e70b img.avia_image{\nbox-shadow:none;\n}\n.avia-image-container.av-k273a-70c86fdbdea66f6dbcbc1a230497e70b .av-image-caption-overlay-center{\ncolor:#ffffff;\n}\n<\/style>\n<div  class='avia-image-container av-k273a-70c86fdbdea66f6dbcbc1a230497e70b av-styling- av-hover-grow avia-align-right  avia-builder-el-1  el_after_av_image  el_before_av_image '   itemprop=\"image\" itemscope=\"itemscope\" itemtype=\"https:\/\/schema.org\/ImageObject\" ><div class=\"avia-image-container-inner\"><div class=\"avia-image-overlay-wrap\"><a href=\"https:\/\/www.proholzlandwald.de\/bi\/wp-content\/uploads\/2016\/04\/2.jpg\" data-srcset=\"https:\/\/www.proholzlandwald.de\/bi\/wp-content\/uploads\/2016\/04\/2.jpg 1024w, https:\/\/www.proholzlandwald.de\/bi\/wp-content\/uploads\/2016\/04\/2-300x225.jpg 300w, https:\/\/www.proholzlandwald.de\/bi\/wp-content\/uploads\/2016\/04\/2-768x576.jpg 768w, https:\/\/www.proholzlandwald.de\/bi\/wp-content\/uploads\/2016\/04\/2-705x529.jpg 705w, https:\/\/www.proholzlandwald.de\/bi\/wp-content\/uploads\/2016\/04\/2-450x338.jpg 450w\" data-sizes=\"(max-width: 1024px) 100vw, 1024px\" class='avia_image'  aria-label='2'><img decoding=\"async\" fetchpriority=\"high\" class='wp-image-847 avia-img-lazy-loading-not-847 avia_image ' src=\"https:\/\/www.proholzlandwald.de\/bi\/wp-content\/uploads\/2016\/04\/2-180x180.jpg\" alt='' title='2'  height=\"180\" width=\"180\"  itemprop=\"thumbnailUrl\" srcset=\"https:\/\/www.proholzlandwald.de\/bi\/wp-content\/uploads\/2016\/04\/2-180x180.jpg 180w, https:\/\/www.proholzlandwald.de\/bi\/wp-content\/uploads\/2016\/04\/2-80x80.jpg 80w, https:\/\/www.proholzlandwald.de\/bi\/wp-content\/uploads\/2016\/04\/2-36x36.jpg 36w, https:\/\/www.proholzlandwald.de\/bi\/wp-content\/uploads\/2016\/04\/2-120x120.jpg 120w, https:\/\/www.proholzlandwald.de\/bi\/wp-content\/uploads\/2016\/04\/2-450x450.jpg 450w\" sizes=\"(max-width: 180px) 100vw, 180px\" \/><\/a><\/div><\/div><\/div>\n<p>Der <strong>alte Vorstand wurde einstimmig entlastet.<\/strong><\/p>\n<p><strong>Dr. Mario Voigt<\/strong> machte in seinem Beitrag deutlich, dass die <strong>B\u00fcrgerinitiative stolz sein k\u00f6nne auf das Geleistete im ersten Jahr des Bestehens.<\/strong> Er dankte insbesondere dem Vorsitzenden Dr. Illian und seinem Stellvertreter Vollkhart Pirl f\u00fcr ihr Engagement.<\/p>\n<p>Er <strong>rief auf, weiter am Ball zu bleibe<\/strong>n, auch wenn Tautenhain nicht unmittelbar als Vorrangfl\u00e4chen ausgewiesen seien- Waldeck und Kraftsdorf sind ganz in der N\u00e4he und auch Holzland. Es gehe w<strong>eiterhin darum, Windr\u00e4der im Wald zu verhindern<\/strong>.<\/p>\n<p>Unsere <strong>BI sei ein Paradebeispiel, was B\u00fcrgerinitiativen bewirken k\u00f6nnen<\/strong>, um die Ziele der B\u00fcrger einer Region voranzubringen.<\/p>\n<p>&nbsp;<\/p>\n<p><strong>Als Dank<\/strong> an die Arbeit des scheidenden Vorstandes erhielt <strong>jeder eine Hemlocktanne<\/strong><\/p>\n<p>\u00fcberreicht. Als <strong>Symbol f\u00fcr eine Baum, der in unserer Region erhaltensw\u00fcrdig ist<\/strong>.<\/p>\n<p>weiter zum\u00a0Artikel bei der OTZ.<\/p>\n\n<style type=\"text\/css\" data-created_by=\"avia_inline_auto\" id=\"style-css-av-ev27i-febe67a4a0262910ad3816b49f936e7b\">\n.avia-image-container.av-ev27i-febe67a4a0262910ad3816b49f936e7b img.avia_image{\nbox-shadow:none;\n}\n.avia-image-container.av-ev27i-febe67a4a0262910ad3816b49f936e7b .av-image-caption-overlay-center{\ncolor:#ffffff;\n}\n<\/style>\n<div  class='avia-image-container av-ev27i-febe67a4a0262910ad3816b49f936e7b av-styling- av-hover-grow avia-align-left  avia-builder-el-2  el_after_av_image  el_before_av_gallery '   itemprop=\"image\" itemscope=\"itemscope\" itemtype=\"https:\/\/schema.org\/ImageObject\" ><div class=\"avia-image-container-inner\"><div class=\"avia-image-overlay-wrap\"><a href=\"https:\/\/www.proholzlandwald.de\/bi\/wp-content\/uploads\/2016\/04\/3-3.jpg\" data-srcset=\"https:\/\/www.proholzlandwald.de\/bi\/wp-content\/uploads\/2016\/04\/3-3.jpg 1024w, https:\/\/www.proholzlandwald.de\/bi\/wp-content\/uploads\/2016\/04\/3-3-300x200.jpg 300w, https:\/\/www.proholzlandwald.de\/bi\/wp-content\/uploads\/2016\/04\/3-3-768x512.jpg 768w, https:\/\/www.proholzlandwald.de\/bi\/wp-content\/uploads\/2016\/04\/3-3-705x470.jpg 705w, https:\/\/www.proholzlandwald.de\/bi\/wp-content\/uploads\/2016\/04\/3-3-450x300.jpg 450w\" data-sizes=\"(max-width: 1024px) 100vw, 1024px\" class='avia_image'  aria-label='3'><img decoding=\"async\" fetchpriority=\"high\" class='wp-image-848 avia-img-lazy-loading-not-848 avia_image ' src=\"https:\/\/www.proholzlandwald.de\/bi\/wp-content\/uploads\/2016\/04\/3-3-180x180.jpg\" alt='' title='3'  height=\"180\" width=\"180\"  itemprop=\"thumbnailUrl\" srcset=\"https:\/\/www.proholzlandwald.de\/bi\/wp-content\/uploads\/2016\/04\/3-3-180x180.jpg 180w, https:\/\/www.proholzlandwald.de\/bi\/wp-content\/uploads\/2016\/04\/3-3-80x80.jpg 80w, https:\/\/www.proholzlandwald.de\/bi\/wp-content\/uploads\/2016\/04\/3-3-36x36.jpg 36w, https:\/\/www.proholzlandwald.de\/bi\/wp-content\/uploads\/2016\/04\/3-3-120x120.jpg 120w, https:\/\/www.proholzlandwald.de\/bi\/wp-content\/uploads\/2016\/04\/3-3-450x450.jpg 450w\" sizes=\"(max-width: 180px) 100vw, 180px\" \/><\/a><\/div><\/div><\/div>\n<p>Der<strong> neue Vorstand wurde gew\u00e4hlt<\/strong> und nach erfolgter Satzungs\u00e4nderung<strong> auf 5 Mitglieder<\/strong> erweitert.<\/p>\n<p>Einstimmig zum<strong> neunen Vorsitzenden<\/strong> gew\u00e4hlt wurde <strong>Volkhardt Pirl<\/strong>,\u00a0 neuer<strong> 2. Vorsitzender ist Michael Pfl\u00fcgner.<\/strong><\/p>\n<p>Best\u00e4tigt als <strong>Schriftf\u00fchrerin<\/strong> wurde <strong>Elke Pirl<\/strong>, neue <strong>Schatzmeisterin ist Sylke Jander.<\/strong><\/p>\n<p>Als weiteres <strong>Vorstandsmitglied wurde Dr. Bernd Unger<\/strong> einstimmig gew\u00e4hlt, die insbesondere das <strong>fachliche Knowhow in Sachen Erhaltung und Pflege des Waldes<\/strong> einbringen wird.<\/p>\n<p>&nbsp;<\/p>\n<p>Abschlie\u00dfend <strong>dankte Harald Peter dem alten Vorstand<\/strong> f\u00fcr die engagierte Arbeit und forderte auf, nicht nachzulassen!<\/p>\n<p>Auf einem<strong> Sommerfest<\/strong> (Termin folgt) werden wir <strong>im Kanonengarten<\/strong> alle Mitglieder und Freunde des Holzlandwaldes \u00fcber die aktuellen Akvit\u00e4ten informieren.<\/p>\n\n<style type=\"text\/css\" data-created_by=\"avia_inline_auto\" id=\"style-css-av-6up1a-3191c47189f4bbb0fe0bb2cf29e235de\">\n#top .avia-gallery.av-6up1a-3191c47189f4bbb0fe0bb2cf29e235de .avia-gallery-thumb a{\nwidth:20%;\n}\n<\/style>\n<div  class='avia-gallery av-6up1a-3191c47189f4bbb0fe0bb2cf29e235de avia_animate_when_visible  avia-builder-el-3  el_after_av_image  avia-builder-el-last  avia_lazyload av-slideshow-ui av-loop-manual-endless av-control-hidden av-navigate-arrows av-navigate-dots hover-effect av-control-hidden avia-gallery-animate avia-gallery-1'  itemprop=\"image\" itemscope=\"itemscope\" itemtype=\"https:\/\/schema.org\/ImageObject\" ><meta itemprop=\"contentURL\" content=\"https:\/\/www.proholzlandwald.de\/bi\/jahresmitgliederversammlung-2016\/\"><a class='avia-gallery-big fakeLightbox lightbox avia-gallery-big-crop-thumb ' href=\"https:\/\/www.proholzlandwald.de\/bi\/wp-content\/uploads\/2016\/04\/BI-proholzland-neuer-Vorstand.jpg\" data-srcset=\"https:\/\/www.proholzlandwald.de\/bi\/wp-content\/uploads\/2016\/04\/BI-proholzland-neuer-Vorstand.jpg 1024w, https:\/\/www.proholzlandwald.de\/bi\/wp-content\/uploads\/2016\/04\/BI-proholzland-neuer-Vorstand-300x225.jpg 300w, https:\/\/www.proholzlandwald.de\/bi\/wp-content\/uploads\/2016\/04\/BI-proholzland-neuer-Vorstand-768x576.jpg 768w, https:\/\/www.proholzlandwald.de\/bi\/wp-content\/uploads\/2016\/04\/BI-proholzland-neuer-Vorstand-705x529.jpg 705w, https:\/\/www.proholzlandwald.de\/bi\/wp-content\/uploads\/2016\/04\/BI-proholzland-neuer-Vorstand-450x338.jpg 450w\" data-sizes=\"(max-width: 1024px) 100vw, 1024px\"  data-onclick='1' title='BI proholzland neuer Vorstand' ><span class='avia-gallery-big-inner'  itemprop=\"thumbnailUrl\" ><img decoding=\"async\" fetchpriority=\"high\" class=\"wp-image-871 avia-img-lazy-loading-not-871\"  width=\"495\" height=\"400\" src=\"https:\/\/www.proholzlandwald.de\/bi\/wp-content\/uploads\/2016\/04\/BI-proholzland-neuer-Vorstand-495x400.jpg\" title='BI proholzland neuer Vorstand' alt='' srcset=\"https:\/\/www.proholzlandwald.de\/bi\/wp-content\/uploads\/2016\/04\/BI-proholzland-neuer-Vorstand-495x400.jpg 495w, https:\/\/www.proholzlandwald.de\/bi\/wp-content\/uploads\/2016\/04\/BI-proholzland-neuer-Vorstand-845x684.jpg 845w\" sizes=\"(max-width: 495px) 100vw, 495px\" \/><\/span><\/a><div class='avia-gallery-thumb'><a href=\"https:\/\/www.proholzlandwald.de\/bi\/wp-content\/uploads\/2016\/04\/BI-proholzland-neuer-Vorstand.jpg\" data-srcset=\"https:\/\/www.proholzlandwald.de\/bi\/wp-content\/uploads\/2016\/04\/BI-proholzland-neuer-Vorstand.jpg 1024w, https:\/\/www.proholzlandwald.de\/bi\/wp-content\/uploads\/2016\/04\/BI-proholzland-neuer-Vorstand-300x225.jpg 300w, https:\/\/www.proholzlandwald.de\/bi\/wp-content\/uploads\/2016\/04\/BI-proholzland-neuer-Vorstand-768x576.jpg 768w, https:\/\/www.proholzlandwald.de\/bi\/wp-content\/uploads\/2016\/04\/BI-proholzland-neuer-Vorstand-705x529.jpg 705w, https:\/\/www.proholzlandwald.de\/bi\/wp-content\/uploads\/2016\/04\/BI-proholzland-neuer-Vorstand-450x338.jpg 450w\" data-sizes=\"(max-width: 1024px) 100vw, 1024px\" data-rel='gallery-1' data-prev-img='https:\/\/www.proholzlandwald.de\/bi\/wp-content\/uploads\/2016\/04\/BI-proholzland-neuer-Vorstand-495x400.jpg' class='first_thumb lightbox ' data-onclick='1' title='BI proholzland neuer Vorstand'  itemprop=\"thumbnailUrl\"  ><img decoding=\"async\" fetchpriority=\"high\" class=\"wp-image-871 avia-img-lazy-loading-not-871\"   src=\"https:\/\/www.proholzlandwald.de\/bi\/wp-content\/uploads\/2016\/04\/BI-proholzland-neuer-Vorstand-495x400.jpg\" width=\"495\" height=\"400\"  title='BI proholzland neuer Vorstand' alt='' srcset=\"https:\/\/www.proholzlandwald.de\/bi\/wp-content\/uploads\/2016\/04\/BI-proholzland-neuer-Vorstand-495x400.jpg 495w, https:\/\/www.proholzlandwald.de\/bi\/wp-content\/uploads\/2016\/04\/BI-proholzland-neuer-Vorstand-845x684.jpg 845w\" sizes=\"(max-width: 495px) 100vw, 495px\" \/><div class='big-prev-fake'><img decoding=\"async\" loading=\"lazy\" class=\"wp-image-871 avia-img-lazy-loading-871\"  width=\"495\" height=\"400\" src=\"https:\/\/www.proholzlandwald.de\/bi\/wp-content\/uploads\/2016\/04\/BI-proholzland-neuer-Vorstand-495x400.jpg\" title='BI proholzland neuer Vorstand' alt='' srcset=\"https:\/\/www.proholzlandwald.de\/bi\/wp-content\/uploads\/2016\/04\/BI-proholzland-neuer-Vorstand-495x400.jpg 495w, https:\/\/www.proholzlandwald.de\/bi\/wp-content\/uploads\/2016\/04\/BI-proholzland-neuer-Vorstand-845x684.jpg 845w\" sizes=\"(max-width: 495px) 100vw, 495px\" \/><\/div><\/a><a href=\"https:\/\/www.proholzlandwald.de\/bi\/wp-content\/uploads\/2016\/04\/8a-1.jpg\" data-srcset=\"https:\/\/www.proholzlandwald.de\/bi\/wp-content\/uploads\/2016\/04\/8a-1.jpg 1024w, https:\/\/www.proholzlandwald.de\/bi\/wp-content\/uploads\/2016\/04\/8a-1-300x225.jpg 300w, https:\/\/www.proholzlandwald.de\/bi\/wp-content\/uploads\/2016\/04\/8a-1-768x576.jpg 768w, https:\/\/www.proholzlandwald.de\/bi\/wp-content\/uploads\/2016\/04\/8a-1-705x529.jpg 705w, https:\/\/www.proholzlandwald.de\/bi\/wp-content\/uploads\/2016\/04\/8a-1-450x338.jpg 450w\" data-sizes=\"(max-width: 1024px) 100vw, 1024px\" data-rel='gallery-1' data-prev-img='https:\/\/www.proholzlandwald.de\/bi\/wp-content\/uploads\/2016\/04\/8a-1-495x400.jpg' class='lightbox ' data-onclick='2' title='8a'  itemprop=\"thumbnailUrl\"  ><img decoding=\"async\" fetchpriority=\"high\" class=\"wp-image-866 avia-img-lazy-loading-not-866\"   src=\"https:\/\/www.proholzlandwald.de\/bi\/wp-content\/uploads\/2016\/04\/8a-1-495x400.jpg\" width=\"495\" height=\"400\"  title='8a' alt='' srcset=\"https:\/\/www.proholzlandwald.de\/bi\/wp-content\/uploads\/2016\/04\/8a-1-495x400.jpg 495w, https:\/\/www.proholzlandwald.de\/bi\/wp-content\/uploads\/2016\/04\/8a-1-845x684.jpg 845w\" sizes=\"(max-width: 495px) 100vw, 495px\" \/><div class='big-prev-fake'><img decoding=\"async\" loading=\"lazy\" class=\"wp-image-866 avia-img-lazy-loading-866\"  width=\"495\" height=\"400\" src=\"https:\/\/www.proholzlandwald.de\/bi\/wp-content\/uploads\/2016\/04\/8a-1-495x400.jpg\" title='8a' alt='' srcset=\"https:\/\/www.proholzlandwald.de\/bi\/wp-content\/uploads\/2016\/04\/8a-1-495x400.jpg 495w, https:\/\/www.proholzlandwald.de\/bi\/wp-content\/uploads\/2016\/04\/8a-1-845x684.jpg 845w\" sizes=\"(max-width: 495px) 100vw, 495px\" \/><\/div><\/a><a href=\"https:\/\/www.proholzlandwald.de\/bi\/wp-content\/uploads\/2016\/04\/6-4.jpg\" data-srcset=\"https:\/\/www.proholzlandwald.de\/bi\/wp-content\/uploads\/2016\/04\/6-4.jpg 1024w, https:\/\/www.proholzlandwald.de\/bi\/wp-content\/uploads\/2016\/04\/6-4-300x200.jpg 300w, https:\/\/www.proholzlandwald.de\/bi\/wp-content\/uploads\/2016\/04\/6-4-768x512.jpg 768w, https:\/\/www.proholzlandwald.de\/bi\/wp-content\/uploads\/2016\/04\/6-4-705x470.jpg 705w, https:\/\/www.proholzlandwald.de\/bi\/wp-content\/uploads\/2016\/04\/6-4-450x300.jpg 450w\" data-sizes=\"(max-width: 1024px) 100vw, 1024px\" data-rel='gallery-1' data-prev-img='https:\/\/www.proholzlandwald.de\/bi\/wp-content\/uploads\/2016\/04\/6-4-495x400.jpg' class='lightbox ' data-onclick='3' title='6'  itemprop=\"thumbnailUrl\"  ><img decoding=\"async\" fetchpriority=\"high\" class=\"wp-image-863 avia-img-lazy-loading-not-863\"   src=\"https:\/\/www.proholzlandwald.de\/bi\/wp-content\/uploads\/2016\/04\/6-4-495x400.jpg\" width=\"495\" height=\"400\"  title='6' alt='' srcset=\"https:\/\/www.proholzlandwald.de\/bi\/wp-content\/uploads\/2016\/04\/6-4-495x400.jpg 495w, https:\/\/www.proholzlandwald.de\/bi\/wp-content\/uploads\/2016\/04\/6-4-845x682.jpg 845w\" sizes=\"(max-width: 495px) 100vw, 495px\" \/><div class='big-prev-fake'><img decoding=\"async\" loading=\"lazy\" class=\"wp-image-863 avia-img-lazy-loading-863\"  width=\"495\" height=\"400\" src=\"https:\/\/www.proholzlandwald.de\/bi\/wp-content\/uploads\/2016\/04\/6-4-495x400.jpg\" title='6' alt='' srcset=\"https:\/\/www.proholzlandwald.de\/bi\/wp-content\/uploads\/2016\/04\/6-4-495x400.jpg 495w, https:\/\/www.proholzlandwald.de\/bi\/wp-content\/uploads\/2016\/04\/6-4-845x682.jpg 845w\" sizes=\"(max-width: 495px) 100vw, 495px\" \/><\/div><\/a><a href=\"https:\/\/www.proholzlandwald.de\/bi\/wp-content\/uploads\/2016\/04\/5-4.jpg\" data-srcset=\"https:\/\/www.proholzlandwald.de\/bi\/wp-content\/uploads\/2016\/04\/5-4.jpg 1024w, https:\/\/www.proholzlandwald.de\/bi\/wp-content\/uploads\/2016\/04\/5-4-300x200.jpg 300w, https:\/\/www.proholzlandwald.de\/bi\/wp-content\/uploads\/2016\/04\/5-4-768x512.jpg 768w, https:\/\/www.proholzlandwald.de\/bi\/wp-content\/uploads\/2016\/04\/5-4-705x470.jpg 705w, https:\/\/www.proholzlandwald.de\/bi\/wp-content\/uploads\/2016\/04\/5-4-450x300.jpg 450w\" data-sizes=\"(max-width: 1024px) 100vw, 1024px\" data-rel='gallery-1' data-prev-img='https:\/\/www.proholzlandwald.de\/bi\/wp-content\/uploads\/2016\/04\/5-4-495x400.jpg' class='lightbox ' data-onclick='4' title='5'  itemprop=\"thumbnailUrl\"  ><img decoding=\"async\" fetchpriority=\"high\" class=\"wp-image-862 avia-img-lazy-loading-not-862\"   src=\"https:\/\/www.proholzlandwald.de\/bi\/wp-content\/uploads\/2016\/04\/5-4-495x400.jpg\" width=\"495\" height=\"400\"  title='5' alt='' srcset=\"https:\/\/www.proholzlandwald.de\/bi\/wp-content\/uploads\/2016\/04\/5-4-495x400.jpg 495w, https:\/\/www.proholzlandwald.de\/bi\/wp-content\/uploads\/2016\/04\/5-4-845x683.jpg 845w\" sizes=\"(max-width: 495px) 100vw, 495px\" \/><div class='big-prev-fake'><img decoding=\"async\" loading=\"lazy\" class=\"wp-image-862 avia-img-lazy-loading-862\"  width=\"495\" height=\"400\" src=\"https:\/\/www.proholzlandwald.de\/bi\/wp-content\/uploads\/2016\/04\/5-4-495x400.jpg\" title='5' alt='' srcset=\"https:\/\/www.proholzlandwald.de\/bi\/wp-content\/uploads\/2016\/04\/5-4-495x400.jpg 495w, https:\/\/www.proholzlandwald.de\/bi\/wp-content\/uploads\/2016\/04\/5-4-845x683.jpg 845w\" sizes=\"(max-width: 495px) 100vw, 495px\" \/><\/div><\/a><a href=\"https:\/\/www.proholzlandwald.de\/bi\/wp-content\/uploads\/2016\/04\/4-4.jpg\" data-srcset=\"https:\/\/www.proholzlandwald.de\/bi\/wp-content\/uploads\/2016\/04\/4-4.jpg 1024w, https:\/\/www.proholzlandwald.de\/bi\/wp-content\/uploads\/2016\/04\/4-4-300x200.jpg 300w, https:\/\/www.proholzlandwald.de\/bi\/wp-content\/uploads\/2016\/04\/4-4-768x512.jpg 768w, https:\/\/www.proholzlandwald.de\/bi\/wp-content\/uploads\/2016\/04\/4-4-705x470.jpg 705w, https:\/\/www.proholzlandwald.de\/bi\/wp-content\/uploads\/2016\/04\/4-4-450x300.jpg 450w\" data-sizes=\"(max-width: 1024px) 100vw, 1024px\" data-rel='gallery-1' data-prev-img='https:\/\/www.proholzlandwald.de\/bi\/wp-content\/uploads\/2016\/04\/4-4-495x400.jpg' class='lightbox ' data-onclick='5' title='4'  itemprop=\"thumbnailUrl\"  ><img decoding=\"async\" fetchpriority=\"high\" class=\"wp-image-861 avia-img-lazy-loading-not-861\"   src=\"https:\/\/www.proholzlandwald.de\/bi\/wp-content\/uploads\/2016\/04\/4-4-495x400.jpg\" width=\"495\" height=\"400\"  title='4' alt='' srcset=\"https:\/\/www.proholzlandwald.de\/bi\/wp-content\/uploads\/2016\/04\/4-4-495x400.jpg 495w, https:\/\/www.proholzlandwald.de\/bi\/wp-content\/uploads\/2016\/04\/4-4-845x683.jpg 845w\" sizes=\"(max-width: 495px) 100vw, 495px\" \/><div class='big-prev-fake'><img decoding=\"async\" loading=\"lazy\" class=\"wp-image-861 avia-img-lazy-loading-861\"  width=\"495\" height=\"400\" src=\"https:\/\/www.proholzlandwald.de\/bi\/wp-content\/uploads\/2016\/04\/4-4-495x400.jpg\" title='4' alt='' srcset=\"https:\/\/www.proholzlandwald.de\/bi\/wp-content\/uploads\/2016\/04\/4-4-495x400.jpg 495w, https:\/\/www.proholzlandwald.de\/bi\/wp-content\/uploads\/2016\/04\/4-4-845x683.jpg 845w\" sizes=\"(max-width: 495px) 100vw, 495px\" \/><\/div><\/a><a href=\"https:\/\/www.proholzlandwald.de\/bi\/wp-content\/uploads\/2016\/04\/1a-1.jpg\" data-srcset=\"https:\/\/www.proholzlandwald.de\/bi\/wp-content\/uploads\/2016\/04\/1a-1.jpg 1024w, https:\/\/www.proholzlandwald.de\/bi\/wp-content\/uploads\/2016\/04\/1a-1-300x200.jpg 300w, https:\/\/www.proholzlandwald.de\/bi\/wp-content\/uploads\/2016\/04\/1a-1-768x512.jpg 768w, https:\/\/www.proholzlandwald.de\/bi\/wp-content\/uploads\/2016\/04\/1a-1-705x470.jpg 705w, https:\/\/www.proholzlandwald.de\/bi\/wp-content\/uploads\/2016\/04\/1a-1-450x300.jpg 450w\" data-sizes=\"(max-width: 1024px) 100vw, 1024px\" data-rel='gallery-1' data-prev-img='https:\/\/www.proholzlandwald.de\/bi\/wp-content\/uploads\/2016\/04\/1a-1-495x400.jpg' class='first_thumb lightbox ' data-onclick='6' title='1a'  itemprop=\"thumbnailUrl\"  ><img decoding=\"async\" fetchpriority=\"high\" class=\"wp-image-858 avia-img-lazy-loading-not-858\"   src=\"https:\/\/www.proholzlandwald.de\/bi\/wp-content\/uploads\/2016\/04\/1a-1-495x400.jpg\" width=\"495\" height=\"400\"  title='1a' alt='' srcset=\"https:\/\/www.proholzlandwald.de\/bi\/wp-content\/uploads\/2016\/04\/1a-1-495x400.jpg 495w, https:\/\/www.proholzlandwald.de\/bi\/wp-content\/uploads\/2016\/04\/1a-1-845x683.jpg 845w\" sizes=\"(max-width: 495px) 100vw, 495px\" \/><div class='big-prev-fake'><img decoding=\"async\" loading=\"lazy\" class=\"wp-image-858 avia-img-lazy-loading-858\"  width=\"495\" height=\"400\" src=\"https:\/\/www.proholzlandwald.de\/bi\/wp-content\/uploads\/2016\/04\/1a-1-495x400.jpg\" title='1a' alt='' srcset=\"https:\/\/www.proholzlandwald.de\/bi\/wp-content\/uploads\/2016\/04\/1a-1-495x400.jpg 495w, https:\/\/www.proholzlandwald.de\/bi\/wp-content\/uploads\/2016\/04\/1a-1-845x683.jpg 845w\" sizes=\"(max-width: 495px) 100vw, 495px\" \/><\/div><\/a><a href=\"https:\/\/www.proholzlandwald.de\/bi\/wp-content\/uploads\/2016\/04\/11.jpg\" data-srcset=\"https:\/\/www.proholzlandwald.de\/bi\/wp-content\/uploads\/2016\/04\/11.jpg 1024w, https:\/\/www.proholzlandwald.de\/bi\/wp-content\/uploads\/2016\/04\/11-300x225.jpg 300w, https:\/\/www.proholzlandwald.de\/bi\/wp-content\/uploads\/2016\/04\/11-768x576.jpg 768w, https:\/\/www.proholzlandwald.de\/bi\/wp-content\/uploads\/2016\/04\/11-705x529.jpg 705w, https:\/\/www.proholzlandwald.de\/bi\/wp-content\/uploads\/2016\/04\/11-450x338.jpg 450w\" data-sizes=\"(max-width: 1024px) 100vw, 1024px\" data-rel='gallery-1' data-prev-img='https:\/\/www.proholzlandwald.de\/bi\/wp-content\/uploads\/2016\/04\/11-495x400.jpg' class='lightbox ' data-onclick='7' title='11'  itemprop=\"thumbnailUrl\"  ><img decoding=\"async\" fetchpriority=\"high\" class=\"wp-image-857 avia-img-lazy-loading-not-857\"   src=\"https:\/\/www.proholzlandwald.de\/bi\/wp-content\/uploads\/2016\/04\/11-495x400.jpg\" width=\"495\" height=\"400\"  title='11' alt='' srcset=\"https:\/\/www.proholzlandwald.de\/bi\/wp-content\/uploads\/2016\/04\/11-495x400.jpg 495w, https:\/\/www.proholzlandwald.de\/bi\/wp-content\/uploads\/2016\/04\/11-845x684.jpg 845w\" sizes=\"(max-width: 495px) 100vw, 495px\" \/><div class='big-prev-fake'><img decoding=\"async\" loading=\"lazy\" class=\"wp-image-857 avia-img-lazy-loading-857\"  width=\"495\" height=\"400\" src=\"https:\/\/www.proholzlandwald.de\/bi\/wp-content\/uploads\/2016\/04\/11-495x400.jpg\" title='11' alt='' srcset=\"https:\/\/www.proholzlandwald.de\/bi\/wp-content\/uploads\/2016\/04\/11-495x400.jpg 495w, https:\/\/www.proholzlandwald.de\/bi\/wp-content\/uploads\/2016\/04\/11-845x684.jpg 845w\" sizes=\"(max-width: 495px) 100vw, 495px\" \/><\/div><\/a><a href=\"https:\/\/www.proholzlandwald.de\/bi\/wp-content\/uploads\/2016\/04\/10.jpg\" data-srcset=\"https:\/\/www.proholzlandwald.de\/bi\/wp-content\/uploads\/2016\/04\/10.jpg 1024w, https:\/\/www.proholzlandwald.de\/bi\/wp-content\/uploads\/2016\/04\/10-300x225.jpg 300w, https:\/\/www.proholzlandwald.de\/bi\/wp-content\/uploads\/2016\/04\/10-768x576.jpg 768w, https:\/\/www.proholzlandwald.de\/bi\/wp-content\/uploads\/2016\/04\/10-705x529.jpg 705w, https:\/\/www.proholzlandwald.de\/bi\/wp-content\/uploads\/2016\/04\/10-450x338.jpg 450w\" data-sizes=\"(max-width: 1024px) 100vw, 1024px\" data-rel='gallery-1' data-prev-img='https:\/\/www.proholzlandwald.de\/bi\/wp-content\/uploads\/2016\/04\/10-495x400.jpg' class='lightbox ' data-onclick='8' title='10'  itemprop=\"thumbnailUrl\"  ><img decoding=\"async\" fetchpriority=\"high\" class=\"wp-image-856 avia-img-lazy-loading-not-856\"   src=\"https:\/\/www.proholzlandwald.de\/bi\/wp-content\/uploads\/2016\/04\/10-495x400.jpg\" width=\"495\" height=\"400\"  title='10' alt='' srcset=\"https:\/\/www.proholzlandwald.de\/bi\/wp-content\/uploads\/2016\/04\/10-495x400.jpg 495w, https:\/\/www.proholzlandwald.de\/bi\/wp-content\/uploads\/2016\/04\/10-845x684.jpg 845w\" sizes=\"(max-width: 495px) 100vw, 495px\" \/><div class='big-prev-fake'><img decoding=\"async\" loading=\"lazy\" class=\"wp-image-856 avia-img-lazy-loading-856\"  width=\"495\" height=\"400\" src=\"https:\/\/www.proholzlandwald.de\/bi\/wp-content\/uploads\/2016\/04\/10-495x400.jpg\" title='10' alt='' srcset=\"https:\/\/www.proholzlandwald.de\/bi\/wp-content\/uploads\/2016\/04\/10-495x400.jpg 495w, https:\/\/www.proholzlandwald.de\/bi\/wp-content\/uploads\/2016\/04\/10-845x684.jpg 845w\" sizes=\"(max-width: 495px) 100vw, 495px\" \/><\/div><\/a><a href=\"https:\/\/www.proholzlandwald.de\/bi\/wp-content\/uploads\/2016\/04\/2.jpg\" data-srcset=\"https:\/\/www.proholzlandwald.de\/bi\/wp-content\/uploads\/2016\/04\/2.jpg 1024w, https:\/\/www.proholzlandwald.de\/bi\/wp-content\/uploads\/2016\/04\/2-300x225.jpg 300w, https:\/\/www.proholzlandwald.de\/bi\/wp-content\/uploads\/2016\/04\/2-768x576.jpg 768w, https:\/\/www.proholzlandwald.de\/bi\/wp-content\/uploads\/2016\/04\/2-705x529.jpg 705w, https:\/\/www.proholzlandwald.de\/bi\/wp-content\/uploads\/2016\/04\/2-450x338.jpg 450w\" data-sizes=\"(max-width: 1024px) 100vw, 1024px\" data-rel='gallery-1' data-prev-img='https:\/\/www.proholzlandwald.de\/bi\/wp-content\/uploads\/2016\/04\/2-495x400.jpg' class='lightbox ' data-onclick='9' title='2'  itemprop=\"thumbnailUrl\"  ><img decoding=\"async\" fetchpriority=\"high\" class=\"wp-image-847 avia-img-lazy-loading-not-847\"   src=\"https:\/\/www.proholzlandwald.de\/bi\/wp-content\/uploads\/2016\/04\/2-495x400.jpg\" width=\"495\" height=\"400\"  title='2' alt='' srcset=\"https:\/\/www.proholzlandwald.de\/bi\/wp-content\/uploads\/2016\/04\/2-495x400.jpg 495w, https:\/\/www.proholzlandwald.de\/bi\/wp-content\/uploads\/2016\/04\/2-845x684.jpg 845w\" sizes=\"(max-width: 495px) 100vw, 495px\" \/><div class='big-prev-fake'><img decoding=\"async\" loading=\"lazy\" class=\"wp-image-847 avia-img-lazy-loading-847\"  width=\"495\" height=\"400\" src=\"https:\/\/www.proholzlandwald.de\/bi\/wp-content\/uploads\/2016\/04\/2-495x400.jpg\" title='2' alt='' srcset=\"https:\/\/www.proholzlandwald.de\/bi\/wp-content\/uploads\/2016\/04\/2-495x400.jpg 495w, https:\/\/www.proholzlandwald.de\/bi\/wp-content\/uploads\/2016\/04\/2-845x684.jpg 845w\" sizes=\"(max-width: 495px) 100vw, 495px\" \/><\/div><\/a><a href=\"https:\/\/www.proholzlandwald.de\/bi\/wp-content\/uploads\/2016\/04\/3-3.jpg\" data-srcset=\"https:\/\/www.proholzlandwald.de\/bi\/wp-content\/uploads\/2016\/04\/3-3.jpg 1024w, https:\/\/www.proholzlandwald.de\/bi\/wp-content\/uploads\/2016\/04\/3-3-300x200.jpg 300w, https:\/\/www.proholzlandwald.de\/bi\/wp-content\/uploads\/2016\/04\/3-3-768x512.jpg 768w, https:\/\/www.proholzlandwald.de\/bi\/wp-content\/uploads\/2016\/04\/3-3-705x470.jpg 705w, https:\/\/www.proholzlandwald.de\/bi\/wp-content\/uploads\/2016\/04\/3-3-450x300.jpg 450w\" data-sizes=\"(max-width: 1024px) 100vw, 1024px\" data-rel='gallery-1' data-prev-img='https:\/\/www.proholzlandwald.de\/bi\/wp-content\/uploads\/2016\/04\/3-3-495x400.jpg' class='lightbox ' data-onclick='10' title='3'  itemprop=\"thumbnailUrl\"  ><img decoding=\"async\" fetchpriority=\"high\" class=\"wp-image-848 avia-img-lazy-loading-not-848\"   src=\"https:\/\/www.proholzlandwald.de\/bi\/wp-content\/uploads\/2016\/04\/3-3-495x400.jpg\" width=\"495\" height=\"400\"  title='3' alt='' srcset=\"https:\/\/www.proholzlandwald.de\/bi\/wp-content\/uploads\/2016\/04\/3-3-495x400.jpg 495w, https:\/\/www.proholzlandwald.de\/bi\/wp-content\/uploads\/2016\/04\/3-3-845x683.jpg 845w\" sizes=\"(max-width: 495px) 100vw, 495px\" \/><div class='big-prev-fake'><img decoding=\"async\" loading=\"lazy\" class=\"wp-image-848 avia-img-lazy-loading-848\"  width=\"495\" height=\"400\" src=\"https:\/\/www.proholzlandwald.de\/bi\/wp-content\/uploads\/2016\/04\/3-3-495x400.jpg\" title='3' alt='' srcset=\"https:\/\/www.proholzlandwald.de\/bi\/wp-content\/uploads\/2016\/04\/3-3-495x400.jpg 495w, https:\/\/www.proholzlandwald.de\/bi\/wp-content\/uploads\/2016\/04\/3-3-845x683.jpg 845w\" sizes=\"(max-width: 495px) 100vw, 495px\" \/><\/div><\/a><a href=\"https:\/\/www.proholzlandwald.de\/bi\/wp-content\/uploads\/2016\/04\/4-3.jpg\" data-srcset=\"https:\/\/www.proholzlandwald.de\/bi\/wp-content\/uploads\/2016\/04\/4-3.jpg 1024w, https:\/\/www.proholzlandwald.de\/bi\/wp-content\/uploads\/2016\/04\/4-3-300x200.jpg 300w, https:\/\/www.proholzlandwald.de\/bi\/wp-content\/uploads\/2016\/04\/4-3-768x512.jpg 768w, https:\/\/www.proholzlandwald.de\/bi\/wp-content\/uploads\/2016\/04\/4-3-705x470.jpg 705w, https:\/\/www.proholzlandwald.de\/bi\/wp-content\/uploads\/2016\/04\/4-3-450x300.jpg 450w\" data-sizes=\"(max-width: 1024px) 100vw, 1024px\" data-rel='gallery-1' data-prev-img='https:\/\/www.proholzlandwald.de\/bi\/wp-content\/uploads\/2016\/04\/4-3-495x400.jpg' class='first_thumb lightbox ' data-onclick='11' title='4'  itemprop=\"thumbnailUrl\"  ><img decoding=\"async\" fetchpriority=\"high\" class=\"wp-image-849 avia-img-lazy-loading-not-849\"   src=\"https:\/\/www.proholzlandwald.de\/bi\/wp-content\/uploads\/2016\/04\/4-3-495x400.jpg\" width=\"495\" height=\"400\"  title='4' alt='' srcset=\"https:\/\/www.proholzlandwald.de\/bi\/wp-content\/uploads\/2016\/04\/4-3-495x400.jpg 495w, https:\/\/www.proholzlandwald.de\/bi\/wp-content\/uploads\/2016\/04\/4-3-845x683.jpg 845w\" sizes=\"(max-width: 495px) 100vw, 495px\" \/><div class='big-prev-fake'><img decoding=\"async\" loading=\"lazy\" class=\"wp-image-849 avia-img-lazy-loading-849\"  width=\"495\" height=\"400\" src=\"https:\/\/www.proholzlandwald.de\/bi\/wp-content\/uploads\/2016\/04\/4-3-495x400.jpg\" title='4' alt='' srcset=\"https:\/\/www.proholzlandwald.de\/bi\/wp-content\/uploads\/2016\/04\/4-3-495x400.jpg 495w, https:\/\/www.proholzlandwald.de\/bi\/wp-content\/uploads\/2016\/04\/4-3-845x683.jpg 845w\" sizes=\"(max-width: 495px) 100vw, 495px\" \/><\/div><\/a><a href=\"https:\/\/www.proholzlandwald.de\/bi\/wp-content\/uploads\/2016\/04\/5-3.jpg\" data-srcset=\"https:\/\/www.proholzlandwald.de\/bi\/wp-content\/uploads\/2016\/04\/5-3.jpg 1024w, https:\/\/www.proholzlandwald.de\/bi\/wp-content\/uploads\/2016\/04\/5-3-300x200.jpg 300w, https:\/\/www.proholzlandwald.de\/bi\/wp-content\/uploads\/2016\/04\/5-3-768x512.jpg 768w, https:\/\/www.proholzlandwald.de\/bi\/wp-content\/uploads\/2016\/04\/5-3-705x470.jpg 705w, https:\/\/www.proholzlandwald.de\/bi\/wp-content\/uploads\/2016\/04\/5-3-450x300.jpg 450w\" data-sizes=\"(max-width: 1024px) 100vw, 1024px\" data-rel='gallery-1' data-prev-img='https:\/\/www.proholzlandwald.de\/bi\/wp-content\/uploads\/2016\/04\/5-3-495x400.jpg' class='lightbox ' data-onclick='12' title='5'  itemprop=\"thumbnailUrl\"  ><img decoding=\"async\" fetchpriority=\"high\" class=\"wp-image-850 avia-img-lazy-loading-not-850\"   src=\"https:\/\/www.proholzlandwald.de\/bi\/wp-content\/uploads\/2016\/04\/5-3-495x400.jpg\" width=\"495\" height=\"400\"  title='5' alt='' srcset=\"https:\/\/www.proholzlandwald.de\/bi\/wp-content\/uploads\/2016\/04\/5-3-495x400.jpg 495w, https:\/\/www.proholzlandwald.de\/bi\/wp-content\/uploads\/2016\/04\/5-3-845x683.jpg 845w\" sizes=\"(max-width: 495px) 100vw, 495px\" \/><div class='big-prev-fake'><img decoding=\"async\" loading=\"lazy\" class=\"wp-image-850 avia-img-lazy-loading-850\"  width=\"495\" height=\"400\" src=\"https:\/\/www.proholzlandwald.de\/bi\/wp-content\/uploads\/2016\/04\/5-3-495x400.jpg\" title='5' alt='' srcset=\"https:\/\/www.proholzlandwald.de\/bi\/wp-content\/uploads\/2016\/04\/5-3-495x400.jpg 495w, https:\/\/www.proholzlandwald.de\/bi\/wp-content\/uploads\/2016\/04\/5-3-845x683.jpg 845w\" sizes=\"(max-width: 495px) 100vw, 495px\" \/><\/div><\/a><a href=\"https:\/\/www.proholzlandwald.de\/bi\/wp-content\/uploads\/2016\/04\/7.jpg\" data-srcset=\"https:\/\/www.proholzlandwald.de\/bi\/wp-content\/uploads\/2016\/04\/7.jpg 1024w, https:\/\/www.proholzlandwald.de\/bi\/wp-content\/uploads\/2016\/04\/7-300x225.jpg 300w, https:\/\/www.proholzlandwald.de\/bi\/wp-content\/uploads\/2016\/04\/7-768x576.jpg 768w, https:\/\/www.proholzlandwald.de\/bi\/wp-content\/uploads\/2016\/04\/7-705x529.jpg 705w, https:\/\/www.proholzlandwald.de\/bi\/wp-content\/uploads\/2016\/04\/7-450x338.jpg 450w\" data-sizes=\"(max-width: 1024px) 100vw, 1024px\" data-rel='gallery-1' data-prev-img='https:\/\/www.proholzlandwald.de\/bi\/wp-content\/uploads\/2016\/04\/7-495x400.jpg' class='lightbox ' data-onclick='13' title='7'  itemprop=\"thumbnailUrl\"  ><img decoding=\"async\" fetchpriority=\"high\" class=\"wp-image-852 avia-img-lazy-loading-not-852\"   src=\"https:\/\/www.proholzlandwald.de\/bi\/wp-content\/uploads\/2016\/04\/7-495x400.jpg\" width=\"495\" height=\"400\"  title='7' alt='' srcset=\"https:\/\/www.proholzlandwald.de\/bi\/wp-content\/uploads\/2016\/04\/7-495x400.jpg 495w, https:\/\/www.proholzlandwald.de\/bi\/wp-content\/uploads\/2016\/04\/7-845x684.jpg 845w\" sizes=\"(max-width: 495px) 100vw, 495px\" \/><div class='big-prev-fake'><img decoding=\"async\" loading=\"lazy\" class=\"wp-image-852 avia-img-lazy-loading-852\"  width=\"495\" height=\"400\" src=\"https:\/\/www.proholzlandwald.de\/bi\/wp-content\/uploads\/2016\/04\/7-495x400.jpg\" title='7' alt='' srcset=\"https:\/\/www.proholzlandwald.de\/bi\/wp-content\/uploads\/2016\/04\/7-495x400.jpg 495w, https:\/\/www.proholzlandwald.de\/bi\/wp-content\/uploads\/2016\/04\/7-845x684.jpg 845w\" sizes=\"(max-width: 495px) 100vw, 495px\" \/><\/div><\/a><a href=\"https:\/\/www.proholzlandwald.de\/bi\/wp-content\/uploads\/2016\/04\/8.jpg\" data-srcset=\"https:\/\/www.proholzlandwald.de\/bi\/wp-content\/uploads\/2016\/04\/8.jpg 1024w, https:\/\/www.proholzlandwald.de\/bi\/wp-content\/uploads\/2016\/04\/8-300x225.jpg 300w, https:\/\/www.proholzlandwald.de\/bi\/wp-content\/uploads\/2016\/04\/8-768x576.jpg 768w, https:\/\/www.proholzlandwald.de\/bi\/wp-content\/uploads\/2016\/04\/8-705x529.jpg 705w, https:\/\/www.proholzlandwald.de\/bi\/wp-content\/uploads\/2016\/04\/8-450x338.jpg 450w\" data-sizes=\"(max-width: 1024px) 100vw, 1024px\" data-rel='gallery-1' data-prev-img='https:\/\/www.proholzlandwald.de\/bi\/wp-content\/uploads\/2016\/04\/8-495x400.jpg' class='lightbox ' data-onclick='14' title='8'  itemprop=\"thumbnailUrl\"  ><img decoding=\"async\" fetchpriority=\"high\" class=\"wp-image-853 avia-img-lazy-loading-not-853\"   src=\"https:\/\/www.proholzlandwald.de\/bi\/wp-content\/uploads\/2016\/04\/8-495x400.jpg\" width=\"495\" height=\"400\"  title='8' alt='' srcset=\"https:\/\/www.proholzlandwald.de\/bi\/wp-content\/uploads\/2016\/04\/8-495x400.jpg 495w, https:\/\/www.proholzlandwald.de\/bi\/wp-content\/uploads\/2016\/04\/8-845x684.jpg 845w\" sizes=\"(max-width: 495px) 100vw, 495px\" \/><div class='big-prev-fake'><img decoding=\"async\" loading=\"lazy\" class=\"wp-image-853 avia-img-lazy-loading-853\"  width=\"495\" height=\"400\" src=\"https:\/\/www.proholzlandwald.de\/bi\/wp-content\/uploads\/2016\/04\/8-495x400.jpg\" title='8' alt='' srcset=\"https:\/\/www.proholzlandwald.de\/bi\/wp-content\/uploads\/2016\/04\/8-495x400.jpg 495w, https:\/\/www.proholzlandwald.de\/bi\/wp-content\/uploads\/2016\/04\/8-845x684.jpg 845w\" sizes=\"(max-width: 495px) 100vw, 495px\" \/><\/div><\/a><a href=\"https:\/\/www.proholzlandwald.de\/bi\/wp-content\/uploads\/2016\/04\/9.jpg\" data-srcset=\"https:\/\/www.proholzlandwald.de\/bi\/wp-content\/uploads\/2016\/04\/9.jpg 1024w, https:\/\/www.proholzlandwald.de\/bi\/wp-content\/uploads\/2016\/04\/9-300x200.jpg 300w, https:\/\/www.proholzlandwald.de\/bi\/wp-content\/uploads\/2016\/04\/9-768x512.jpg 768w, https:\/\/www.proholzlandwald.de\/bi\/wp-content\/uploads\/2016\/04\/9-705x470.jpg 705w, https:\/\/www.proholzlandwald.de\/bi\/wp-content\/uploads\/2016\/04\/9-450x300.jpg 450w\" data-sizes=\"(max-width: 1024px) 100vw, 1024px\" data-rel='gallery-1' data-prev-img='https:\/\/www.proholzlandwald.de\/bi\/wp-content\/uploads\/2016\/04\/9-495x400.jpg' class='lightbox ' data-onclick='15' title='9'  itemprop=\"thumbnailUrl\"  ><img decoding=\"async\" fetchpriority=\"high\" class=\"wp-image-855 avia-img-lazy-loading-not-855\"   src=\"https:\/\/www.proholzlandwald.de\/bi\/wp-content\/uploads\/2016\/04\/9-495x400.jpg\" width=\"495\" height=\"400\"  title='9' alt='' srcset=\"https:\/\/www.proholzlandwald.de\/bi\/wp-content\/uploads\/2016\/04\/9-495x400.jpg 495w, https:\/\/www.proholzlandwald.de\/bi\/wp-content\/uploads\/2016\/04\/9-845x683.jpg 845w\" sizes=\"(max-width: 495px) 100vw, 495px\" \/><div class='big-prev-fake'><img decoding=\"async\" loading=\"lazy\" class=\"wp-image-855 avia-img-lazy-loading-855\"  width=\"495\" height=\"400\" src=\"https:\/\/www.proholzlandwald.de\/bi\/wp-content\/uploads\/2016\/04\/9-495x400.jpg\" title='9' alt='' srcset=\"https:\/\/www.proholzlandwald.de\/bi\/wp-content\/uploads\/2016\/04\/9-495x400.jpg 495w, https:\/\/www.proholzlandwald.de\/bi\/wp-content\/uploads\/2016\/04\/9-845x683.jpg 845w\" sizes=\"(max-width: 495px) 100vw, 495px\" \/><\/div><\/a><\/div><\/div>\n","protected":false},"excerpt":{"rendered":"<p>Die Jahresmitgliederversammlung unserer BI fand am 12.4.2016 im Gasthaus zur Kanone statt. Vor 35 anwesenden Mitgliedern, Herrn Dr. Mario Voigt (stellv. Landesvorsitzender der CDU und Mitglied im Th\u00fcringer Landtag) als Gast und dem Vertreter der Presse Herrn Schott (OTZ) er\u00f6ffnete der amtierende Vorsitzende Volkhardt Pirl. Im Rechenschaftsbericht machte der zur\u00fcckgetretenen 1. Vorstand Dr. Illian deutlich, [&hellip;]<\/p>\n","protected":false},"author":4,"featured_media":903,"comment_status":"open","ping_status":"open","sticky":false,"template":"","format":"standard","meta":{"footnotes":""},"categories":[1,19],"tags":[4,10,5,69],"yoast_head":"<!-- This site is optimized with the Yoast SEO plugin v22.3 - https:\/\/yoast.com\/wordpress\/plugins\/seo\/ -->\n<title>Mitgliederversammlung 2016 - ProHolzlandwald.de<\/title>\n<meta name=\"robots\" content=\"index, follow, max-snippet:-1, max-image-preview:large, max-video-preview:-1\" \/>\n<link rel=\"canonical\" href=\"https:\/\/www.proholzlandwald.de\/bi\/jahresmitgliederversammlung-2016\/\" \/>\n<meta property=\"og:locale\" content=\"de_DE\" \/>\n<meta property=\"og:type\" content=\"article\" \/>\n<meta property=\"og:title\" content=\"Mitgliederversammlung 2016 - ProHolzlandwald.de\" \/>\n<meta property=\"og:description\" content=\"Die Jahresmitgliederversammlung unserer BI fand am 12.4.2016 im Gasthaus zur Kanone statt. Vor 35 anwesenden Mitgliedern, Herrn Dr. Mario Voigt (stellv. Landesvorsitzender der CDU und Mitglied im Th\u00fcringer Landtag) als Gast und dem Vertreter der Presse Herrn Schott (OTZ) er\u00f6ffnete der amtierende Vorsitzende Volkhardt Pirl. Im Rechenschaftsbericht machte der zur\u00fcckgetretenen 1. Vorstand Dr. Illian deutlich, [&hellip;]\" \/>\n<meta property=\"og:url\" content=\"https:\/\/www.proholzlandwald.de\/bi\/jahresmitgliederversammlung-2016\/\" \/>\n<meta property=\"og:site_name\" content=\"ProHolzlandwald.de\" \/>\n<meta property=\"article:published_time\" content=\"2016-04-14T08:41:20+00:00\" \/>\n<meta property=\"article:modified_time\" content=\"2019-04-30T19:26:52+00:00\" \/>\n<meta property=\"og:image\" content=\"https:\/\/www.proholzlandwald.de\/bi\/wp-content\/uploads\/2016\/04\/BI-proholzland-neuer-Vorstand_title.jpg\" \/>\n\t<meta property=\"og:image:width\" content=\"929\" \/>\n\t<meta property=\"og:image:height\" content=\"355\" \/>\n\t<meta property=\"og:image:type\" content=\"image\/jpeg\" \/>\n<meta name=\"author\" content=\"Michael Pfl\u00fcgner\" \/>\n<meta name=\"twitter:card\" content=\"summary_large_image\" \/>\n<meta name=\"twitter:label1\" content=\"Verfasst von\" \/>\n\t<meta name=\"twitter:data1\" content=\"Michael Pfl\u00fcgner\" \/>\n\t<meta name=\"twitter:label2\" content=\"Gesch\u00e4tzte Lesezeit\" \/>\n\t<meta name=\"twitter:data2\" content=\"4\u00a0Minuten\" \/>\n<script type=\"application\/ld+json\" class=\"yoast-schema-graph\">{\"@context\":\"https:\/\/schema.org\",\"@graph\":[{\"@type\":\"WebPage\",\"@id\":\"https:\/\/www.proholzlandwald.de\/bi\/jahresmitgliederversammlung-2016\/\",\"url\":\"https:\/\/www.proholzlandwald.de\/bi\/jahresmitgliederversammlung-2016\/\",\"name\":\"Mitgliederversammlung 2016 - ProHolzlandwald.de\",\"isPartOf\":{\"@id\":\"https:\/\/www.proholzlandwald.de\/bi\/#website\"},\"primaryImageOfPage\":{\"@id\":\"https:\/\/www.proholzlandwald.de\/bi\/jahresmitgliederversammlung-2016\/#primaryimage\"},\"image\":{\"@id\":\"https:\/\/www.proholzlandwald.de\/bi\/jahresmitgliederversammlung-2016\/#primaryimage\"},\"thumbnailUrl\":\"https:\/\/www.proholzlandwald.de\/bi\/wp-content\/uploads\/2016\/04\/BI-proholzland-neuer-Vorstand_title.jpg\",\"datePublished\":\"2016-04-14T08:41:20+00:00\",\"dateModified\":\"2019-04-30T19:26:52+00:00\",\"author\":{\"@id\":\"https:\/\/www.proholzlandwald.de\/bi\/#\/schema\/person\/cd5f9c7e94d039b01b70c54b2610c0cd\"},\"breadcrumb\":{\"@id\":\"https:\/\/www.proholzlandwald.de\/bi\/jahresmitgliederversammlung-2016\/#breadcrumb\"},\"inLanguage\":\"de\",\"potentialAction\":[{\"@type\":\"ReadAction\",\"target\":[\"https:\/\/www.proholzlandwald.de\/bi\/jahresmitgliederversammlung-2016\/\"]}]},{\"@type\":\"ImageObject\",\"inLanguage\":\"de\",\"@id\":\"https:\/\/www.proholzlandwald.de\/bi\/jahresmitgliederversammlung-2016\/#primaryimage\",\"url\":\"https:\/\/www.proholzlandwald.de\/bi\/wp-content\/uploads\/2016\/04\/BI-proholzland-neuer-Vorstand_title.jpg\",\"contentUrl\":\"https:\/\/www.proholzlandwald.de\/bi\/wp-content\/uploads\/2016\/04\/BI-proholzland-neuer-Vorstand_title.jpg\",\"width\":929,\"height\":355},{\"@type\":\"BreadcrumbList\",\"@id\":\"https:\/\/www.proholzlandwald.de\/bi\/jahresmitgliederversammlung-2016\/#breadcrumb\",\"itemListElement\":[{\"@type\":\"ListItem\",\"position\":1,\"name\":\"Startseite\",\"item\":\"https:\/\/www.proholzlandwald.de\/bi\/startseite-2\/\"},{\"@type\":\"ListItem\",\"position\":2,\"name\":\"Mitgliederversammlung 2016\"}]},{\"@type\":\"WebSite\",\"@id\":\"https:\/\/www.proholzlandwald.de\/bi\/#website\",\"url\":\"https:\/\/www.proholzlandwald.de\/bi\/\",\"name\":\"ProHolzlandwald.de\",\"description\":\"B\u00fcrgerinitiative ProHolzlandwald\",\"potentialAction\":[{\"@type\":\"SearchAction\",\"target\":{\"@type\":\"EntryPoint\",\"urlTemplate\":\"https:\/\/www.proholzlandwald.de\/bi\/?s={search_term_string}\"},\"query-input\":\"required name=search_term_string\"}],\"inLanguage\":\"de\"},{\"@type\":\"Person\",\"@id\":\"https:\/\/www.proholzlandwald.de\/bi\/#\/schema\/person\/cd5f9c7e94d039b01b70c54b2610c0cd\",\"name\":\"Michael Pfl\u00fcgner\",\"url\":\"https:\/\/www.proholzlandwald.de\/bi\/author\/mp\/\"}]}<\/script>\n<!-- \/ Yoast SEO plugin. -->","yoast_head_json":{"title":"Mitgliederversammlung 2016 - ProHolzlandwald.de","robots":{"index":"index","follow":"follow","max-snippet":"max-snippet:-1","max-image-preview":"max-image-preview:large","max-video-preview":"max-video-preview:-1"},"canonical":"https:\/\/www.proholzlandwald.de\/bi\/jahresmitgliederversammlung-2016\/","og_locale":"de_DE","og_type":"article","og_title":"Mitgliederversammlung 2016 - ProHolzlandwald.de","og_description":"Die Jahresmitgliederversammlung unserer BI fand am 12.4.2016 im Gasthaus zur Kanone statt. Vor 35 anwesenden Mitgliedern, Herrn Dr. Mario Voigt (stellv. Landesvorsitzender der CDU und Mitglied im Th\u00fcringer Landtag) als Gast und dem Vertreter der Presse Herrn Schott (OTZ) er\u00f6ffnete der amtierende Vorsitzende Volkhardt Pirl. Im Rechenschaftsbericht machte der zur\u00fcckgetretenen 1. Vorstand Dr. Illian deutlich, [&hellip;]","og_url":"https:\/\/www.proholzlandwald.de\/bi\/jahresmitgliederversammlung-2016\/","og_site_name":"ProHolzlandwald.de","article_published_time":"2016-04-14T08:41:20+00:00","article_modified_time":"2019-04-30T19:26:52+00:00","og_image":[{"width":929,"height":355,"url":"https:\/\/www.proholzlandwald.de\/bi\/wp-content\/uploads\/2016\/04\/BI-proholzland-neuer-Vorstand_title.jpg","type":"image\/jpeg"}],"author":"Michael Pfl\u00fcgner","twitter_card":"summary_large_image","twitter_misc":{"Verfasst von":"Michael Pfl\u00fcgner","Gesch\u00e4tzte Lesezeit":"4\u00a0Minuten"},"schema":{"@context":"https:\/\/schema.org","@graph":[{"@type":"WebPage","@id":"https:\/\/www.proholzlandwald.de\/bi\/jahresmitgliederversammlung-2016\/","url":"https:\/\/www.proholzlandwald.de\/bi\/jahresmitgliederversammlung-2016\/","name":"Mitgliederversammlung 2016 - ProHolzlandwald.de","isPartOf":{"@id":"https:\/\/www.proholzlandwald.de\/bi\/#website"},"primaryImageOfPage":{"@id":"https:\/\/www.proholzlandwald.de\/bi\/jahresmitgliederversammlung-2016\/#primaryimage"},"image":{"@id":"https:\/\/www.proholzlandwald.de\/bi\/jahresmitgliederversammlung-2016\/#primaryimage"},"thumbnailUrl":"https:\/\/www.proholzlandwald.de\/bi\/wp-content\/uploads\/2016\/04\/BI-proholzland-neuer-Vorstand_title.jpg","datePublished":"2016-04-14T08:41:20+00:00","dateModified":"2019-04-30T19:26:52+00:00","author":{"@id":"https:\/\/www.proholzlandwald.de\/bi\/#\/schema\/person\/cd5f9c7e94d039b01b70c54b2610c0cd"},"breadcrumb":{"@id":"https:\/\/www.proholzlandwald.de\/bi\/jahresmitgliederversammlung-2016\/#breadcrumb"},"inLanguage":"de","potentialAction":[{"@type":"ReadAction","target":["https:\/\/www.proholzlandwald.de\/bi\/jahresmitgliederversammlung-2016\/"]}]},{"@type":"ImageObject","inLanguage":"de","@id":"https:\/\/www.proholzlandwald.de\/bi\/jahresmitgliederversammlung-2016\/#primaryimage","url":"https:\/\/www.proholzlandwald.de\/bi\/wp-content\/uploads\/2016\/04\/BI-proholzland-neuer-Vorstand_title.jpg","contentUrl":"https:\/\/www.proholzlandwald.de\/bi\/wp-content\/uploads\/2016\/04\/BI-proholzland-neuer-Vorstand_title.jpg","width":929,"height":355},{"@type":"BreadcrumbList","@id":"https:\/\/www.proholzlandwald.de\/bi\/jahresmitgliederversammlung-2016\/#breadcrumb","itemListElement":[{"@type":"ListItem","position":1,"name":"Startseite","item":"https:\/\/www.proholzlandwald.de\/bi\/startseite-2\/"},{"@type":"ListItem","position":2,"name":"Mitgliederversammlung 2016"}]},{"@type":"WebSite","@id":"https:\/\/www.proholzlandwald.de\/bi\/#website","url":"https:\/\/www.proholzlandwald.de\/bi\/","name":"ProHolzlandwald.de","description":"B\u00fcrgerinitiative ProHolzlandwald","potentialAction":[{"@type":"SearchAction","target":{"@type":"EntryPoint","urlTemplate":"https:\/\/www.proholzlandwald.de\/bi\/?s={search_term_string}"},"query-input":"required name=search_term_string"}],"inLanguage":"de"},{"@type":"Person","@id":"https:\/\/www.proholzlandwald.de\/bi\/#\/schema\/person\/cd5f9c7e94d039b01b70c54b2610c0cd","name":"Michael Pfl\u00fcgner","url":"https:\/\/www.proholzlandwald.de\/bi\/author\/mp\/"}]}},"_links":{"self":[{"href":"https:\/\/www.proholzlandwald.de\/bi\/wp-json\/wp\/v2\/posts\/822"}],"collection":[{"href":"https:\/\/www.proholzlandwald.de\/bi\/wp-json\/wp\/v2\/posts"}],"about":[{"href":"https:\/\/www.proholzlandwald.de\/bi\/wp-json\/wp\/v2\/types\/post"}],"author":[{"embeddable":true,"href":"https:\/\/www.proholzlandwald.de\/bi\/wp-json\/wp\/v2\/users\/4"}],"replies":[{"embeddable":true,"href":"https:\/\/www.proholzlandwald.de\/bi\/wp-json\/wp\/v2\/comments?post=822"}],"version-history":[{"count":15,"href":"https:\/\/www.proholzlandwald.de\/bi\/wp-json\/wp\/v2\/posts\/822\/revisions"}],"predecessor-version":[{"id":1844,"href":"https:\/\/www.proholzlandwald.de\/bi\/wp-json\/wp\/v2\/posts\/822\/revisions\/1844"}],"wp:featuredmedia":[{"embeddable":true,"href":"https:\/\/www.proholzlandwald.de\/bi\/wp-json\/wp\/v2\/media\/903"}],"wp:attachment":[{"href":"https:\/\/www.proholzlandwald.de\/bi\/wp-json\/wp\/v2\/media?parent=822"}],"wp:term":[{"taxonomy":"category","embeddable":true,"href":"https:\/\/www.proholzlandwald.de\/bi\/wp-json\/wp\/v2\/categories?post=822"},{"taxonomy":"post_tag","embeddable":true,"href":"https:\/\/www.proholzlandwald.de\/bi\/wp-json\/wp\/v2\/tags?post=822"}],"curies":[{"name":"wp","href":"https:\/\/api.w.org\/{rel}","templated":true}]}}